{"id":152515,"date":"2025-06-04T22:50:14","date_gmt":"2025-06-04T22:50:14","guid":{"rendered":"https:\/\/www.europesays.com\/fr\/152515\/"},"modified":"2025-06-04T22:50:14","modified_gmt":"2025-06-04T22:50:14","slug":"national-2-pourquoi-les-girondins-de-bordeaux-risquent-de-vivre-lenfer-selon-samuel-vaslin","status":"publish","type":"post","link":"https:\/\/www.europesays.com\/fr\/152515\/","title":{"rendered":"National 2 : Pourquoi les Girondins de Bordeaux risquent de vivre l&rsquo;enfer selon Samuel Vaslin ?"},"content":{"rendered":"<p><img decoding=\"async\" src=\"https:\/\/www.europesays.com\/fr\/wp-content\/uploads\/2025\/04\/671_3ed6f393cc6b6d86c649fadf816f90c0.jpg\" alt=\"National 2 : Pourquoi les Girondins de Bordeaux risquent de vivre l'enfer selon Samuel Vaslin ?\" class=\"img-responsive mt-3\"\/><\/p>\n<p class=\"text-center mb-3\" style=\"font-size: 14px\">\u00a9 Iconsport<\/p>\n<p style=\"text-align: justify;\">\u00c9coutez ses propos ou lisez-les :<\/p>\n<p><strong>\u201cCe sera un nouveau All in\u201d<\/strong><\/p>\n<p style=\"text-align: justify;\">Samuel Vaslin dans le <a href=\"https:\/\/www.youtube.com\/watch?v=yvIFAVXtylQ&amp;t=6170s\" target=\"_blank\" rel=\"noopener\">Talk sur WebGirondins<\/a> : \u201cImaginons le sc\u00e9nario o\u00f9 G\u00e9rard Lopez passe le tribunal du commerce et que son plan de continuation soit adopt\u00e9. Ce n&rsquo;est pas l&rsquo;id\u00e9al, mais encore une fois, tu n&rsquo;es pas liquid\u00e9. Ce n&rsquo;est pas une mauvaise nouvelle de ne pas \u00eatre liquid\u00e9. \u00c7a veut dire que, et c&rsquo;est ce que je dis depuis bient\u00f4t six mois, on refait la m\u00eame saison que l&rsquo;an dernier en Nationale 2. All in, pas le choix et c\u2019est \u201ccaca-culotte\u201d \u00e0 chaque match parce que tu ne joues pas seulement un match de football. Tu n&rsquo;as pas le droit \u00e0 l&rsquo;erreur. Tu dois toujours prendre les points.\u00a0\u00bb<\/p>\n<p><strong>\u201c\u00c0 l&rsquo;avenir tr\u00e8s court terme, il n&rsquo;y a rien d&rsquo;encourageant\u201d<\/strong><\/p>\n<p>\u00a0<\/p>\n<p style=\"text-align: justify;\">\u00ab\u00a0Que se passe-t-il g\u00e9n\u00e9ralement dans ce cas-l\u00e0 ? Tu vas chercher des joueurs qui peuvent te rassurer avec leur nom ou avec leurs statistiques et tu ne construis rien. On l&rsquo;a vu l&rsquo;an dernier, les r\u00e9sultats ne sont pas fameux, voire d\u00e9vastateurs. On esp\u00e8re se tromper, mais c&rsquo;est vrai qu&rsquo;encore une fois, \u00e0 l&rsquo;avenir tr\u00e8s court terme, il n&rsquo;y a rien d&rsquo;encourageant. Au contraire, il y a juste un cauchemar \u00e0 revivre.\u201d<\/p>\n<p style=\"text-align: justify;\">Aujourd&rsquo;hui, Bordeaux a pris des contacts pour recruter le meilleur buteur du groupe B, <a href=\"https:\/\/www.webgirondins.com\/actualite-girondins-mercato-girondins-shelton-guillaume-et-djibril-khouma-dans-le-viseur-129306\" target=\"_blank\" rel=\"noopener\">Shelton Guillaume, et le d\u00e9fenseur central de La Roche VF Djibril Khouma<\/a>.<\/p>\n<p>\u00c0 lire &gt;&gt;\u00a0<strong><a href=\"https:\/\/www.webgirondins.com\/actualite-girondins-girondins-le-plan-de-gerard-lopez-leake-bruno-fievet-denonce-des-chiffres-grotesques-129282\" target=\"_blank\" rel=\"noopener\">Girondins : Le plan de G\u00e9rard Lopez leak\u00e9, Bruno Fievet d\u00e9nonce des \u00ab\u00a0chiffres grotesques\u00a0\u00bb<\/a><br \/><\/strong><\/p>\n<p style=\"text-align: justify;\">\u00a0<\/p>\n","protected":false},"excerpt":{"rendered":"\u00a9 Iconsport \u00c9coutez ses propos ou lisez-les : \u201cCe sera un nouveau All in\u201d Samuel Vaslin dans le&hellip;\n","protected":false},"author":2,"featured_media":39689,"comment_status":"","ping_status":"","sticky":false,"template":"","format":"standard","meta":{"footnotes":""},"categories":[2817],"tags":[1111,11,19352,28206,1997,9421,5244,7026,8790,1777,674,1011,27,8294,1987,2957,8295,3238,12,2219,7555,25,3138,28207,28205,9863,15298,9775,9937,19455,9864,3681],"class_list":{"0":"post-152515","1":"post","2":"type-post","3":"status-publish","4":"format-standard","5":"has-post-thumbnail","7":"category-bordeaux","8":"tag-actu","9":"tag-actualites","10":"tag-alarme","11":"tag-appreterait","12":"tag-bordeaux","13":"tag-cauchemar","14":"tag-club","15":"tag-commandes","16":"tag-enfer","17":"tag-eu","18":"tag-europe","19":"tag-fr","20":"tag-france","21":"tag-gerard","22":"tag-girondins","23":"tag-journaliste","24":"tag-lopez","25":"tag-national","26":"tag-news","27":"tag-nouvelle-aquitaine","28":"tag-pourquoi","29":"tag-republique-francaise","30":"tag-reste","31":"tag-revivre","32":"tag-risquent","33":"tag-samuel","34":"tag-selon","35":"tag-sonnette","36":"tag-specialiste","37":"tag-tire","38":"tag-vaslin","39":"tag-vivre"},"share_on_mastodon":{"url":"https:\/\/pubeurope.com\/@fr\/114627544618073951","error":""},"_links":{"self":[{"href":"https:\/\/www.europesays.com\/fr\/wp-json\/wp\/v2\/posts\/152515","targetHints":{"allow":["GET"]}}],"collection":[{"href":"https:\/\/www.europesays.com\/fr\/wp-json\/wp\/v2\/posts"}],"about":[{"href":"https:\/\/www.europesays.com\/fr\/wp-json\/wp\/v2\/types\/post"}],"author":[{"embeddable":true,"href":"https:\/\/www.europesays.com\/fr\/wp-json\/wp\/v2\/users\/2"}],"replies":[{"embeddable":true,"href":"https:\/\/www.europesays.com\/fr\/wp-json\/wp\/v2\/comments?post=152515"}],"version-history":[{"count":0,"href":"https:\/\/www.europesays.com\/fr\/wp-json\/wp\/v2\/posts\/152515\/revisions"}],"wp:featuredmedia":[{"embeddable":true,"href":"https:\/\/www.europesays.com\/fr\/wp-json\/wp\/v2\/media\/39689"}],"wp:attachment":[{"href":"https:\/\/www.europesays.com\/fr\/wp-json\/wp\/v2\/media?parent=152515"}],"wp:term":[{"taxonomy":"category","embeddable":true,"href":"https:\/\/www.europesays.com\/fr\/wp-json\/wp\/v2\/categories?post=152515"},{"taxonomy":"post_tag","embeddable":true,"href":"https:\/\/www.europesays.com\/fr\/wp-json\/wp\/v2\/tags?post=152515"}],"curies":[{"name":"wp","href":"https:\/\/api.w.org\/{rel}","templated":true}]}}