{"id":152520,"date":"2025-06-04T22:53:09","date_gmt":"2025-06-04T22:53:09","guid":{"rendered":"https:\/\/www.europesays.com\/fr\/152520\/"},"modified":"2025-06-04T22:53:09","modified_gmt":"2025-06-04T22:53:09","slug":"journee-mondiale-de-lenvironnement-en-hauts-de-france-on-agit-au-quotidien","status":"publish","type":"post","link":"https:\/\/www.europesays.com\/fr\/152520\/","title":{"rendered":"Journ\u00e9e mondiale de l\u2019environnement : en Hauts-de-France, on agit au quotidien"},"content":{"rendered":"<p>\u00c0 l\u2019occasion de la Journ\u00e9e mondiale de l\u2019environnement, la R\u00e9gion Hauts-de-France r\u00e9affirme son engagement en faveur de la pr\u00e9servation de la biodiversit\u00e9, de la lutte contre le changement climatique et de l\u2019am\u00e9lioration du cadre de vie de ses habitants.\n<\/p>\n<p>Depuis plusieurs ann\u00e9es, la R\u00e9gion Hauts-de-France multiplie les actions concr\u00e8tes pour construire un territoire plus vert, plus r\u00e9silient et plus durable. D\u00e9couvrez quelques-unes de ces actions !<\/p>\n<p>Hauts-de-France Nature : \u00e0 la d\u00e9couverte des tr\u00e9sors naturels r\u00e9gionaux<\/p>\n<p>Successeur du Festival Arbre et Nature, <a href=\"https:\/\/www.hautsdefrance.fr\/hauts-de-france-nature\/\" rel=\"nofollow noopener\" target=\"_blank\">Hauts-de-France Nature<\/a> invite tous les curieux \u00e0 explorer les merveilles de la nature r\u00e9gionale. Anim\u00e9e conjointement par la R\u00e9gion et le <a href=\"https:\/\/www.cen-hautsdefrance.org\/\" rel=\"nofollow noopener\" target=\"_blank\">Conservatoire d\u2019espaces naturels<\/a>, cette op\u00e9ration propose jusqu\u2019au 15 juin 2025 des \u00e9v\u00e9nements accompagn\u00e9s par des experts passionn\u00e9s.<\/p>\n<p>L\u2019objectif ? Sensibiliser, \u00e9merveiller et inciter \u00e0 la protection de notre patrimoine naturel. Retrouvez toutes les informations sur le site internet d\u00e9di\u00e9 : <a href=\"https:\/\/www.hautsdefrance-nature.fr\/\" rel=\"nofollow noopener\" target=\"_blank\">hautsdefrance-nature.fr<\/a><\/p>\n<p>rev3 : les Hauts-de-France se transforment<\/p>\n<p>Depuis 2013, la <a href=\"https:\/\/rev3.hautsdefrance.fr\/\" rel=\"nofollow noopener\" target=\"_blank\">dynamique rev3<\/a> fait des Hauts-de-France un territoire pionnier de la transition \u00e9nerg\u00e9tique. Port\u00e9e par la R\u00e9gion et la <a href=\"https:\/\/hautsdefrance.cci.fr\/\" rel=\"nofollow noopener\" target=\"_blank\">CCI Hauts-de-France<\/a>, elle r\u00e9unit entreprises, collectivit\u00e9s, chercheurs et citoyens autour de plus de nombreux projets innovants.<\/p>\n<p>Avec sa feuille de route 2022-2027, rev3 est devenu le fil rouge de l\u2019ensemble des actions r\u00e9gionales, pour accompagner la transformation \u00e9conomique et \u00e9cologique des Hauts-de-France et b\u00e2tir une soci\u00e9t\u00e9 plus durable \u00e0 l\u2019horizon 2050.<\/p>\n<p>La nature prend racine avec le Plan Arbre<\/p>\n<p>Les arbres, v\u00e9ritables alli\u00e9s contre le changement climatique, sont au c\u0153ur d\u2019un <a href=\"https:\/\/www.hautsdefrance.fr\/le-plan-arbre-hdf\/\" rel=\"nofollow noopener\" target=\"_blank\">plan ambitieux men\u00e9 par la R\u00e9gion<\/a>. Objectif : planter massivement des essences locales sur tout le territoire, notamment dans les lyc\u00e9es. La R\u00e9gion propose ainsi <a href=\"https:\/\/guide-aides.hautsdefrance.fr\/dispositif884\" rel=\"nofollow noopener\" target=\"_blank\">une subvention \u00e0 hauteur de 90 % pour l\u2019achat de plants et protections<\/a>, dans la limite de 10\u20ac par plant, aux collectivit\u00e9s, associations et acteurs publics engag\u00e9s.<\/p>\n<p>Trame verte et bleue : un maillage \u00e9cologique essentiel<\/p>\n<p>La R\u00e9gion soutient activement <a href=\"https:\/\/www.trameverteetbleue.fr\/\" rel=\"nofollow noopener\" target=\"_blank\">la Trame verte et bleue<\/a>, un outil d\u2019am\u00e9nagement durable visant \u00e0 pr\u00e9server les corridors \u00e9cologiques tout en conciliant activit\u00e9s humaines et biodiversit\u00e9. Elle contribue aussi \u00e0 la restauration de zones humides, \u00e0 la plantation sur les propri\u00e9t\u00e9s publiques et \u00e0 la sauvegarde de r\u00e9serves naturelles.<\/p>\n<p>Sensibiliser les jeunes aux enjeux environnementaux<\/p>\n<p>Parce que l\u2019avenir se construit d\u00e8s le plus jeune \u00e2ge, le programme <a href=\"https:\/\/www.hautsdefrance.fr\/journee-mondiale-de-lenvironnement-la-region-hauts-de-france-agit-chaque-jour-pour-la-planete\/G\u00e9n\u00e9ration+%20Lyc\u00e9e%20et%20Nature\" rel=\"nofollow noopener\" target=\"_blank\">G\u00e9n\u00e9ration+ Lyc\u00e9e et Nature<\/a> permet aux lyc\u00e9ens de devenir acteurs de la transition \u00e9cologique. Cr\u00e9ation d\u2019\u00e9co-jardins, inventaires de la faune et flore, plantations, refuges pour la biodiversit\u00e9\u2026 Des projets concrets pour une \u00e9ducation \u00e0 l\u2019environnement au c\u0153ur des \u00e9tablissements.<\/p>\n<p>Hauts-de-France Propres : un \u00e9lan collectif<\/p>\n<p>Les 14, 15 et 16 mars derniers, 104\u00a0000 personnes ont particip\u00e9 \u00e0 la <a href=\"https:\/\/www.hautsdefrance.fr\/hauts-de-france-propres-2025-tous-mobilises-les-14-15-et-16-mars\/\" rel=\"nofollow noopener\" target=\"_blank\">7e \u00e9dition de Hauts-de-France Propres<\/a>. Gr\u00e2ce \u00e0 cet \u00e9lan citoyen, ce sont 9 083 m\u00b3 de d\u00e9chets qui ont \u00e9t\u00e9 ramass\u00e9s sur tout le territoire : rivi\u00e8res, plages, for\u00eats, villes et campagnes. 1 948 points de ramassage ont \u00e9t\u00e9 organis\u00e9s aux quatre coins des Hauts-de-France, d\u00e9montrant un \u00e9lan de solidarit\u00e9 exceptionnel.<\/p>\n<p><a href=\"https:\/\/www.hautsdefrance.fr\/hauts-de-france-propres-2024-une-mobilisation-record\/\" rel=\"nofollow noopener\" target=\"_blank\">Pour rappel, l\u2019ann\u00e9e 2024 \u00e9tait d\u00e9j\u00e0 une ann\u00e9e record<\/a>\u00a0avec plus de 101 000 habitants mobilis\u00e9s, 2 000 points de collecte et 9 083 m\u00b3 de d\u00e9chets ramass\u00e9s, cette septi\u00e8me \u00e9dition a \u00e9t\u00e9 encore plus exceptionnelle !<\/p>\n<p>Pr\u00e9server l\u2019eau<\/p>\n<p>La R\u00e9gion soutient les \u00e9tudes et travaux li\u00e9s \u00e0 la gestion durable de l\u2019eau, notamment \u00e0 travers <a href=\"https:\/\/www.adopta.fr\/\" rel=\"nofollow noopener\" target=\"_blank\">l\u2019association ADOPTA<\/a>. L\u2019objectif est clair : pr\u00e9venir les inondations, prot\u00e9ger la ressource et sensibiliser les usagers \u00e0 des usages plus responsables.<\/p>\n<p>S\u2019informer pour mieux agir<\/p>\n<p>Vous souhaitez en savoir plus sur les actions r\u00e9gionales en faveur de l&rsquo;environnement et de la biodiversit\u00e9 en Hauts-de-France ? Deux plateformes sont \u00e0 votre disposition :<\/p>\n","protected":false},"excerpt":{"rendered":"\u00c0 l\u2019occasion de la Journ\u00e9e mondiale de l\u2019environnement, la R\u00e9gion Hauts-de-France r\u00e9affirme son engagement en faveur de la&hellip;\n","protected":false},"author":2,"featured_media":152521,"comment_status":"","ping_status":"","sticky":false,"template":"","format":"standard","meta":{"footnotes":""},"categories":[2815],"tags":[1111,11,436,1777,674,1011,27,811,1307,12,25,28208],"class_list":{"0":"post-152520","1":"post","2":"type-post","3":"status-publish","4":"format-standard","5":"has-post-thumbnail","7":"category-lille","8":"tag-actu","9":"tag-actualites","10":"tag-environnement","11":"tag-eu","12":"tag-europe","13":"tag-fr","14":"tag-france","15":"tag-hauts-de-france","16":"tag-lille","17":"tag-news","18":"tag-republique-francaise","19":"tag-rev3"},"share_on_mastodon":{"url":"https:\/\/pubeurope.com\/@fr\/114627556381629431","error":""},"_links":{"self":[{"href":"https:\/\/www.europesays.com\/fr\/wp-json\/wp\/v2\/posts\/152520","targetHints":{"allow":["GET"]}}],"collection":[{"href":"https:\/\/www.europesays.com\/fr\/wp-json\/wp\/v2\/posts"}],"about":[{"href":"https:\/\/www.europesays.com\/fr\/wp-json\/wp\/v2\/types\/post"}],"author":[{"embeddable":true,"href":"https:\/\/www.europesays.com\/fr\/wp-json\/wp\/v2\/users\/2"}],"replies":[{"embeddable":true,"href":"https:\/\/www.europesays.com\/fr\/wp-json\/wp\/v2\/comments?post=152520"}],"version-history":[{"count":0,"href":"https:\/\/www.europesays.com\/fr\/wp-json\/wp\/v2\/posts\/152520\/revisions"}],"wp:featuredmedia":[{"embeddable":true,"href":"https:\/\/www.europesays.com\/fr\/wp-json\/wp\/v2\/media\/152521"}],"wp:attachment":[{"href":"https:\/\/www.europesays.com\/fr\/wp-json\/wp\/v2\/media?parent=152520"}],"wp:term":[{"taxonomy":"category","embeddable":true,"href":"https:\/\/www.europesays.com\/fr\/wp-json\/wp\/v2\/categories?post=152520"},{"taxonomy":"post_tag","embeddable":true,"href":"https:\/\/www.europesays.com\/fr\/wp-json\/wp\/v2\/tags?post=152520"}],"curies":[{"name":"wp","href":"https:\/\/api.w.org\/{rel}","templated":true}]}}