{"id":152522,"date":"2025-06-04T22:54:09","date_gmt":"2025-06-04T22:54:09","guid":{"rendered":"https:\/\/www.europesays.com\/fr\/152522\/"},"modified":"2025-06-04T22:54:09","modified_gmt":"2025-06-04T22:54:09","slug":"fiesta-evenements-ville-de-lille-adresses-horaires-calendriers-et-histoire","status":"publish","type":"post","link":"https:\/\/www.europesays.com\/fr\/152522\/","title":{"rendered":"Fiesta ! \/ \u00c9v\u00e9nements &#8211; Ville de Lille : adresses, horaires, calendriers et histoire"},"content":{"rendered":"<p>\n                                                                        Le 21 juin 2025<br \/>\n\t\t\t\t\t\t\t\t\t\t\tde 16h00 \u00e0 18h00\n\t\t\t\t\t                                        <\/p>\n<p class=\"subtitle\">\u00e0 <strong><br \/>\nGrand Sud<\/strong><\/p>\n<p>Repr\u00e9sentation du Samedi 21 Juin \u00e0 14h<\/p>\n<p>            <img loading=\"lazy\" decoding=\"async\" src=\"\/var\/www\/storage\/images\/mediatheque\/mairie-de-lille\/images-openagenda\/fiesta3\/3780636-1-fre-FR\/Fiesta_news_image_top.jpg\" width=\"582\" height=\"582\" alt=\"Fiesta !\"\/><\/p>\n<p>\nFiesta ! Traverser, cr\u00e9er, persister \u2013 une danse int\u00e9rieure<br \/>Cette ann\u00e9e, le d\u00e9partement danse du CRR de Lille a c\u00e9l\u00e9br\u00e9, \u00e0 sa mani\u00e8re, le th\u00e8me propos\u00e9 par Lille 3000 : en cr\u00e9ant, en partageant, en osant. Pas une f\u00eate tapageuse, mais une fiesta du travail, de l\u2019apprentissage, de l\u2019\u00e9lan collectif. Une ann\u00e9e o\u00f9 chaque \u00e9l\u00e8ve a pu avancer \u00e0 son rythme, explorer, grandir.<br \/>Car ici, la danse n\u2019est pas un simple r\u00e9sultat, c\u2019est un processus. Fiesta !, c\u2019est une c\u00e9l\u00e9bration de ce que chacun a construit avec exigence, cr\u00e9ativit\u00e9 et pers\u00e9v\u00e9rance \u2014 que ce soit sur sc\u00e8ne, en studio, ou au fil de projets qui ont m\u00eal\u00e9 les arts, les g\u00e9n\u00e9rations et les technologies.<br \/>Cette dynamique s\u2019est incarn\u00e9e \u00e0 travers de nombreuses exp\u00e9riences : le Junior Ballet, rayonnant sur plusieurs sc\u00e8nes du territoire ; des cr\u00e9ations transversales avec les \u00e9l\u00e8ves en th\u00e9\u00e2tre ou musique ; des immersions dans les danses baroques par la r\u00e9alit\u00e9 virtuelle ; ou encore Folies Baroques, projet f\u00e9d\u00e9rateur r\u00e9unissant plus de 300 participants.<br \/>Des plus jeunes qui d\u00e9couvrent les bases avec curiosit\u00e9, aux \u00e9l\u00e8ves en fin de cycle qui franchissent de nouvelles \u00e9tapes, chacun a v\u00e9cu \u00e0 sa mani\u00e8re des moments-cl\u00e9s : projets d\u2019ouverture, examens r\u00e9ussis, d\u00e9parts vers des \u00e9coles sup\u00e9rieures\u2026 autant de jalons qui ont ponctu\u00e9 l\u2019ann\u00e9e comme autant de petites f\u00eates int\u00e9rieures.<br \/>Aujourd\u2019hui, Fiesta ! est le prolongement naturel de cette dynamique. Ce n\u2019est pas un spectacle \u00e0 admirer de loin, mais une f\u00eate partag\u00e9e, une mani\u00e8re de faire vivre sur sc\u00e8ne le chemin de chacun. Car danser, ici, c\u2019est avant tout oser \u00eatre soi, avec les autres.<br \/>Merci \u00e0 toutes et tous \u2013 \u00e9l\u00e8ves, professeurs, partenaires, familles \u2013 pour cette ann\u00e9e riche, humaine, et profond\u00e9ment vivante.<br \/>Et vivement la suite de cette aventure, avec la m\u00eame \u00e9nergie, curiosit\u00e9 et exigence\u2026 Fiesta !<\/p>\n<p>        \t\t                        Infos pratiques<\/p>\n<p>                    Adresse<\/p>\n<p>50 rue de l&rsquo;Europe, lille<\/p>\n<p>                                                            Voir le plan<\/p>\n<p>\n                    PublicsDe  \u00e0  ans<\/p>\n<p>                            Horaires<\/p>\n<p class=\"textAlone\">Le 21\/06\/2025 de 16:00 \u00e0 18:00<\/p>\n","protected":false},"excerpt":{"rendered":"Le 21 juin 2025 de 16h00 \u00e0 18h00 \u00e0 Grand Sud Repr\u00e9sentation du Samedi 21 Juin \u00e0 14h&hellip;\n","protected":false},"author":2,"featured_media":152523,"comment_status":"","ping_status":"","sticky":false,"template":"","format":"standard","meta":{"footnotes":""},"categories":[2815],"tags":[1111,11,4763,1777,674,1011,27,811,1307,5415,12,25],"class_list":{"0":"post-152522","1":"post","2":"type-post","3":"status-publish","4":"format-standard","5":"has-post-thumbnail","7":"category-lille","8":"tag-actu","9":"tag-actualites","10":"tag-agenda","11":"tag-eu","12":"tag-europe","13":"tag-fr","14":"tag-france","15":"tag-hauts-de-france","16":"tag-lille","17":"tag-mairie","18":"tag-news","19":"tag-republique-francaise"},"share_on_mastodon":{"url":"https:\/\/pubeurope.com\/@fr\/114627560395363635","error":""},"_links":{"self":[{"href":"https:\/\/www.europesays.com\/fr\/wp-json\/wp\/v2\/posts\/152522","targetHints":{"allow":["GET"]}}],"collection":[{"href":"https:\/\/www.europesays.com\/fr\/wp-json\/wp\/v2\/posts"}],"about":[{"href":"https:\/\/www.europesays.com\/fr\/wp-json\/wp\/v2\/types\/post"}],"author":[{"embeddable":true,"href":"https:\/\/www.europesays.com\/fr\/wp-json\/wp\/v2\/users\/2"}],"replies":[{"embeddable":true,"href":"https:\/\/www.europesays.com\/fr\/wp-json\/wp\/v2\/comments?post=152522"}],"version-history":[{"count":0,"href":"https:\/\/www.europesays.com\/fr\/wp-json\/wp\/v2\/posts\/152522\/revisions"}],"wp:featuredmedia":[{"embeddable":true,"href":"https:\/\/www.europesays.com\/fr\/wp-json\/wp\/v2\/media\/152523"}],"wp:attachment":[{"href":"https:\/\/www.europesays.com\/fr\/wp-json\/wp\/v2\/media?parent=152522"}],"wp:term":[{"taxonomy":"category","embeddable":true,"href":"https:\/\/www.europesays.com\/fr\/wp-json\/wp\/v2\/categories?post=152522"},{"taxonomy":"post_tag","embeddable":true,"href":"https:\/\/www.europesays.com\/fr\/wp-json\/wp\/v2\/tags?post=152522"}],"curies":[{"name":"wp","href":"https:\/\/api.w.org\/{rel}","templated":true}]}}