{"id":152526,"date":"2025-06-04T22:56:14","date_gmt":"2025-06-04T22:56:14","guid":{"rendered":"https:\/\/www.europesays.com\/fr\/152526\/"},"modified":"2025-06-04T22:56:14","modified_gmt":"2025-06-04T22:56:14","slug":"les-parlementaires-tenteront-de-saccorder-sur-la-reforme-le-17-juin","status":"publish","type":"post","link":"https:\/\/www.europesays.com\/fr\/152526\/","title":{"rendered":"les parlementaires tenteront de s&rsquo;accorder sur la r\u00e9forme le 17 juin"},"content":{"rendered":"<p class=\"rev-margin-0 rev-text-xs-normal\">La loi PLM pr\u00e9voit des r\u00e8gles \u00e9lectorales diff\u00e9rentes \u00e0 Paris, Lyon et Marseille, pour l&rsquo;\u00e9lection du maire.<\/p>\n<p class=\"rev-margin-0 rev-text-xs-bold\">Photo d&rsquo;archives Nicolas Vallauri<\/p>\n<p>Le gouvernement a convoqu\u00e9 pour le 17 juin une commission mixte paritaire (CMP) r\u00e9unissant d\u00e9put\u00e9s et s\u00e9nateurs charg\u00e9s de d\u00e9gager un compromis sur <a href=\"https:\/\/www.laprovence.com\/article\/politique\/3736259529568214\/la-reforme-des-municipales-a-marseille-dans-lorniere\" target=\"_blank\" rel=\"noopener\">la r\u00e9forme contest\u00e9e du scrutin municipal \u00e0 Paris, Lyon et Marseille<\/a>, malgr\u00e9 <a href=\"https:\/\/www.laprovence.com\/article\/politique\/38874631215682\/municipales-2026-le-senat-soppose-massivement-a-la-reforme-du-scrutin-a-paris-lyon-et-marseille\" target=\"_blank\" rel=\"noopener\">l&rsquo;opposition du S\u00e9nat<\/a>, a-t-on appris ce mercredi 4 juin de sources parlementaires, confirmant une information du <a href=\"https:\/\/www.leparisien.fr\/\" target=\"_blank\" rel=\"noopener\">Parisien<\/a>.<\/p>\n<p>La r\u00e9union de cette CMP aura lieu le mardi 17 juin \u00e0 9h30 au S\u00e9nat, a indiqu\u00e9 l&rsquo;une de ces sources parlementaires.\u00a0<\/p>\n<p>Processus habituel au Parlement<\/p>\n<p>Cette proposition de loi d&rsquo;origine macroniste, <a href=\"https:\/\/www.laprovence.com\/article\/politique\/2012159322271315\/municipales-a-marseille-la-reforme-du-mode-de-scrutin-adoptee-a-lassemblee\" target=\"_blank\" rel=\"noopener\">adopt\u00e9e par l&rsquo;Assembl\u00e9e nationale<\/a> mais nettement rejet\u00e9e par les s\u00e9nateurs, est particuli\u00e8rement scrut\u00e9e car elle scinde le camp gouvernemental : <a href=\"https:\/\/www.laprovence.com\/article\/politique\/97090791990773\/francois-bayrou-devient-le-premier-ministre-le-plus-age-de-la-ve-republique\" target=\"_blank\" rel=\"noopener\">le Premier ministre Fran\u00e7ois Bayrou<\/a> la d\u00e9fend tout comme le camp macroniste, mais la droite au S\u00e9nat y est tr\u00e8s hostile.<\/p>\n<p>Apr\u00e8s avoir obtenu mardi le rejet massif du texte \u00e0 la chambre haute, les s\u00e9nateurs LR avaient en effet appel\u00e9 le gouvernement \u00e0 renoncer \u00e0 cette r\u00e9forme qu&rsquo;ils jugent pr\u00e9cipit\u00e9e, un coup de semonce suppl\u00e9mentaire apr\u00e8s avoir d\u00e9j\u00e0 dit leur opposition \u00e0 l&rsquo;introduction du scrutin proportionnel aux l\u00e9gislatives.<\/p>\n<p>Mais l&rsquo;ex\u00e9cutif a fait le choix de poursuivre la navette parlementaire avec la convocation de cette CMP. Il s&rsquo;agit l\u00e0 d&rsquo;un processus tout \u00e0 fait habituel au Parlement apr\u00e8s une lecture dans chacune des deux chambres. N\u00e9anmoins, sous Fran\u00e7ois Bayrou, cela n&rsquo;avait jamais \u00e9t\u00e9 le cas pour un texte rejet\u00e9 au S\u00e9nat, chambre alli\u00e9e du gouvernement.<\/p>\n<p>La CMP, compos\u00e9e de sept s\u00e9nateurs et sept d\u00e9put\u00e9s qui forment un miroir des rapports de force des deux chambres, tentera d&rsquo;aboutir \u00e0 une version commune du texte. Si c&rsquo;est le cas, le texte d\u00e9finitif devra ensuite \u00eatre soumis \u00e0 un ultime vote des deux chambres, une man\u0153uvre risqu\u00e9e.<\/p>\n<p>\u00ab\u00a0C&rsquo;est en CMP que pourrait \u00eatre trouv\u00e9 le chemin d&rsquo;un compromis\u00a0\u00bb, avait assur\u00e9 dans l&rsquo;apr\u00e8s-midi mercredi Patrick Mignola, ministre des Relations avec le Parlement.<\/p>\n<p>S&rsquo;il n&rsquo;y a pas d&rsquo;accord, le gouvernement peut toujours, s&rsquo;il le souhaite, donner le dernier mot \u00e0 l&rsquo;Assembl\u00e9e nationale, o\u00f9 le camp macroniste, La France insoumise et le Rassemblement national s&rsquo;\u00e9taient alli\u00e9s pour adopter la r\u00e9forme.<\/p>\n<p>La r\u00e9forme, qui vise \u00e0 rapprocher les \u00e9lecteurs du choix de leur maire \u00e0 Paris, Lyon et Marseille, mettrait fin au mode de scrutin mis en place en 1982 dans la loi PLM, en vertu duquel les \u00e9lecteurs de ces trois villes votent dans chaque arrondissement pour une liste de conseillers, les \u00e9lus du haut de la liste si\u00e9geant au conseil d&rsquo;arrondissement et au conseil municipal.<\/p>\n<p><img alt=\"\" loading=\"lazy\" width=\"18\" height=\"18\" decoding=\"async\" data-nimg=\"1\" class=\"mx-[8px]\" style=\"color:transparent\" src=\"https:\/\/www.europesays.com\/fr\/wp-content\/uploads\/2025\/04\/comment.b95dda91.svg.svg+xml\"\/>D\u00e9marrez la conversation<\/p>\n<p class=\"text-[1.8rem] mt-[32px]\">Votre opinion compte pour nous. Rejoignez la communaut\u00e9 laprovence.com en r\u00e9agissant sur l&rsquo;article Municipales \u00e0 Paris, Lyon, Marseille : les parlementaires tenteront de s&rsquo;accorder sur la r\u00e9forme le 17 juin.<\/p>\n","protected":false},"excerpt":{"rendered":"La loi PLM pr\u00e9voit des r\u00e8gles \u00e9lectorales diff\u00e9rentes \u00e0 Paris, Lyon et Marseille, pour l&rsquo;\u00e9lection du maire. Photo&hellip;\n","protected":false},"author":2,"featured_media":152527,"comment_status":"","ping_status":"","sticky":false,"template":"","format":"standard","meta":{"footnotes":""},"categories":[2814],"tags":[17,1111,11,1777,674,1011,27,151,2428,884,3554,12,626,13311,316,882,25,28210],"class_list":{"0":"post-152526","1":"post","2":"type-post","3":"status-publish","4":"format-standard","5":"has-post-thumbnail","7":"category-marseille","8":"tag-17","9":"tag-actu","10":"tag-actualites","11":"tag-eu","12":"tag-europe","13":"tag-fr","14":"tag-france","15":"tag-les","16":"tag-lyon","17":"tag-marseille","18":"tag-municipales","19":"tag-news","20":"tag-paris","21":"tag-parlementaires","22":"tag-politique","23":"tag-provence-alpes-cote-dazur","24":"tag-republique-francaise","25":"tag-tenteront"},"share_on_mastodon":{"url":"https:\/\/pubeurope.com\/@fr\/114627568169579464","error":""},"_links":{"self":[{"href":"https:\/\/www.europesays.com\/fr\/wp-json\/wp\/v2\/posts\/152526","targetHints":{"allow":["GET"]}}],"collection":[{"href":"https:\/\/www.europesays.com\/fr\/wp-json\/wp\/v2\/posts"}],"about":[{"href":"https:\/\/www.europesays.com\/fr\/wp-json\/wp\/v2\/types\/post"}],"author":[{"embeddable":true,"href":"https:\/\/www.europesays.com\/fr\/wp-json\/wp\/v2\/users\/2"}],"replies":[{"embeddable":true,"href":"https:\/\/www.europesays.com\/fr\/wp-json\/wp\/v2\/comments?post=152526"}],"version-history":[{"count":0,"href":"https:\/\/www.europesays.com\/fr\/wp-json\/wp\/v2\/posts\/152526\/revisions"}],"wp:featuredmedia":[{"embeddable":true,"href":"https:\/\/www.europesays.com\/fr\/wp-json\/wp\/v2\/media\/152527"}],"wp:attachment":[{"href":"https:\/\/www.europesays.com\/fr\/wp-json\/wp\/v2\/media?parent=152526"}],"wp:term":[{"taxonomy":"category","embeddable":true,"href":"https:\/\/www.europesays.com\/fr\/wp-json\/wp\/v2\/categories?post=152526"},{"taxonomy":"post_tag","embeddable":true,"href":"https:\/\/www.europesays.com\/fr\/wp-json\/wp\/v2\/tags?post=152526"}],"curies":[{"name":"wp","href":"https:\/\/api.w.org\/{rel}","templated":true}]}}