{"id":152528,"date":"2025-06-04T22:57:15","date_gmt":"2025-06-04T22:57:15","guid":{"rendered":"https:\/\/www.europesays.com\/fr\/152528\/"},"modified":"2025-06-04T22:57:15","modified_gmt":"2025-06-04T22:57:15","slug":"lyon-un-incendie-provoque-un-gros-panache-de-fumee-visible-depuis-le-peripherique","status":"publish","type":"post","link":"https:\/\/www.europesays.com\/fr\/152528\/","title":{"rendered":"Lyon. Un incendie provoque un gros panache de fum\u00e9e visible depuis le p\u00e9riph\u00e9rique"},"content":{"rendered":"<p>            Par<br \/>\n        <strong><br \/>\n            <a href=\"https:\/\/actu.fr\/auteur\/anthony-soudani\" title=\"Consulter tous les articles de Anthony Soudani\" target=\"_blank\" rel=\"noopener\">Anthony Soudani<\/a><br \/>\n        <\/strong><\/p>\n<p>        Publi\u00e9 le<\/p>\n<p>            4 juin 2025 \u00e0 17h52        <\/p>\n<p>Une \u00e9paisse fum\u00e9e a \u00e9t\u00e9 vue par de nombreux automobilistes depuis le p\u00e9riph\u00e9rique de <a href=\"https:\/\/actu.fr\/lyon\/\" target=\"_blank\" rel=\"noopener\">Lyon<\/a>, au niveau de V\u00e9nissieux, ce mercredi 4 juin entre 16h et 17h.<\/p>\n<p>Un incendie de camion frigorifique<\/p>\n<p class=\" wall-content\">Les sapeurs-pompiers sont intervenus rue Andr\u00e9-Sentuc pour l\u2019<a href=\"https:\/\/actu.fr\/tag\/incendie\" target=\"_blank\" rel=\"noopener\">incendie<\/a> d\u2019un camion frigorifique. Le feu a rapidement \u00e9t\u00e9 ma\u00eetris\u00e9. Un seul camion incendie a \u00e9t\u00e9 n\u00e9cessaire pour en venir \u00e0 bout.\u00a0<\/p>\n<p>    <img   decoding=\"async\" loading=\"lazy\" src=\"https:\/\/www.europesays.com\/fr\/wp-content\/uploads\/2025\/06\/camion-frigorifique-en-feu-960x640.jpg\" alt=\"Un camion frigorifique a pris feu \u00e0 V\u00e9nissieux.\" width=\"960\" height=\"640\"\/><br \/>\n    Un camion frigorifique a pris feu \u00e0 V\u00e9nissieux. (\u00a9Medave Prod \/ actu Lyon)<br \/>\n    <a href=\"https:\/\/www.google.com\/maps\/embed?pb=!1m18!1m12!1m3!1d2786.125542753379!2d4.867792576616981!3d45.708518217103645!2m3!1f0!2f0!3f0!3m2!1i1024!2i768!4f13.1!3m3!1m2!1s0x47f4c20c350e3c01%3A0x7d81bd7841714b3e!2sRue%20Andr%C3%A9%20Sentuc%2C%2069200%20V%C3%A9nissieux!5e0!3m2!1sfr!2sfr!4v1749051601296!5m2!1sfr!2sfr\" title=\"Ouvrie le lien\" target=\"_blank\" rel=\"noopener\">Cliquez ici pour visualiser le contenu<\/a><\/p>\n<p class=\" wall-content\">Il n\u2019y a pas eu de victime, selon nos informations. La fum\u00e9e gris fonc\u00e9 a, elle, persist\u00e9 dans le ciel de l\u2019est lyonnais.\u00a0<\/p>\n<p class=\" wall-content\">Suivez toute l\u2019actualit\u00e9 de vos villes et m\u00e9dias favoris en vous inscrivant \u00e0 <a href=\"https:\/\/moncompte.actu.fr\" title=\"D\u00e9couvez Mon Actu\" rel=\"nofollow noopener\" data-trk=\"{&quot;cta&quot;:{&quot;action&quot;:&quot;https:\\\/\\\/moncompte.actu.fr&quot;,&quot;category&quot;:&quot;mon compte&quot;,&quot;from&quot;:&quot;article footer&quot;,&quot;name&quot;:&quot;Mon actu&quot;,&quot;type&quot;:&quot;cta&quot;}}\" target=\"_blank\">Mon Actu<\/a>.<\/p>\n","protected":false},"excerpt":{"rendered":"Par Anthony Soudani Publi\u00e9 le 4 juin 2025 \u00e0 17h52 Une \u00e9paisse fum\u00e9e a \u00e9t\u00e9 vue par de&hellip;\n","protected":false},"author":2,"featured_media":152529,"comment_status":"","ping_status":"","sticky":false,"template":"","format":"standard","meta":{"footnotes":""},"categories":[1889],"tags":[1111,11,2430,1777,674,118,1011,27,1310,2428,12,4013,1311,25],"class_list":{"0":"post-152528","1":"post","2":"type-post","3":"status-publish","4":"format-standard","5":"has-post-thumbnail","7":"category-lyon","8":"tag-actu","9":"tag-actualites","10":"tag-auvergne-rhone-alpes","11":"tag-eu","12":"tag-europe","13":"tag-faits-divers","14":"tag-fr","15":"tag-france","16":"tag-incendie","17":"tag-lyon","18":"tag-news","19":"tag-peripherique","20":"tag-pompiers","21":"tag-republique-francaise"},"share_on_mastodon":{"url":"https:\/\/pubeurope.com\/@fr\/114627572325449787","error":""},"_links":{"self":[{"href":"https:\/\/www.europesays.com\/fr\/wp-json\/wp\/v2\/posts\/152528","targetHints":{"allow":["GET"]}}],"collection":[{"href":"https:\/\/www.europesays.com\/fr\/wp-json\/wp\/v2\/posts"}],"about":[{"href":"https:\/\/www.europesays.com\/fr\/wp-json\/wp\/v2\/types\/post"}],"author":[{"embeddable":true,"href":"https:\/\/www.europesays.com\/fr\/wp-json\/wp\/v2\/users\/2"}],"replies":[{"embeddable":true,"href":"https:\/\/www.europesays.com\/fr\/wp-json\/wp\/v2\/comments?post=152528"}],"version-history":[{"count":0,"href":"https:\/\/www.europesays.com\/fr\/wp-json\/wp\/v2\/posts\/152528\/revisions"}],"wp:featuredmedia":[{"embeddable":true,"href":"https:\/\/www.europesays.com\/fr\/wp-json\/wp\/v2\/media\/152529"}],"wp:attachment":[{"href":"https:\/\/www.europesays.com\/fr\/wp-json\/wp\/v2\/media?parent=152528"}],"wp:term":[{"taxonomy":"category","embeddable":true,"href":"https:\/\/www.europesays.com\/fr\/wp-json\/wp\/v2\/categories?post=152528"},{"taxonomy":"post_tag","embeddable":true,"href":"https:\/\/www.europesays.com\/fr\/wp-json\/wp\/v2\/tags?post=152528"}],"curies":[{"name":"wp","href":"https:\/\/api.w.org\/{rel}","templated":true}]}}