{"id":152534,"date":"2025-06-04T23:01:12","date_gmt":"2025-06-04T23:01:12","guid":{"rendered":"https:\/\/www.europesays.com\/fr\/152534\/"},"modified":"2025-06-04T23:01:12","modified_gmt":"2025-06-04T23:01:12","slug":"livre-les-arbres-de-paris","status":"publish","type":"post","link":"https:\/\/www.europesays.com\/fr\/152534\/","title":{"rendered":"Livre &#8211; Les arbres de Paris"},"content":{"rendered":"<p>Paris est l\u2019une des villes les plus arbor\u00e9es du monde, et chaque quartier porte le t\u00e9moignage d\u2019une essence et de son histoire.\u00a0<\/p>\n<p>Class\u00e9s par arrondissement, <strong>37 arbres embl\u00e9matiques<\/strong> ont \u00e9t\u00e9 s\u00e9lectionn\u00e9s en raison de leur caract\u00e8re botanique singulier, de l\u2019histoire de leur plantation ou de leur lien avec l\u2019\u00e9volution du quartier.\u00a0<\/p>\n<p>D\u00e9couvrez un Paris m\u00e9connu, par le prisme du v\u00e9g\u00e9tal et de la diversit\u00e9 botanique. <br \/>Trois parcours arbor\u00e9s sont propos\u00e9s, \u00e0 la rencontre d\u2019arbres remarquables : <strong>\u00e0 pied dans le Marais ou au sud de la capitale<\/strong>, et \u00e0 v\u00e9lo sur les quais de Seine.\u00a0<\/p>\n<p><a href=\"https:\/\/www.marabout.com\/livre\/les-arbres-de-paris-9782501185066\/\" target=\"_blank\" rel=\"noopener nofollow\">\u201cLes arbres de Paris\u201d.<\/a> Philippe Clayette. 2024. \u00c9dition Marabot.2024.<\/p>\n<p style=\"text-align: center;\"> <img loading=\"lazy\" decoding=\"async\" width=\"400\" height=\"521\" alt=\"livre-arbres\" src=\"https:\/\/www.europesays.com\/fr\/wp-content\/uploads\/2025\/06\/livre-arbres-paris-780x1016.jpg\"\/> <\/p>\n","protected":false},"excerpt":{"rendered":"Paris est l\u2019une des villes les plus arbor\u00e9es du monde, et chaque quartier porte le t\u00e9moignage d\u2019une essence&hellip;\n","protected":false},"author":2,"featured_media":152535,"comment_status":"","ping_status":"","sticky":false,"template":"","format":"standard","meta":{"footnotes":""},"categories":[1888],"tags":[1111,1928,11,1927,28225,28226,28217,28218,1777,674,28216,28227,28228,1011,27,28211,28212,28215,28224,28219,28222,12,1926,626,1925,28213,28221,28220,25,28214,28223],"class_list":{"0":"post-152534","1":"post","2":"type-post","3":"status-publish","4":"format-standard","5":"has-post-thumbnail","7":"category-paris","8":"tag-actu","9":"tag-actu-paris","10":"tag-actualites","11":"tag-actualites-paris","12":"tag-animateur-de-randonnee","13":"tag-balisage","14":"tag-clubs-de-randonnee","15":"tag-disciplines-de-randonnee","16":"tag-eu","17":"tag-europe","18":"tag-federation-francaise-de-la-randonnee-pedestre","19":"tag-ffrandonnee","20":"tag-ffrp","21":"tag-fr","22":"tag-france","23":"tag-gr","24":"tag-grande-randonnee","25":"tag-itineraires-de-randonnee","26":"tag-itinerance","27":"tag-longe-cote","28":"tag-marche-nordique","29":"tag-news","30":"tag-news-paris","31":"tag-paris","32":"tag-paris-news","33":"tag-promenade-et-randonnee","34":"tag-rando-challenge","35":"tag-raquette-a-neige","36":"tag-republique-francaise","37":"tag-topoguide","38":"tag-trek"},"share_on_mastodon":{"url":"https:\/\/pubeurope.com\/@fr\/114627587904134401","error":""},"_links":{"self":[{"href":"https:\/\/www.europesays.com\/fr\/wp-json\/wp\/v2\/posts\/152534","targetHints":{"allow":["GET"]}}],"collection":[{"href":"https:\/\/www.europesays.com\/fr\/wp-json\/wp\/v2\/posts"}],"about":[{"href":"https:\/\/www.europesays.com\/fr\/wp-json\/wp\/v2\/types\/post"}],"author":[{"embeddable":true,"href":"https:\/\/www.europesays.com\/fr\/wp-json\/wp\/v2\/users\/2"}],"replies":[{"embeddable":true,"href":"https:\/\/www.europesays.com\/fr\/wp-json\/wp\/v2\/comments?post=152534"}],"version-history":[{"count":0,"href":"https:\/\/www.europesays.com\/fr\/wp-json\/wp\/v2\/posts\/152534\/revisions"}],"wp:featuredmedia":[{"embeddable":true,"href":"https:\/\/www.europesays.com\/fr\/wp-json\/wp\/v2\/media\/152535"}],"wp:attachment":[{"href":"https:\/\/www.europesays.com\/fr\/wp-json\/wp\/v2\/media?parent=152534"}],"wp:term":[{"taxonomy":"category","embeddable":true,"href":"https:\/\/www.europesays.com\/fr\/wp-json\/wp\/v2\/categories?post=152534"},{"taxonomy":"post_tag","embeddable":true,"href":"https:\/\/www.europesays.com\/fr\/wp-json\/wp\/v2\/tags?post=152534"}],"curies":[{"name":"wp","href":"https:\/\/api.w.org\/{rel}","templated":true}]}}