{"id":152538,"date":"2025-06-04T23:03:10","date_gmt":"2025-06-04T23:03:10","guid":{"rendered":"https:\/\/www.europesays.com\/fr\/152538\/"},"modified":"2025-06-04T23:03:10","modified_gmt":"2025-06-04T23:03:10","slug":"pour-700-euros-elle-tabasse-une-femme-enceinte-dans-le-val-de-marne","status":"publish","type":"post","link":"https:\/\/www.europesays.com\/fr\/152538\/","title":{"rendered":"pour 700 euros, elle tabasse une femme enceinte dans le Val-de-Marne"},"content":{"rendered":"<p>            Par<br \/>\n        <strong><br \/>\n            <a href=\"https:\/\/actu.fr\/auteur\/antoine-blanchet\" title=\"Consulter tous les articles de Antoine Blanchet\" target=\"_blank\" rel=\"noopener\">Antoine Blanchet<\/a><br \/>\n        <\/strong><\/p>\n<p>        Publi\u00e9 le<\/p>\n<p>            4 juin 2025 \u00e0 18h32        <\/p>\n<p>Une violence extr\u00eame en \u00e9changes de quelques billets. Ce vendredi 30 mai 2025, Jamila B. a la mine basse dans le box des comparutions imm\u00e9diates du <a href=\"https:\/\/actu.fr\/tag\/tribunal-de-creteil\" target=\"_blank\" rel=\"noopener\">tribunal de Cr\u00e9teil<\/a> (<a href=\"https:\/\/actu.fr\/ile-de-france\/val-de-marne_94\" target=\"_blank\" rel=\"noopener\">Val-de-Marne<\/a>). La jeune femme de 23 ans est jug\u00e9e <strong>pour avoir rou\u00e9 de coups une m\u00e8re de famille<\/strong> enceinte de quatre mois \u00e0 <a href=\"https:\/\/actu.fr\/ile-de-france\/champigny-sur-marne_94017\" target=\"_blank\" rel=\"noopener\">Champigny-sur-Marne<\/a>. Rien de personnel dans ce passage \u00e0 tabac, puisque la pr\u00e9venue a agi pour de l\u2019argent via une offre sur les r\u00e9seaux sociaux.\u00a0<\/p>\n<p>La vente de v\u00eatements \u00e9tait un guet-apens<\/p>\n<p class=\" wall-content\">Les faits datent du 26 mai. Lara*, m\u00e8re de plusieurs enfants, est contact\u00e9e par une jeune femme qui voudrait lui acheter des v\u00eatements. Il s\u2019agit de Jamila B.. Les deux femmes d\u00e9cident d\u2019effectuer la transaction\u00a0en bas du domicile de la maman. Cette derni\u00e8re se rend sur place accompagn\u00e9e de son fils de trois ans. Premi\u00e8re surprise : l\u2019acheteuse est pr\u00e9sente avec un homme.\u00a0<\/p>\n<p class=\" wall-content\">Tout s\u2019emballe tr\u00e8s vite. Lara re\u00e7oit un coup de poing \u00e0 la tempe. Elle tombe au sol et continue \u00e0 recevoir des coups de la part de la jeune femme. L\u2019homme qui l\u2019accompagne filme la sc\u00e8ne. Alert\u00e9s par des riverains, les policiers se rendent sur place et interpellent Jamila B.. Le myst\u00e9rieux cam\u00e9raman prend la poudre d\u2019escampette. Prise en charge, la victime pr\u00e9sente des h\u00e9matomes et une fracture de la phalange. Une<strong> incapacit\u00e9 totale de travail (ITT) de 21 jours<\/strong> lui est octroy\u00e9e.\u00a0<\/p>\n<p>\u00ab\u00a0C\u2019est inqui\u00e9tant ce que vous me d\u00eetes\u00a0\u00bb\u00a0<\/p>\n<p class=\" wall-content\">Interrog\u00e9e par les juges sur les raisons de ce d\u00e9cha\u00eenement de violences, Jamila B. parle bas et vite, si bien que le micro n\u2019est pas un luxe pour entendre ses paroles.<\/p>\n<p class=\" wall-content\">\u00ab\u00a0J\u2019avais besoin d\u2019argent. Une amie a vu une offre post\u00e9e sur les r\u00e9seaux sociaux et me l\u2019a envoy\u00e9e. On m\u2019a dit que je devais mettre une claque \u00e0 quelqu\u2019un\u00a0\u00bb, d\u00e9bite la pr\u00e9venue, qui affirme ne pas avoir su que la victime \u00e9tait enceinte.\u00a0<\/p>\n<p class=\" wall-content\">\u00ab\u00a0Madame, il y a beaucoup de gens en difficult\u00e9 financi\u00e8re. Il n\u2019y en a pas beaucoup qui acceptent de commettre des agressions sur commande\u00a0\u00bb, ironise la pr\u00e9sidente.\u00a0<\/p>\n<p class=\" wall-content\">Jamila B. assure ne pas conna\u00eetre l\u2019homme qui l\u2019accompagnait lors l\u2019exp\u00e9dition, et qu\u2019il aurait \u00e9t\u00e9 l\u00e0 pour la surveiller.\u00a0<\/p>\n<p class=\" wall-content\">\u00ab\u00a0Et comment vous expliquez qu\u2019on passe d\u2019une claque \u00e0 21 jours d\u2019ITT. C\u2019est inqui\u00e9tant ce que vous me dites\u201d, demande la juge.\u00a0<\/p>\n<p class=\" wall-content\">\u00ab\u00a0Je sais m\u00eame pas pourquoi j\u2019ai fait \u00e7a\u00a0\u00bb, offre pour toute r\u00e9ponse la jeune femme.\u00a0<\/p>\n<p>\u00ab\u00a0Si je peux aider l\u2019enqu\u00eate\u00a0\u00bb\u00a0<\/p>\n<p class=\" wall-content\">Pr\u00e9sente dans la salle, la victime est venue s\u2019exprimer. Son \u00e9tat l\u2019oblige \u00e0 rester assise. \u00ab\u00a0La dame, je ne la connais pas. J\u2019ai eu peur. Peur pour le b\u00e9b\u00e9. J\u2019ai peur aussi, car elle conna\u00eet mon domicile et que l\u2019autre personne s\u2019est enfuie\u00a0\u00bb, livre-t-elle avec de la frayeur dans sa voix. Elle ne semble pas savoir qui pourrait lui en vouloir autant pour publier ce contrat sur son int\u00e9grit\u00e9 physique.\u00a0<\/p>\n<p class=\" wall-content\">Lors de sa garde \u00e0 vue, Jamila B. a cherch\u00e9 \u00e0 se d\u00e9fausser. Devant les policiers, la jeune femme domicili\u00e9e dans les <a href=\"https:\/\/actu.fr\/provence-alpes-cote-d-azur\/alpes-maritimes_06\" target=\"_blank\" rel=\"noopener\">Alpes-Maritimes<\/a> avait menti sur son nom en donnant celui de sa s\u0153ur. \u00ab\u00a0Je comprends sa d\u00e9tresse. Si je peux aider l\u2019enqu\u00eate et l\u2019aider \u00e0 aller mieux\u00a0\u00bb, assure du box Jamila B.. Est-ce le regard s\u00e9v\u00e8re des juges ou la voix tremblante de la victime qui l\u2019ont rendue plus coop\u00e9rative ?\u00a0<\/p>\n<p>Condamn\u00e9e \u00e0 trois ans de prison\u00a0<\/p>\n<p class=\" wall-content\">Dans son r\u00e9quisitoire, la procureure prend en compte ce revirement. \u00ab\u00a0Je constate que la pr\u00e9venue fait un pas vers le tribunal. Je pense qu\u2019elle a compris que la strat\u00e9gie du mensonge avait peu de chances de r\u00e9ussir\u00a0\u00bb, assure la magistrate. Elle d\u00e9nonce n\u00e9anmoins un \u00ab\u00a0tabassage en r\u00e8gle\u00a0\u00bb et un \u00ab\u00a0passage \u00e0 l\u2019acte gla\u00e7ant\u00a0\u00bb. Une peine de<strong> quatre ans de prison, dont une ann\u00e9e avec sursis<\/strong>, est demand\u00e9e contre la jeune, qui a d\u00e9j\u00e0 \u00e9t\u00e9 condamn\u00e9e pour des faits de violences.\u00a0<\/p>\n<p class=\" wall-content\">Si l\u2019avocate de Jamila B. reconna\u00eet des faits \u00ab\u00a0d\u00e9rangeants\u00a0\u00bb, elle met en avant \u00ab\u00a0l\u2019\u00e9lectrochoc\u00a0\u00bb de sa cliente. \u00ab\u00a0Elle a compl\u00e8tement perdu pied, et elle s\u2019est montr\u00e9e violente. Son parcours de vie est compl\u00e8tement chaotique. Elle a besoin qu\u2019on lui tienne la main\u00a0\u00bb, plaide la p\u00e9naliste.\u00a0<\/p>\n<p class=\" wall-content\">Le tribunal la <strong>condamne \u00e0 trois ans de prison<\/strong>, dont une ann\u00e9e avec sursis. La jeune femme est maintenue en d\u00e9tention pour purger la partie ferme. Une peine d\u2019un an d\u2019in\u00e9ligibilit\u00e9 a aussi \u00e9t\u00e9 prononc\u00e9e \u00e0 son encontre.\u00a0<\/p>\n<p class=\" wall-content\">\u00ab\u00a0<\/p>\n<p class=\" wall-content\">Suivez toute l\u2019actualit\u00e9 de vos villes et m\u00e9dias favoris en vous inscrivant \u00e0 <a href=\"https:\/\/moncompte.actu.fr\" title=\"D\u00e9couvez Mon Actu\" rel=\"nofollow noopener\" data-trk=\"{&quot;cta&quot;:{&quot;action&quot;:&quot;https:\\\/\\\/moncompte.actu.fr&quot;,&quot;category&quot;:&quot;mon compte&quot;,&quot;from&quot;:&quot;article footer&quot;,&quot;name&quot;:&quot;Mon actu&quot;,&quot;type&quot;:&quot;cta&quot;}}\" target=\"_blank\">Mon Actu<\/a>.<\/p>\n","protected":false},"excerpt":{"rendered":"Par Antoine Blanchet Publi\u00e9 le 4 juin 2025 \u00e0 18h32 Une violence extr\u00eame en \u00e9changes de quelques billets.&hellip;\n","protected":false},"author":2,"featured_media":152539,"comment_status":"","ping_status":"","sticky":false,"template":"","format":"standard","meta":{"footnotes":""},"categories":[1888],"tags":[11,1777,674,118,1011,27,303,12,626,2694,25],"class_list":{"0":"post-152538","1":"post","2":"type-post","3":"status-publish","4":"format-standard","5":"has-post-thumbnail","7":"category-paris","8":"tag-actualites","9":"tag-eu","10":"tag-europe","11":"tag-faits-divers","12":"tag-fr","13":"tag-france","14":"tag-justice","15":"tag-news","16":"tag-paris","17":"tag-proces","18":"tag-republique-francaise"},"share_on_mastodon":{"url":"https:\/\/pubeurope.com\/@fr\/114627595684742894","error":""},"_links":{"self":[{"href":"https:\/\/www.europesays.com\/fr\/wp-json\/wp\/v2\/posts\/152538","targetHints":{"allow":["GET"]}}],"collection":[{"href":"https:\/\/www.europesays.com\/fr\/wp-json\/wp\/v2\/posts"}],"about":[{"href":"https:\/\/www.europesays.com\/fr\/wp-json\/wp\/v2\/types\/post"}],"author":[{"embeddable":true,"href":"https:\/\/www.europesays.com\/fr\/wp-json\/wp\/v2\/users\/2"}],"replies":[{"embeddable":true,"href":"https:\/\/www.europesays.com\/fr\/wp-json\/wp\/v2\/comments?post=152538"}],"version-history":[{"count":0,"href":"https:\/\/www.europesays.com\/fr\/wp-json\/wp\/v2\/posts\/152538\/revisions"}],"wp:featuredmedia":[{"embeddable":true,"href":"https:\/\/www.europesays.com\/fr\/wp-json\/wp\/v2\/media\/152539"}],"wp:attachment":[{"href":"https:\/\/www.europesays.com\/fr\/wp-json\/wp\/v2\/media?parent=152538"}],"wp:term":[{"taxonomy":"category","embeddable":true,"href":"https:\/\/www.europesays.com\/fr\/wp-json\/wp\/v2\/categories?post=152538"},{"taxonomy":"post_tag","embeddable":true,"href":"https:\/\/www.europesays.com\/fr\/wp-json\/wp\/v2\/tags?post=152538"}],"curies":[{"name":"wp","href":"https:\/\/api.w.org\/{rel}","templated":true}]}}