{"id":152544,"date":"2025-06-04T23:06:09","date_gmt":"2025-06-04T23:06:09","guid":{"rendered":"https:\/\/www.europesays.com\/fr\/152544\/"},"modified":"2025-06-04T23:06:09","modified_gmt":"2025-06-04T23:06:09","slug":"le-pape-a-demande-a-poutine-de-faire-un-geste-pour-la-paix","status":"publish","type":"post","link":"https:\/\/www.europesays.com\/fr\/152544\/","title":{"rendered":"Le pape a demand\u00e9 \u00e0 Poutine de \u00ab\u00a0faire un geste\u00a0\u00bb pour la paix"},"content":{"rendered":"<p>Le pape <a href=\"https:\/\/www.20minutes.fr\/monde\/pape-leon-xiv\/\" target=\"_blank\" class=\"color-ultramarine c-link\" rel=\"nofollow noopener\">L\u00e9on XIV<\/a> a directement interpell\u00e9 <a href=\"https:\/\/www.20minutes.fr\/monde\/vladimir_poutine\/\" target=\"_blank\" class=\"color-ultramarine c-link\" rel=\"nofollow noopener\">Vladimir Poutine<\/a>, l\u2019appelant \u00e0 poser \u00ab\u00a0un geste en faveur de la paix\u00a0\u00bb en <a href=\"https:\/\/www.20minutes.fr\/monde\/ukraine\/\" target=\"_blank\" class=\"color-ultramarine c-link\" rel=\"nofollow noopener\">Ukraine<\/a>. Lors de leur premier \u00e9change t\u00e9l\u00e9phonique depuis son intronisation, le souverain pontife a insist\u00e9 sur \u00ab\u00a0l\u2019importance du dialogue\u00a0\u00bb pour faire avancer les n\u00e9gociations entre Moscou et Kiev.<\/p>\n<p>L\u2019entretien, r\u00e9v\u00e9l\u00e9 mercredi par le <a href=\"https:\/\/www.20minutes.fr\/dossier\/vatican\" target=\"_blank\" class=\"color-ultramarine c-link\" rel=\"nofollow noopener\">Vatican<\/a>, marque une prise de position claire du nouveau chef de l\u2019<a href=\"https:\/\/www.20minutes.fr\/dossier\/catholicisme\" target=\"_blank\" class=\"color-ultramarine c-link\" rel=\"nofollow noopener\">Eglise catholique<\/a> face au conflit russo-ukrainien. \u00ab\u00a0Le pape a lanc\u00e9 un appel \u00e0 la Russie [\u2026] et a soulign\u00e9 l\u2019importance du dialogue pour la r\u00e9alisation de contacts positifs entre les parties et pour la recherche de solutions au conflit\u00a0\u00bb, a indiqu\u00e9 le Saint-Si\u00e8ge dans un communiqu\u00e9 officiel.<\/p>\n<\/p>\n<p>Nouvelle diplomatie de L\u00e9on XIV<\/p>\n<p>Cette initiative du pape L\u00e9on XIV intervient alors que le conflit russo-ukrainien reste enlis\u00e9, malgr\u00e9 les nombreux appels internationaux \u00e0 une r\u00e9solution pacifique. Le souverain pontife cherche \u00e0 raviver l\u2019espoir d\u2019un r\u00e8glement n\u00e9goci\u00e9.<\/p>\n<p><a href=\"https:\/\/www.20minutes.fr\/monde\/ukraine\/\" target=\"_blank\" class=\"c-link c-btn c-btn--primary\" rel=\"nofollow noopener\">Notre dossier sur le guerre en Ukraine<\/a><\/p>\n<p>Si le Vatican n\u2019a pas pr\u00e9cis\u00e9 la r\u00e9ponse de Vladimir Poutine, cette prise de contact inaugure une nouvelle phase diplomatique. L\u00e9on XIV entend inscrire son pontificat dans une volont\u00e9 d\u2019engagement actif sur les grands dossiers internationaux.<\/p>\n","protected":false},"excerpt":{"rendered":"Le pape L\u00e9on XIV a directement interpell\u00e9 Vladimir Poutine, l\u2019appelant \u00e0 poser \u00ab\u00a0un geste en faveur de la&hellip;\n","protected":false},"author":2,"featured_media":152545,"comment_status":"","ping_status":"","sticky":false,"template":"","format":"standard","meta":{"footnotes":""},"categories":[1590],"tags":[47,11,11863,312,1777,674,131,74,12,2403,20114,220,4193,135],"class_list":{"0":"post-152544","1":"post","2":"type-post","3":"status-publish","4":"format-standard","5":"has-post-thumbnail","7":"category-ukraine","8":"tag-actualite","9":"tag-actualites","10":"tag-catholicisme","11":"tag-diplomatie","12":"tag-eu","13":"tag-europe","14":"tag-guerre-en-ukraine","15":"tag-monde","16":"tag-news","17":"tag-paix","18":"tag-pape-leon-xiv","19":"tag-ukraine","20":"tag-vatican","21":"tag-vladimir-poutine"},"share_on_mastodon":{"url":"https:\/\/pubeurope.com\/@fr\/114627607568550257","error":""},"_links":{"self":[{"href":"https:\/\/www.europesays.com\/fr\/wp-json\/wp\/v2\/posts\/152544","targetHints":{"allow":["GET"]}}],"collection":[{"href":"https:\/\/www.europesays.com\/fr\/wp-json\/wp\/v2\/posts"}],"about":[{"href":"https:\/\/www.europesays.com\/fr\/wp-json\/wp\/v2\/types\/post"}],"author":[{"embeddable":true,"href":"https:\/\/www.europesays.com\/fr\/wp-json\/wp\/v2\/users\/2"}],"replies":[{"embeddable":true,"href":"https:\/\/www.europesays.com\/fr\/wp-json\/wp\/v2\/comments?post=152544"}],"version-history":[{"count":0,"href":"https:\/\/www.europesays.com\/fr\/wp-json\/wp\/v2\/posts\/152544\/revisions"}],"wp:featuredmedia":[{"embeddable":true,"href":"https:\/\/www.europesays.com\/fr\/wp-json\/wp\/v2\/media\/152545"}],"wp:attachment":[{"href":"https:\/\/www.europesays.com\/fr\/wp-json\/wp\/v2\/media?parent=152544"}],"wp:term":[{"taxonomy":"category","embeddable":true,"href":"https:\/\/www.europesays.com\/fr\/wp-json\/wp\/v2\/categories?post=152544"},{"taxonomy":"post_tag","embeddable":true,"href":"https:\/\/www.europesays.com\/fr\/wp-json\/wp\/v2\/tags?post=152544"}],"curies":[{"name":"wp","href":"https:\/\/api.w.org\/{rel}","templated":true}]}}