{"id":152550,"date":"2025-06-04T23:09:20","date_gmt":"2025-06-04T23:09:20","guid":{"rendered":"https:\/\/www.europesays.com\/fr\/152550\/"},"modified":"2025-06-04T23:09:20","modified_gmt":"2025-06-04T23:09:20","slug":"le-portugal-et-ronaldo-renversent-lallemagne-et-attendent-les-bleus-en-finale","status":"publish","type":"post","link":"https:\/\/www.europesays.com\/fr\/152550\/","title":{"rendered":"le Portugal et Ronaldo renversent l\u2019Allemagne et attendent les Bleus en finale"},"content":{"rendered":"<p>Cristiano Ronaldo et ses camarades portugais ont battu l\u2019Allemagne ce mercredi \u00e0 Munich (1-2), en demi-finale de la Ligue des nations.<\/p>\n<p class=\"fig-paragraph\">\u00c9ternel\u00a0<a href=\"http:\/\/www.lefigaro.fr\/sports\/football\/ligue-des-nations\/allemagne-portugal-ronaldo-immuable-les-portugais-du-psg-infatigables-la-mannschaft-deplorable-les-tops-flops-20250605\" data-fig-type=\"NewsFlash\" data-gtm-custom-categorie=\"navigation\" data-gtm-custom-action=\"crossclick\" data-gtm-custom-label=\"Contextuel\" data-gtm-event=\"customEventSPE\" data-fig-domain=\"LEFIGARO\" target=\"_blank\" rel=\"noopener\">Cristiano Ronaldo<\/a>. \u00c0 40 ans et pour sa 220e s\u00e9lection, le quintuple Ballon d\u2019or portugais a offert la victoire \u00e0 sa s\u00e9lection contre l\u2019Allemagne (<a href=\"https:\/\/www.lefigaro.fr\/sports\/football\/live\/ligue-des-nations\/2024\/2491061\/allemagne-portugal\" target=\"_blank\" data-fig-type=\"Live\" rel=\"noopener\" data-gtm-custom-categorie=\"navigation\" data-gtm-custom-action=\"crossclick\" data-gtm-custom-label=\"Contextuel\" data-gtm-event=\"customEventSPE\" data-fig-domain=\"LEFIGARO\">2-1<\/a>), ce mercredi \u00e0 Munich, en demi-finale de\u00a0<a href=\"https:\/\/www.lefigaro.fr\/sports\/football\/ligue-des-nations\" target=\"_blank\" data-fig-type=\"Section\" rel=\"noopener\" data-gtm-custom-categorie=\"navigation\" data-gtm-custom-action=\"crossclick\" data-gtm-custom-label=\"Contextuel\" data-gtm-event=\"customEventSPE\" data-fig-domain=\"LEFIGARO\">Ligue des nations<\/a>. Son 137e but avec l\u2019\u00e9quipe nationale portugaise, qui affrontera dimanche en finale, toujours en Bavi\u00e8re, la\u00a0<a href=\"http:\/\/www.lefigaro.fr\/sports\/football\/ligue-des-nations\/ligue-des-nations-espagne-france-une-revanche-explosive-et-prometteuse-20250605\" data-fig-type=\"Article\" data-gtm-custom-categorie=\"navigation\" data-gtm-custom-action=\"crossclick\" data-gtm-custom-label=\"Contextuel\" data-gtm-event=\"customEventSPE\" data-fig-domain=\"LEFIGARO\" target=\"_blank\" rel=\"noopener\">France ou l\u2019Espagne<\/a>, qui croiseront le fer jeudi soir.<\/p>\n<p>Le Portugal incisif&#8230; puis amorphe<\/p>\n<p class=\"fig-paragraph\">Alors que le coup d\u2019envoi du match a \u00e9t\u00e9 retard\u00e9 de quelques minutes \u00e0 la suite d\u2019un violent orage, les Lusitaniens ont attaqu\u00e9 la partie pied au plancher. \u00abCR7\u00bb et Pedro Neto se sont mis en \u00e9vidence d\u2019entr\u00e9e, avant que la Sele\u00e7ao ne se liqu\u00e9fie au fur et \u00e0 mesure des minutes. Dans la lign\u00e9e de la fin du premier acte largement en faveur de la Mannschaft, les Allemands, sur le m\u00eame rythme, ont logiquement ouvert le score par l\u2019interm\u00e9diaire de leur talentueux meneur de jeu Florian Wirtz (48e).<\/p>\n<p class=\"fig-paragraph\">De mani\u00e8re incompr\u00e9hensible, les hommes de Julian Nagelsmann se sont, par la suite, \u00e9vapor\u00e9s \u00e0 leur tour, laissant le contr\u00f4le du jeu aux Portugais. En manque de dynamisme offensif, le s\u00e9lectionneur de la Sele\u00e7ao Roberto Martinez a d\u00e9cid\u00e9, peur apr\u00e8s l\u2019heure de jeu, de faire entrer l\u2019intenable Francisco Concei\u00e7ao. Litt\u00e9ralement en feu, le jeune attaquant de 22 ans a \u00e9galis\u00e9 en faveur du Portugal d\u2019une sublime frappe enroul\u00e9e du gauche (63e), laissant Marc-Andr\u00e9 Ter Stegen clou\u00e9 sur place.<\/p>\n<p class=\"fig-body-link\">\n            \u00c0 lire aussi<br \/>\n        <a class=\"fig-body-link__link\" href=\"http:\/\/www.lefigaro.fr\/sports\/football\/ligue-des-nations\/allemagne-portugal-ronaldo-immuable-les-portugais-du-psg-infatigables-la-mannschaft-deplorable-les-tops-flops-20250605\" data-fig-type=\"NewsFlash\" data-gtm-custom-categorie=\"navigation\" data-gtm-custom-action=\"crossclick\" data-gtm-custom-label=\"Contextuel\" data-gtm-event=\"customEventSPE\" data-fig-domain=\"LEFIGARO\" target=\"_blank\" rel=\"noopener\">Allemagne-Portugal\u00a0: Ronaldo immuable, les Portugais du PSG infatigables, la Mannschaft d\u00e9plorable&#8230; Les tops\/flops<br \/>\n    <\/a>\n<\/p>\n<p>La Mannschaft s\u2019est (compl\u00e8tement) \u00e9croul\u00e9e<\/p>\n<p class=\"fig-paragraph\">Inexorablement et emmen\u00e9s par les infatigables\u00a0<a href=\"http:\/\/www.lefigaro.fr\/sports\/football\/ligue-des-champions\/psg-les-marches-de-la-gloire-le-grand-recit-d-une-epopee-historique-20250603\" data-fig-type=\"Article\" data-gtm-custom-categorie=\"navigation\" data-gtm-custom-action=\"crossclick\" data-gtm-custom-label=\"Contextuel\" data-gtm-event=\"customEventSPE\" data-fig-domain=\"LEFIGARO\" target=\"_blank\" rel=\"noopener\">champions d\u2019Europe du PSG<\/a>\u00a0(Vitinha, Joao Neves et Nuno Mendes), les Portugais ont enterr\u00e9 les r\u00eaves allemands de finale en cinq minutes. Suite au num\u00e9ro de Concei\u00e7ao, c\u2019est donc \u00abCR7\u00bb, \u00e0 la conclusion d\u2019un magnifique une-deux entre Nuno Mendes et Bruno Fernandes, qui a envoy\u00e9 sa bande au septi\u00e8me ciel.<\/p>\n<p class=\"fig-paragraph\">La Mannschaft, en reconstruction &#8211; qui n\u2019avait plus perdu face au Portugal depuis 25 ans &#8211; et seule \u00e9quipe de ce Final Four a n\u2019avoir encore jamais remport\u00e9 la Ligue des nations, essuie un nouveau dur revers. De leur c\u00f4t\u00e9, les Lusitaniens auront l\u2019occasion dans une poign\u00e9e de jours d\u2019\u00e9crire leur nom au palmar\u00e8s de cette comp\u00e9tition pour la deuxi\u00e8me fois, eux qui avaient enlev\u00e9 la premi\u00e8re \u00e9dition en 2019.<\/p>\n","protected":false},"excerpt":{"rendered":"Cristiano Ronaldo et ses camarades portugais ont battu l\u2019Allemagne ce mercredi \u00e0 Munich (1-2), en demi-finale de la&hellip;\n","protected":false},"author":2,"featured_media":152551,"comment_status":"","ping_status":"","sticky":false,"template":"","format":"standard","meta":{"footnotes":""},"categories":[1587],"tags":[11,672,828,1804,525,8976,13282,1805,1803,123,1777,674,27,1801,3022,23733,955,23734,12,6996,1802,1980,455],"class_list":{"0":"post-152550","1":"post","2":"type-post","3":"status-publish","4":"format-standard","5":"has-post-thumbnail","7":"category-allemagne","8":"tag-actualites","9":"tag-allemagne","10":"tag-belgique","11":"tag-bundesrepublik-deutschland","12":"tag-calendrier","13":"tag-classements","14":"tag-cristiano-ronaldo","15":"tag-de","16":"tag-deutschland","17":"tag-espagne","18":"tag-eu","19":"tag-europe","20":"tag-france","21":"tag-germany","22":"tag-ligue","23":"tag-ligue-des-nations","24":"tag-match","25":"tag-match-en-direct","26":"tag-news","27":"tag-portugal","28":"tag-republique-federale-dallemagne","29":"tag-resultats","30":"tag-uefa"},"share_on_mastodon":{"url":"https:\/\/pubeurope.com\/@fr\/114627619338668201","error":""},"_links":{"self":[{"href":"https:\/\/www.europesays.com\/fr\/wp-json\/wp\/v2\/posts\/152550","targetHints":{"allow":["GET"]}}],"collection":[{"href":"https:\/\/www.europesays.com\/fr\/wp-json\/wp\/v2\/posts"}],"about":[{"href":"https:\/\/www.europesays.com\/fr\/wp-json\/wp\/v2\/types\/post"}],"author":[{"embeddable":true,"href":"https:\/\/www.europesays.com\/fr\/wp-json\/wp\/v2\/users\/2"}],"replies":[{"embeddable":true,"href":"https:\/\/www.europesays.com\/fr\/wp-json\/wp\/v2\/comments?post=152550"}],"version-history":[{"count":0,"href":"https:\/\/www.europesays.com\/fr\/wp-json\/wp\/v2\/posts\/152550\/revisions"}],"wp:featuredmedia":[{"embeddable":true,"href":"https:\/\/www.europesays.com\/fr\/wp-json\/wp\/v2\/media\/152551"}],"wp:attachment":[{"href":"https:\/\/www.europesays.com\/fr\/wp-json\/wp\/v2\/media?parent=152550"}],"wp:term":[{"taxonomy":"category","embeddable":true,"href":"https:\/\/www.europesays.com\/fr\/wp-json\/wp\/v2\/categories?post=152550"},{"taxonomy":"post_tag","embeddable":true,"href":"https:\/\/www.europesays.com\/fr\/wp-json\/wp\/v2\/tags?post=152550"}],"curies":[{"name":"wp","href":"https:\/\/api.w.org\/{rel}","templated":true}]}}