{"id":152558,"date":"2025-06-04T23:13:10","date_gmt":"2025-06-04T23:13:10","guid":{"rendered":"https:\/\/www.europesays.com\/fr\/152558\/"},"modified":"2025-06-04T23:13:10","modified_gmt":"2025-06-04T23:13:10","slug":"conversation-telephonique-entre-leon-xiv-et-vladimir-poutine","status":"publish","type":"post","link":"https:\/\/www.europesays.com\/fr\/152558\/","title":{"rendered":"Conversation t\u00e9l\u00e9phonique entre L\u00e9on XIV et Vladimir Poutine"},"content":{"rendered":"<p>Un entretien t\u00e9l\u00e9phonique a eu lieu dans l\u2019apr\u00e8s-midi de ce mercredi 4 juin entre le Pape L\u00e9on XIV et le pr\u00e9sident russe Vladimir Poutine, informe la Salle de presse du Saint-Si\u00e8ge. Le Saint-P\u00e8re a invit\u00e9 la Russie \u00e0 faire un geste en faveur de la paix.<\/p>\n<p><b>Vatican News<\/b><\/p>\n<p>Le directeur de la Salle de presse du Saint-Si\u00e8ge a confirm\u00e9 dans la soir\u00e9e de ce mercredi 4 juin, la conversation t\u00e9l\u00e9phonique ayant eu lieu cet apr\u00e8s-midi entre le Souverain pontife et Vladimir Poutine.<\/p>\n<p><b>Faire un geste en faveur de la paix\u00a0<\/b> <\/p>\n<p>Au cours de l\u2019entretien, a rapport\u00e9 Matteo Bruni, \u00aboutre les questions d&rsquo;int\u00e9r\u00eat commun, une attention particuli\u00e8re a \u00e9t\u00e9 accord\u00e9e \u00e0 la situation en Ukraine et \u00e0 la paix\u00bb. Le Pape a \u00abexhort\u00e9 la Russie \u00e0 faire un geste en faveur de la paix\u00bb, soulignant ensuite \u00abl&rsquo;importance du dialogue pour \u00e9tablir des contacts positifs entre les parties et trouver des solutions au conflit\u00bb.<\/p>\n<p><b>La mission du cardinal Zuppi<\/b> <\/p>\n<p>\u00abLa situation humanitaire a \u00e9t\u00e9 \u00e9galement \u00e9voqu\u00e9e\u00bb, mais aussi\u00a0\u00abla n\u00e9cessit\u00e9 de faciliter l&rsquo;aide l\u00e0 o\u00f9 elle est n\u00e9cessaire\u00bb, \u00ables efforts en cours pour l&rsquo;\u00e9change de prisonniers\u00bb, ainsi que \u00abla valeur du travail accompli par le cardinal Zuppi en ce sens\u00bb, pr\u00e9cise encore le communiqu\u00e9.\u00a0<\/p>\n<p><b>Les valeurs chr\u00e9tiennes<\/b> <\/p>\n<p>Lors de cet entretien t\u00e9l\u00e9phonique, a conclu Matteo Bruni, \u00able Pape a fait r\u00e9f\u00e9rence au patriarche Kirill, le remerciant pour ses v\u0153ux, en ce d\u00e9but de son pontificat\u00bb. Ce fut l\u2019occasion pour L\u00e9on XIV de souligner au pr\u00e9sident russe, \u00abcombien les valeurs chr\u00e9tiennes communes peuvent \u00eatre une lumi\u00e8re pour aider \u00e0 rechercher la paix, \u00e0 d\u00e9fendre la vie et \u00e0 rechercher une v\u00e9ritable libert\u00e9 religieuse\u00bb.<\/p>\n<p>      <a href=\"https:\/\/www.vaticannews.va\/fr\/pape\/news\/2025-05\/leon-xiv-reitere-son-appel-a-cesser-la-guerre.html\" title=\"Le Pape L\u00e9on XIV r\u00e9it\u00e8re son appel \u00e0 cesser la guerre \u00e0 Gaza et en Ukraine\" target=\"_blank\" rel=\"noopener\"><\/p>\n<p>         <img decoding=\"async\" src=\"data:image\/gif;base64,R0lGODlhAQABAIAAAAAAAP\/\/\/yH5BAEAAAAALAAAAAABAAEAAAIBRAA7\" data-original=\"https:\/\/www.vaticannews.va\/content\/dam\/vaticannews\/agenzie\/images\/afp\/2025\/05\/25\/11\/1748165221354.jpg\/_jcr_content\/renditions\/cq5dam.thumbnail.cropped.500.281.jpeg\" alt=\"Le Pape L\u00e9on XIV r\u00e9it\u00e8re son appel \u00e0 cesser la guerre \u00e0 Gaza et en Ukraine\"\/><\/p>\n<p>       <\/a><\/p>\n<p>\n       \u00c0 l\u2019issue de l\u2019audience g\u00e9n\u00e9rale de ce mercredi 28 mai place Saint-Pierre, le Souverain pontife a \u00abrenouvel\u00e9 avec force\u00bb son appel \u00e0 \u00abarr\u00eater les conflits\u00bb en particulier en &#8230;\n      <\/p>\n<p> <\/p>\n","protected":false},"excerpt":{"rendered":"Un entretien t\u00e9l\u00e9phonique a eu lieu dans l\u2019apr\u00e8s-midi de ce mercredi 4 juin entre le Pape L\u00e9on XIV&hellip;\n","protected":false},"author":2,"featured_media":152559,"comment_status":"","ping_status":"","sticky":false,"template":"","format":"standard","meta":{"footnotes":""},"categories":[2],"tags":[11,6492,1011,27,1146,28230,12,2403,20114,25,132,220],"class_list":{"0":"post-152558","1":"post","2":"type-post","3":"status-publish","4":"format-standard","5":"has-post-thumbnail","7":"category-actualites","8":"tag-actualites","9":"tag-droits-de-lhomme","10":"tag-fr","11":"tag-france","12":"tag-guerre","13":"tag-matteo-maria-zuppi","14":"tag-news","15":"tag-paix","16":"tag-pape-leon-xiv","17":"tag-republique-francaise","18":"tag-russie","19":"tag-ukraine"},"share_on_mastodon":{"url":"https:\/\/pubeurope.com\/@fr\/114627635057224196","error":""},"_links":{"self":[{"href":"https:\/\/www.europesays.com\/fr\/wp-json\/wp\/v2\/posts\/152558","targetHints":{"allow":["GET"]}}],"collection":[{"href":"https:\/\/www.europesays.com\/fr\/wp-json\/wp\/v2\/posts"}],"about":[{"href":"https:\/\/www.europesays.com\/fr\/wp-json\/wp\/v2\/types\/post"}],"author":[{"embeddable":true,"href":"https:\/\/www.europesays.com\/fr\/wp-json\/wp\/v2\/users\/2"}],"replies":[{"embeddable":true,"href":"https:\/\/www.europesays.com\/fr\/wp-json\/wp\/v2\/comments?post=152558"}],"version-history":[{"count":0,"href":"https:\/\/www.europesays.com\/fr\/wp-json\/wp\/v2\/posts\/152558\/revisions"}],"wp:featuredmedia":[{"embeddable":true,"href":"https:\/\/www.europesays.com\/fr\/wp-json\/wp\/v2\/media\/152559"}],"wp:attachment":[{"href":"https:\/\/www.europesays.com\/fr\/wp-json\/wp\/v2\/media?parent=152558"}],"wp:term":[{"taxonomy":"category","embeddable":true,"href":"https:\/\/www.europesays.com\/fr\/wp-json\/wp\/v2\/categories?post=152558"},{"taxonomy":"post_tag","embeddable":true,"href":"https:\/\/www.europesays.com\/fr\/wp-json\/wp\/v2\/tags?post=152558"}],"curies":[{"name":"wp","href":"https:\/\/api.w.org\/{rel}","templated":true}]}}