{"id":152560,"date":"2025-06-04T23:14:08","date_gmt":"2025-06-04T23:14:08","guid":{"rendered":"https:\/\/www.europesays.com\/fr\/152560\/"},"modified":"2025-06-04T23:14:08","modified_gmt":"2025-06-04T23:14:08","slug":"espagne-france-une-revanche-explosive-et-prometteuse","status":"publish","type":"post","link":"https:\/\/www.europesays.com\/fr\/152560\/","title":{"rendered":"Espagne-France, une revanche explosive et prometteuse"},"content":{"rendered":"<p>Oppos\u00e9s \u00e0 leurs tombeurs de l\u2019Euro sacr\u00e9s en 2024, les Bleus passent un grand test, ce jeudi soir, en demi-finale.<\/p>\n<p class=\"fig-paragraph\">Le soleil et la chaleur de Munich ont laiss\u00e9 place au temps maussade et \u00e0 la pluie de Stuttgart. Changement de d\u00e9cor et \u00e0 peine le temps de se remettre de ses \u00e9motions qu\u2019il faut recommencer. Attention, loin de nous l\u2019id\u00e9e de comparer la Ligue des champions \u00e0 la Ligue des nations, avec\u00a0<a href=\"http:\/\/www.lefigaro.fr\/sports\/football\/ligue-des-champions\/ligue-des-champions-le-psg-enfin-sur-le-toit-de-l-europe-ca-valait-le-coup-d-attendre-20250601\" data-fig-type=\"NewsFlash\" data-gtm-custom-categorie=\"navigation\" data-gtm-custom-action=\"crossclick\" data-gtm-custom-label=\"Contextuel\" data-gtm-event=\"customEventSPE\" data-fig-domain=\"LEFIGARO\" target=\"_blank\" rel=\"noopener\">le sacre l\u00e9gendaire du Paris-SG<\/a>\u00a0samedi dernier dans une Munich Arena incandescente, mais difficile de ne pas lier les deux \u00e9v\u00e9nements non plus.<\/p>\n<p class=\"fig-paragraph\">Les raisons pullulent\u00a0: l\u2019affiche est belle, prometteuse, all\u00e9chante, entre la France et l\u2019Espagne (20\u00a0h\u00a045, TF1) du nouveau ph\u00e9nom\u00e8ne mondial Lamine Yamal (17\u00a0ans). L\u2019Allemagne sera aussi le th\u00e9\u00e2tre des Bleus, apr\u00e8s avoir \u00e9t\u00e9 celui des Parisiens, avec une demi-finale \u00e0 Stuttgart ce jeudi, puis une finale\u2026 \u00e0 Munich dimanche en cas de succ\u00e8s. Et puis, les h\u00e9ros parisiens (Hernandez, Za\u00efre-Emery, Barcola, Dou\u00e9, Demb\u00e9l\u00e9) figurent en nombre dans un groupe France d\u00e9sireux de dompter ce qui se fait de mieux sur la plan\u00e8te football.<\/p>\n<p class=\"fig-body-link\">\n            \u00c0 lire aussi<br \/>\n        <a class=\"fig-body-link__link\" href=\"http:\/\/www.lefigaro.fr\/sports\/football\/ligue-des-nations\/la-menace-yamal-mbappe-n09-dembele-ballon-d-or-les-mots-de-deschamps-avant-espagne-france-20250604\" data-fig-type=\"NewsFlash\" data-gtm-custom-categorie=\"navigation\" data-gtm-custom-action=\"crossclick\" data-gtm-custom-label=\"Contextuel\" data-gtm-event=\"customEventSPE\" data-fig-domain=\"LEFIGARO\" target=\"_blank\" rel=\"noopener\">La menace Yamal, Mbapp\u00e9 n\u00b09, Demb\u00e9l\u00e9 Ballon d\u2019or&#8230; Les mots de Deschamps avant Espagne-France<br \/>\n    <\/a>\n<\/p>\n<p class=\"fig-paragraph\">Personne ne sait dans quel \u00e9tat physique et mental seront les deux \u00e9quipes victimes d\u2019un calendrier dantesque et d\u2019instances internationales qui ne freinent pas ce gavage permanent, mais le tableau d\u2019ensemble fait saliver et donne envie de vibrer \u00e0 nouveau apr\u00e8s avoir v\u00e9cu l\u2019extase du chef-d\u2019\u0153uvre des hommes de Luis Enrique. Le technicien espagnol du Paris-SG &#8211; d\u00e9j\u00e0 tourn\u00e9 vers la Coupe du monde des clubs (15\u00a0juin-13\u00a0juillet) aux \u00c9tats-Unis &#8211; ne sera pas sur le banc de la Roja, \u00e9vinc\u00e9 apr\u00e8s l\u2019\u00e9limination en 8es de finale de la Coupe du monde au Qatar face au Maroc, mais la s\u00e9lection espagnole garde des stigmates du passage de \u00ab\u00a0Lucho\u00a0\u00bb (2018, puis 2019 \u00e0 2022).<\/p>\n<p class=\"fig-paragraph\">Son successeur Luis de la Fuente (63\u00a0ans), champion d\u2019Europe l\u2019\u00e9t\u00e9 dernier\u00a0<a href=\"http:\/\/www.lefigaro.fr\/sports\/football\/euro\/espagne-france-mbappe-passe-encore-au-travers-dembele-aussi-rabiot-tout-mou-les-notes-des-bleus-20240709\" data-fig-type=\"NewsFlash\" data-gtm-custom-categorie=\"navigation\" data-gtm-custom-action=\"crossclick\" data-gtm-custom-label=\"Contextuel\" data-gtm-event=\"customEventSPE\" data-fig-domain=\"LEFIGARO\" target=\"_blank\" rel=\"noopener\">apr\u00e8s avoir dompt\u00e9 les Bleus (2-1)<\/a>, puis l\u2019Angleterre en finale (2-1), marche dans les pas du strat\u00e8ge parisien, avec une \u00e9quipe technique, de possession, cr\u00e9ative, port\u00e9e par le talent de Lamine Yamal, mais aussi d\u2019autres \u00e9l\u00e9ments (Williams, Olmo, Pedri, Gavi, Ruiz, Cubarsi\u2026) qui forment une s\u00e9lection guid\u00e9e par une belle dynamique (Ligue des nations 2023, Euro 2024).<\/p>\n<p>Mettre les artistes en musique<\/p>\n<p class=\"fig-paragraph\">B\u00eate noire des Fran\u00e7ais au XXIe\u00a0si\u00e8cle (7\u00a0succ\u00e8s en 11\u00a0matchs, 64\u00a0% de victoires), la Roja avait logiquement \u00e9cart\u00e9 les Bleus le 9\u00a0juillet dernier en demi-finale de l\u2019Euro (2-1) du c\u00f4t\u00e9 de Munich. Ce soir-l\u00e0, Lamine Yamal, 16\u00a0ans, avait fait une entr\u00e9e fracassante dans la cour des (tr\u00e8s) grands, avec un but somptueux dont se souviennent encore tous les hommes de Didier Deschamps. Quasiment un an plus tard, c\u2019est une autre \u00e9quipe de France qui s\u2019avance \u00e0 Stuttgart.<\/p>\n<p class=\"fig-paragraph\">Antoine Griezmann (retraite), N\u2019Golo Kant\u00e9 (non convoqu\u00e9), William Saliba, Dayot Upamecano, Jules Kound\u00e9 (bless\u00e9s) sont absents, mais le s\u00e9lectionneur, en dehors d\u2019un secteur d\u00e9fensif d\u00e9cim\u00e9, jouit malgr\u00e9 tout d\u2019un r\u00e9servoir offensif de tr\u00e8s haut niveau (Mbapp\u00e9, Dou\u00e9, Barcola, Demb\u00e9l\u00e9, Thuram, Kolo Muani, Olise, Cherki\u2026). Reste \u00e0 mettre tous ces artistes en musique. Pas toujours ais\u00e9 avec seulement deux entra\u00eenements au complet dans ce rassemblement.<\/p>\n<p class=\"fig-body-link\">\n            \u00c0 lire aussi<br \/>\n        <a class=\"fig-body-link__link\" href=\"http:\/\/www.lefigaro.fr\/sports\/football\/ligue-des-nations\/dembele-merite-le-ballon-d-or-point-barre-ibrahima-konate-premier-bleu-a-enfin-assumer-clairement-sa-position-20250604\" data-fig-type=\"NewsFlash\" data-gtm-custom-categorie=\"navigation\" data-gtm-custom-action=\"crossclick\" data-gtm-custom-label=\"Contextuel\" data-gtm-event=\"customEventSPE\" data-fig-domain=\"LEFIGARO\" target=\"_blank\" rel=\"noopener\">\u00abDemb\u00e9l\u00e9 m\u00e9rite le Ballon d\u2019Or, point barre\u00a0!\u00bb\u00a0: Ibrahima Konat\u00e9, premier Bleu \u00e0 (enfin) assumer clairement sa position<br \/>\n    <\/a>\n<\/p>\n<p class=\"fig-paragraph\"><a href=\"http:\/\/www.lefigaro.fr\/sports\/football\/kylian-mbappe-soulier-d-or-europeen-pourquoi-la-recompense-frise-avec-le-ridicule-20250526\" data-fig-type=\"NewsFlash\" data-gtm-custom-categorie=\"navigation\" data-gtm-custom-action=\"crossclick\" data-gtm-custom-label=\"Contextuel\" data-gtm-event=\"customEventSPE\" data-fig-domain=\"LEFIGARO\" target=\"_blank\" rel=\"noopener\">Kylian Mbapp\u00e9, soulier d\u2019or (56 matchs, 43 buts)<\/a>\u00a0et capitaine des Bleus, est d\u00e9sormais challeng\u00e9 par Ousmane Demb\u00e9l\u00e9, num\u00e9ro\u00a09 nouvelle g\u00e9n\u00e9ration d\u2019un PSG champion d\u2019Europe. Il sera d\u2019ailleurs int\u00e9ressant de voir la r\u00e9partition des r\u00f4les, apr\u00e8s la saison monstrueuse du Parisien, \u00e9lu meilleur joueur de la Ligue des champions et\u00a0<a href=\"http:\/\/www.lefigaro.fr\/sports\/football\/ligue-des-champions\/psg-ousmane-dembele-merite-t-il-le-ballon-d-or-20250602\" data-fig-type=\"Article\" data-gtm-custom-categorie=\"navigation\" data-gtm-custom-action=\"crossclick\" data-gtm-custom-label=\"Contextuel\" data-gtm-event=\"customEventSPE\" data-fig-domain=\"LEFIGARO\" target=\"_blank\" rel=\"noopener\">candidat au Ballon d\u2019Or<\/a>. S\u2019il n\u2019a pas marqu\u00e9 samedi contre l\u2019Inter (1 seul but depuis avril), son attitude et son pressing ont marqu\u00e9 les esprits, prouvant aussi qu\u2019un attaquant pouvait montrer l\u2019exemple et harceler ses adversaires\u2026 En mars contre la Croatie en quarts de finale retour de la Ligue des nations (2-0), Demb\u00e9l\u00e9, buteur, avait \u00e9volu\u00e9 \u00e0 droite de l\u2019attaque fran\u00e7aise (Mbapp\u00e9 en 9, Olise en soutien, Barcola \u00e0 gauche), dans une rencontre joliment n\u00e9goci\u00e9e par des Bleus entreprenants et s\u00e9duisants.<\/p>\n<p>Dou\u00e9, le ph\u00e9nom\u00e8ne<\/p>\n<p class=\"fig-paragraph\">Charge \u00e0 Deschamps de trouver la bonne formule, en manageant les statuts et ego d\u2019un vestiaire pas toujours simple \u00e0 g\u00e9rer avec le renouvellement des g\u00e9n\u00e9rations. De son c\u00f4t\u00e9, le public fran\u00e7ais ne demande l\u00e9gitimement qu\u2019\u00e0 revoir les h\u00e9ros du PSG en action, notamment un\u00a0<a href=\"http:\/\/www.lefigaro.fr\/sports\/football\/ligue-des-champions\/desire-doue-naissance-d-un-phenomene-20250601\" data-fig-type=\"Article\" data-gtm-custom-categorie=\"navigation\" data-gtm-custom-action=\"crossclick\" data-gtm-custom-label=\"Contextuel\" data-gtm-event=\"customEventSPE\" data-fig-domain=\"LEFIGARO\" target=\"_blank\" rel=\"noopener\">D\u00e9sir\u00e9 Dou\u00e9 (2 buts et 1 passe d\u00e9cisive contre l\u2019Inter) nouveau ph\u00e9nom\u00e8ne du football tricolore<\/a>, et \u00e0 vivre des \u00e9motions. Cela n\u2019aura pas la saveur d\u2019une victoire en Ligue des champions, mais la perspective de vivre une nouvelle belle soir\u00e9e, avec un titre \u00e0 d\u00e9crocher dimanche, n\u2019est pas \u00e0 n\u00e9gliger. Retourner \u00e0 Munich en ce moment tout sauf une mauvaise id\u00e9e.<\/p>\n","protected":false},"excerpt":{"rendered":"Oppos\u00e9s \u00e0 leurs tombeurs de l\u2019Euro sacr\u00e9s en 2024, les Bleus passent un grand test, ce jeudi soir,&hellip;\n","protected":false},"author":2,"featured_media":152561,"comment_status":"","ping_status":"","sticky":false,"template":"","format":"standard","meta":{"footnotes":""},"categories":[4],"tags":[11,672,828,525,8976,1640,123,1011,27,6477,3022,23733,955,23734,12,2782,6996,25,1980,455],"class_list":{"0":"post-152560","1":"post","2":"type-post","3":"status-publish","4":"format-standard","5":"has-post-thumbnail","7":"category-france","8":"tag-actualites","9":"tag-allemagne","10":"tag-belgique","11":"tag-calendrier","12":"tag-classements","13":"tag-desire-doue","14":"tag-espagne","15":"tag-fr","16":"tag-france","17":"tag-kylian-mbappe","18":"tag-ligue","19":"tag-ligue-des-nations","20":"tag-match","21":"tag-match-en-direct","22":"tag-news","23":"tag-ousmane-dembele","24":"tag-portugal","25":"tag-republique-francaise","26":"tag-resultats","27":"tag-uefa"},"share_on_mastodon":{"url":"https:\/\/pubeurope.com\/@fr\/114627638887980457","error":""},"_links":{"self":[{"href":"https:\/\/www.europesays.com\/fr\/wp-json\/wp\/v2\/posts\/152560","targetHints":{"allow":["GET"]}}],"collection":[{"href":"https:\/\/www.europesays.com\/fr\/wp-json\/wp\/v2\/posts"}],"about":[{"href":"https:\/\/www.europesays.com\/fr\/wp-json\/wp\/v2\/types\/post"}],"author":[{"embeddable":true,"href":"https:\/\/www.europesays.com\/fr\/wp-json\/wp\/v2\/users\/2"}],"replies":[{"embeddable":true,"href":"https:\/\/www.europesays.com\/fr\/wp-json\/wp\/v2\/comments?post=152560"}],"version-history":[{"count":0,"href":"https:\/\/www.europesays.com\/fr\/wp-json\/wp\/v2\/posts\/152560\/revisions"}],"wp:featuredmedia":[{"embeddable":true,"href":"https:\/\/www.europesays.com\/fr\/wp-json\/wp\/v2\/media\/152561"}],"wp:attachment":[{"href":"https:\/\/www.europesays.com\/fr\/wp-json\/wp\/v2\/media?parent=152560"}],"wp:term":[{"taxonomy":"category","embeddable":true,"href":"https:\/\/www.europesays.com\/fr\/wp-json\/wp\/v2\/categories?post=152560"},{"taxonomy":"post_tag","embeddable":true,"href":"https:\/\/www.europesays.com\/fr\/wp-json\/wp\/v2\/tags?post=152560"}],"curies":[{"name":"wp","href":"https:\/\/api.w.org\/{rel}","templated":true}]}}