{"id":152566,"date":"2025-06-04T23:20:14","date_gmt":"2025-06-04T23:20:14","guid":{"rendered":"https:\/\/www.europesays.com\/fr\/152566\/"},"modified":"2025-06-04T23:20:14","modified_gmt":"2025-06-04T23:20:14","slug":"quartararo-norris-les-meilleurs-de-la-motogp-et-de-la-f1-echangent-leurs-combinaisons","status":"publish","type":"post","link":"https:\/\/www.europesays.com\/fr\/152566\/","title":{"rendered":"Quartararo, Norris, les meilleurs de la MotoGP et de la F1 \u00e9changent leurs combinaisons !"},"content":{"rendered":"<p>La s\u00e9quence s\u2019est d\u00e9roul\u00e9e au Grand-Prix d\u2019Espagne de F1, dans l\u2019environnement de l\u2019\u00e9curie Mclaren, qui domine le championnat du mode cette saison. Fabio Quartararo, poleman des trois derniers Grand-Prix en MotoGP, \u00e9tait invit\u00e9 par l\u2019\u00e9quipe Britannique pour un \u00e9change de combinaisons avec son coll\u00e8gue Britannique. Un instant immortalis\u00e9, en image et en vid\u00e9o.<\/p>\n<blockquote class=\"twitter-tweet\">\n<p dir=\"ltr\" lang=\"und\">\ud83c\udfc1 <a href=\"https:\/\/twitter.com\/F1?ref_src=twsrc%5Etfw\" target=\"_blank\" rel=\"noopener\">@F1<\/a> x <a href=\"https:\/\/twitter.com\/MotoGP?ref_src=twsrc%5Etfw\" target=\"_blank\" rel=\"noopener\">@MotoGP<\/a> \ud83c\udfc1<a href=\"https:\/\/twitter.com\/hashtag\/McLaren?src=hash&amp;ref_src=twsrc%5Etfw\" target=\"_blank\" rel=\"noopener\">#McLaren<\/a> | <a href=\"https:\/\/twitter.com\/hashtag\/M7AReborn?src=hash&amp;ref_src=twsrc%5Etfw\" target=\"_blank\" rel=\"noopener\">#M7AReborn<\/a> | <a href=\"https:\/\/twitter.com\/hashtag\/SpanishGP?src=hash&amp;ref_src=twsrc%5Etfw\" target=\"_blank\" rel=\"noopener\">#SpanishGP<\/a> \ud83c\uddea\ud83c\uddf8 <a href=\"https:\/\/t.co\/crTc7r7zQe\" target=\"_blank\">https:\/\/t.co\/crTc7r7zQe<\/a> <a href=\"https:\/\/t.co\/d7vffOXHfU\" target=\"_blank\">pic.twitter.com\/d7vffOXHfU<\/a><\/p>\n<p>\u2014 McLaren (@McLarenF1) <a href=\"https:\/\/twitter.com\/McLarenF1\/status\/1928506775378035146?ref_src=twsrc%5Etfw\" target=\"_blank\" rel=\"noopener\">May 30, 2025<\/a><\/p>\n<\/blockquote>\n<p>Article publi\u00e9 le 04\/06\/2025 \u00e0 11h50<\/p>\n<p>                                            <img loading=\"lazy\" alt=\"\" class=\"avatar avatar-100 photo lazyload\" height=\"100\" width=\"100\" decoding=\"async\" src=\"https:\/\/www.europesays.com\/fr\/wp-content\/uploads\/2025\/06\/1749079214_224_ffbb894c35ea5189d599d4ea062c98b86ffb67cc602fa683ebcbf422a80fc47a\"  data-eio-rwidth=\"100\" data-eio-rheight=\"100\"\/><\/p>\n<p class=\"h2\">\n                                            Julien Barthet\n                                        <\/p>\n<p>R\u00e9dacteur professionnel, titulaire de la carte de presse pendant 3 ans. Fondateur\/Directeur et R\u00e9dacteur en chef Le Mag Sport Auto et LeMagJeuxHighTech.com.&#13;<br \/>\nEx-Pilote automobile : 55 courses (Formule Ford, F.Campus, Coupe 206 Sprint et Relais, Saxo, Ford Fiesta Allemagne, Mitjet) 1 Victoire. Essais F3, Nascar Euro, Caterham, F.Renault, etc.<\/p>\n<p>                                                                                                                            <a href=\"https:\/\/lemagsportauto.ouest-france.fr\/author\/lmsa_adm\/\" title=\"Julien Barthet\" target=\"_blank\" rel=\"noopener\"><br \/>\n                                                Voir les publications de l&rsquo;auteur<br \/>\n                                            <\/a><\/p>\n<p>                                <script async src=\"https:\/\/platform.twitter.com\/widgets.js\" charset=\"utf-8\"><\/script><\/p>\n","protected":false},"excerpt":{"rendered":"La s\u00e9quence s\u2019est d\u00e9roul\u00e9e au Grand-Prix d\u2019Espagne de F1, dans l\u2019environnement de l\u2019\u00e9curie Mclaren, qui domine le championnat&hellip;\n","protected":false},"author":2,"featured_media":152567,"comment_status":"","ping_status":"","sticky":false,"template":"","format":"standard","meta":{"footnotes":""},"categories":[1413],"tags":[1451,1680,1011,27,2243,1457,1456,1458,60],"class_list":{"0":"post-152566","1":"post","2":"type-post","3":"status-publish","4":"format-standard","5":"has-post-thumbnail","7":"category-moto","8":"tag-f1","9":"tag-fabio-quartararo","10":"tag-fr","11":"tag-france","12":"tag-lando-norris","13":"tag-moto","14":"tag-motocycle","15":"tag-motogp","16":"tag-sports"},"share_on_mastodon":{"url":"https:\/\/pubeurope.com\/@fr\/114627662536084249","error":""},"_links":{"self":[{"href":"https:\/\/www.europesays.com\/fr\/wp-json\/wp\/v2\/posts\/152566","targetHints":{"allow":["GET"]}}],"collection":[{"href":"https:\/\/www.europesays.com\/fr\/wp-json\/wp\/v2\/posts"}],"about":[{"href":"https:\/\/www.europesays.com\/fr\/wp-json\/wp\/v2\/types\/post"}],"author":[{"embeddable":true,"href":"https:\/\/www.europesays.com\/fr\/wp-json\/wp\/v2\/users\/2"}],"replies":[{"embeddable":true,"href":"https:\/\/www.europesays.com\/fr\/wp-json\/wp\/v2\/comments?post=152566"}],"version-history":[{"count":0,"href":"https:\/\/www.europesays.com\/fr\/wp-json\/wp\/v2\/posts\/152566\/revisions"}],"wp:featuredmedia":[{"embeddable":true,"href":"https:\/\/www.europesays.com\/fr\/wp-json\/wp\/v2\/media\/152567"}],"wp:attachment":[{"href":"https:\/\/www.europesays.com\/fr\/wp-json\/wp\/v2\/media?parent=152566"}],"wp:term":[{"taxonomy":"category","embeddable":true,"href":"https:\/\/www.europesays.com\/fr\/wp-json\/wp\/v2\/categories?post=152566"},{"taxonomy":"post_tag","embeddable":true,"href":"https:\/\/www.europesays.com\/fr\/wp-json\/wp\/v2\/tags?post=152566"}],"curies":[{"name":"wp","href":"https:\/\/api.w.org\/{rel}","templated":true}]}}