{"id":152568,"date":"2025-06-04T23:21:12","date_gmt":"2025-06-04T23:21:12","guid":{"rendered":"https:\/\/www.europesays.com\/fr\/152568\/"},"modified":"2025-06-04T23:21:12","modified_gmt":"2025-06-04T23:21:12","slug":"ronaldo-immuable-les-portugais-du-psg-infatigables-la-mannschaft-deplorable-les-tops-flops","status":"publish","type":"post","link":"https:\/\/www.europesays.com\/fr\/152568\/","title":{"rendered":"Ronaldo immuable, les Portugais du PSG infatigables, la Mannschaft d\u00e9plorable&#8230; Les tops\/flops"},"content":{"rendered":"<p>\u00c0 l\u2019issue de la qualification mercredi soir \u00e0 Munich des Portugais aux d\u00e9pens de l\u2019Allemagne, en demi-finale de la Ligue des nations (1-2), d\u00e9couvrez ce qui a plu&#8230; et d\u00e9plu \u00e0 la r\u00e9daction du Figaro.<\/p>\n<p class=\"fig-paragraph\"><strong>TOPS\u00a0<\/strong><\/p>\n<p>\u00c9ternel Cristiano Ronaldo<\/p>\n<p class=\"fig-paragraph\">137e but en 220 s\u00e9lections. Les chiffres qui chaperonnent la l\u00e9gendaire carri\u00e8re de \u00abCR7\u00bb n\u2019en finissent plus d\u2019\u00e9bahir le monde du foot. \u00c0 40 ans, le buteur de la Sele\u00e7ao a, une \u00e9ni\u00e8me fois, offert\u00a0<a href=\"http:\/\/www.lefigaro.fr\/sports\/football\/ligue-des-nations\/ligue-des-nations-le-portugal-renverse-l-allemagne-et-attend-les-bleus-en-finale-20250604\" data-fig-type=\"NewsFlash\" data-gtm-custom-categorie=\"navigation\" data-gtm-custom-action=\"crossclick\" data-gtm-custom-label=\"Contextuel\" data-gtm-event=\"customEventSPE\" data-fig-domain=\"LEFIGARO\" target=\"_blank\" rel=\"noopener\">la victoire \u00e0 son pays contre l\u2019Allemagne (2-1)<\/a>\u00a0ce mercredi, \u00e0 Munich, en demies de Ligue des nations. Tr\u00e8s en jambes et affam\u00e9 d\u00e8s le coup d\u2019envoi, la star lusitanienne s\u2019est d\u2019embl\u00e9e mise en lumi\u00e8re, causant des soucis \u00e0 la d\u00e9fense allemande. Toujours en recherche du but, l\u2019attaquant d\u2019Al-Nassr a parfaitement profit\u00e9 du superbe une-deux entre Nuno Mendes et Bruno Fernandes pour venir enterrer les espoirs allemands de finale (68e). Aff\u00fbt\u00e9e physiquement et encore terriblement pr\u00e9cis devant les filets, la l\u00e9gende lusitanienne en a encore sous les crampons. \u00c9ternel.<\/p>\n<p class=\"fig-body-link\">\n            \u00c0 lire aussi<br \/>\n        <a class=\"fig-body-link__link\" href=\"http:\/\/www.lefigaro.fr\/sports\/football\/ligue-des-nations\/ligue-des-nations-le-portugal-renverse-l-allemagne-et-attend-les-bleus-en-finale-20250604\" data-fig-type=\"NewsFlash\" data-gtm-custom-categorie=\"navigation\" data-gtm-custom-action=\"crossclick\" data-gtm-custom-label=\"Contextuel\" data-gtm-event=\"customEventSPE\" data-fig-domain=\"LEFIGARO\" target=\"_blank\" rel=\"noopener\">Ligue des nations\u00a0: le Portugal et Ronaldo renversent l\u2019Allemagne et attendent les Bleus en finale<br \/>\n    <\/a>\n<\/p>\n<p>La dynamite Francisco Concei\u00e7ao<\/p>\n<p class=\"fig-paragraph\">M\u00eame s\u2019il n\u2019a jou\u00e9 qu\u2019une demi-heure, le jeune offensif portugais est l\u2019homme du match. En venant fouler la pelouse munichoise lors de son entr\u00e9e en jeu (60e), l\u2019attaquant de la Juventus a sonn\u00e9 la fin de la solidit\u00e9 de la d\u00e9fense allemande. D\u2019un splendide num\u00e9ro quelques minutes apr\u00e8s sa sortie de banc, le Lusitanien de 22 ans est venu enrouler une terrible frappe du gauche, laissant Marc-Andr\u00e9 Ter Stegen sur place (63e). L\u2019ailier droit a tout simplement dynamit\u00e9 l\u2019arri\u00e8re-garde de la Mannschaft, intenable sur chacune de ses prises de balle. Impressionnant.<\/p>\n<p>Les Portugais du Paris SG infatigables<\/p>\n<p class=\"fig-paragraph\">On pouvait imaginer qu\u2019ils seraient l\u00e9g\u00e8rement emprunt\u00e9s physiquement&#8230; Il n\u2019en a rien \u00e9t\u00e9. Jo\u00e3o Neves, Nuno Mendes et Vitinha, sacr\u00e9s champions d\u2019Europe avec le PSG samedi dernier dans cette m\u00eame enceinte munichoise, ont remis le bleu de chauffe, et de quelle mani\u00e8re. Align\u00e9s d\u2019entr\u00e9e par leur s\u00e9lectionneur Roberto Martinez, les deux premiers ont, une nouvelle fois, \u00e9t\u00e9 \u00e9tincelants. Apr\u00e8s que Neves est c\u00e9d\u00e9 sa place \u00e0 l\u2019heure de jeu, Mendes s\u2019est, lui, mu\u00e9 en passeur d\u00e9cisif sur le but de Cristiano Ronaldo (68e). Vitinha, entr\u00e9 en jeu \u00e0 la 58e minute, s\u2019est \u00e9galement illustr\u00e9 par ses num\u00e9ros techniques dont lui seul a le secret. Quatri\u00e8me et dernier joueur du PSG dans les rangs de la Sele\u00e7ao, Gon\u00e7alo Ramos n\u2019a pas pris part au spectacle.<\/p>\n<p class=\"fig-paragraph\"><strong>FLOPS\u00a0<\/strong><\/p>\n<p>La Mannschaft s\u2019est (compl\u00e8tement) \u00e9croul\u00e9e<\/p>\n<p class=\"fig-paragraph\">Comment ont-ils pu se liqu\u00e9fier \u00e0 ce point\u00a0? Alors qu\u2019ils venaient d\u2019ouvrir le score et avaient le match en main, les Allemands ont disparu des radars lors de la derni\u00e8re demi-heure de jeu, laissant les Portugais dans un fauteuil. Cela faisait 25 ans que la Mannschaft n\u2019avait plus perdu un match officiel face au Portugal&#8230; En pleine reconstruction, cette Allemagne-l\u00e0 fait peine \u00e0 voir et n\u2019a plus rien de celle qui dominait le foot il y a encore quelques ann\u00e9es.<\/p>\n<p class=\"fig-body-link\">\n            \u00c0 lire aussi<br \/>\n        <a class=\"fig-body-link__link\" href=\"http:\/\/www.lefigaro.fr\/sports\/football\/ligue-des-nations\/france-espagne-les-bleus-avec-dembele-mbappe-et-doue-d-entree-20250604\" data-fig-type=\"NewsFlash\" data-gtm-custom-categorie=\"navigation\" data-gtm-custom-action=\"crossclick\" data-gtm-custom-label=\"Contextuel\" data-gtm-event=\"customEventSPE\" data-fig-domain=\"LEFIGARO\" target=\"_blank\" rel=\"noopener\">France-Espagne\u00a0: vers un trio d\u2019attaque Mbapp\u00e9, Demb\u00e9l\u00e9\u2026 et Dou\u00e9 pour les Bleus\u00a0?<br \/>\n    <\/a>\n<\/p>\n<p>Toujours pas de titre en Ligue des nations pour l\u2019Allemagne<\/p>\n<p class=\"fig-paragraph\">Seule \u00e9quipe de ce Final Four a n\u2019avoir jamais remport\u00e9 la comp\u00e9tition, la Mannschaft avait une belle occasion cette semaine pour glaner son premier titre en Ligue des nations. C\u2019est rat\u00e9. Avec plus aucun champion du monde de 2014 dans ses rangs, l\u2019Allemagne semble \u00e0 des ann\u00e9es-lumi\u00e8re de son niveau d\u2019antan. Si ce nouveau cycle a d\u00e9j\u00e0 d\u00e9marr\u00e9 depuis quelques saisons, Julian Nagelsamnn a encore \u00e9norm\u00e9ment de travail.<\/p>\n","protected":false},"excerpt":{"rendered":"\u00c0 l\u2019issue de la qualification mercredi soir \u00e0 Munich des Portugais aux d\u00e9pens de l\u2019Allemagne, en demi-finale de&hellip;\n","protected":false},"author":2,"featured_media":152569,"comment_status":"","ping_status":"","sticky":false,"template":"","format":"standard","meta":{"footnotes":""},"categories":[1412],"tags":[672,828,525,8976,13282,123,1451,1452,1453,1454,1455,1011,27,3022,23733,955,23734,6996,1980,60,455],"class_list":{"0":"post-152568","1":"post","2":"type-post","3":"status-publish","4":"format-standard","5":"has-post-thumbnail","7":"category-f1","8":"tag-allemagne","9":"tag-belgique","10":"tag-calendrier","11":"tag-classements","12":"tag-cristiano-ronaldo","13":"tag-espagne","14":"tag-f1","15":"tag-formula-1","16":"tag-formula1","17":"tag-formule-1","18":"tag-formule1","19":"tag-fr","20":"tag-france","21":"tag-ligue","22":"tag-ligue-des-nations","23":"tag-match","24":"tag-match-en-direct","25":"tag-portugal","26":"tag-resultats","27":"tag-sports","28":"tag-uefa"},"share_on_mastodon":{"url":"https:\/\/pubeurope.com\/@fr\/114627666902242867","error":""},"_links":{"self":[{"href":"https:\/\/www.europesays.com\/fr\/wp-json\/wp\/v2\/posts\/152568","targetHints":{"allow":["GET"]}}],"collection":[{"href":"https:\/\/www.europesays.com\/fr\/wp-json\/wp\/v2\/posts"}],"about":[{"href":"https:\/\/www.europesays.com\/fr\/wp-json\/wp\/v2\/types\/post"}],"author":[{"embeddable":true,"href":"https:\/\/www.europesays.com\/fr\/wp-json\/wp\/v2\/users\/2"}],"replies":[{"embeddable":true,"href":"https:\/\/www.europesays.com\/fr\/wp-json\/wp\/v2\/comments?post=152568"}],"version-history":[{"count":0,"href":"https:\/\/www.europesays.com\/fr\/wp-json\/wp\/v2\/posts\/152568\/revisions"}],"wp:featuredmedia":[{"embeddable":true,"href":"https:\/\/www.europesays.com\/fr\/wp-json\/wp\/v2\/media\/152569"}],"wp:attachment":[{"href":"https:\/\/www.europesays.com\/fr\/wp-json\/wp\/v2\/media?parent=152568"}],"wp:term":[{"taxonomy":"category","embeddable":true,"href":"https:\/\/www.europesays.com\/fr\/wp-json\/wp\/v2\/categories?post=152568"},{"taxonomy":"post_tag","embeddable":true,"href":"https:\/\/www.europesays.com\/fr\/wp-json\/wp\/v2\/tags?post=152568"}],"curies":[{"name":"wp","href":"https:\/\/api.w.org\/{rel}","templated":true}]}}