{"id":152574,"date":"2025-06-04T23:24:22","date_gmt":"2025-06-04T23:24:22","guid":{"rendered":"https:\/\/www.europesays.com\/fr\/152574\/"},"modified":"2025-06-04T23:24:22","modified_gmt":"2025-06-04T23:24:22","slug":"une-societaire-des-grosses-tetes-revele-avoir-ete-victime-dun-grave-accident-de-voiture","status":"publish","type":"post","link":"https:\/\/www.europesays.com\/fr\/152574\/","title":{"rendered":"Une soci\u00e9taire des Grosses T\u00eates r\u00e9v\u00e8le avoir \u00e9t\u00e9 victime d&rsquo;un grave accident de voiture"},"content":{"rendered":"<p>Ce mercredi 4 juin dans Les Grosses T\u00eates, Laurent Ruquier a r\u00e9v\u00e9l\u00e9 que l&rsquo;une de ses soci\u00e9taires a \u00e9t\u00e9 victime d&rsquo;un accident de voiture. Sortie indemne, la principale int\u00e9ress\u00e9e \u00e0 racont\u00e9 ce qui lui \u00e9tait arriv\u00e9. <\/p>\n<p>Pendant 49 ans, Julie Leclerc a \u00e9t\u00e9 <a href=\"https:\/\/www.programme-tv.net\/news\/people\/212524-decouvrez-qui-va-remplacer-julie-leclerc-la-voix-historique-deurope-1\/\" data-api-deeplink=\"teleloisirs:\/\/news\/212524\" target=\"_blank\" rel=\"noopener\">l&rsquo;une des voix embl\u00e9matiques d&rsquo;Europe 1<\/a>, o\u00f9 elle a collabor\u00e9 avec plusieurs animateurs comme <a href=\"https:\/\/www.programme-tv.net\/biographie\/619-fogiel-marc-olivier\/\" data-link-people=\"3d0929df-e1b7-42d5-b937-2394577e5091\" target=\"_blank\" rel=\"noopener\">Marc-Olivier Fogiel<\/a>, <a href=\"https:\/\/www.programme-tv.net\/biographie\/513-drucker-michel\/\" data-link-people=\"7c97fddf-70ec-49d0-83b3-cad98eb2ec24\" target=\"_blank\" rel=\"noopener\">Michel Drucker<\/a> et Nicolas Cantaloup. Mais en 2021, <a href=\"https:\/\/www.programme-tv.net\/news\/people\/333786-mort-de-gerard-leclerc-qui-est-sa-femme-julie-leclerc-voix-emblematique-deurope-1\/\" data-api-deeplink=\"teleloisirs:\/\/news\/333786\" target=\"_blank\" rel=\"noopener\">l&rsquo;animatrice a \u00e9t\u00e9 contrainte de quitter la station de radio<\/a>. \u00ab\u00a0J&rsquo;\u00e9tais en vacances, je l&rsquo;ai appris par un coup de fil. [\u2026] Je ne faisais plus que Canteloup, donc si Canteloup arr\u00eate, j&rsquo;arr\u00eate. Il devait faire l&rsquo;ann\u00e9e qui vient [\u2026] donc j&rsquo;\u00e9tais persuad\u00e9e qu&rsquo;on ferait encore une ann\u00e9e. Donc on est partis tranquilles, \u00e0 bient\u00f4t. Puis on m&rsquo;a parl\u00e9 de l&rsquo;arr\u00eat de <a href=\"https:\/\/www.programme-tv.net\/biographie\/51818-canteloup-nicolas\/\" data-link-people=\"bfa5a53c-50de-4b3e-9ce6-5c8f39119349\" target=\"_blank\" rel=\"noopener\">Nicolas Canteloup<\/a>. [&#8230;] Nicolas arr\u00eate, tu arr\u00eates aussi\u00a0\u00bb, avait-elle expliqu\u00e9 sur le plateau de Quotidien. <\/p>\n<p>Julie Leclerc victime d&rsquo;un accident de voiture sur l&rsquo;autoroute<\/p>\n<p>Apr\u00e8s son d\u00e9part d&rsquo;Europe 1, Julie Leclerc a rejoint Les Grosses T\u00eates de Laurent Ruquier sur RTL. Dans l&rsquo;\u00e9mission in\u00e9dite de ce mercredi 4 juin, l&rsquo;animateur a r\u00e9v\u00e9l\u00e9 que sa soci\u00e9taire a \u00e9t\u00e9 victime d&rsquo;un accident de la route. \u00ab\u00a0Vous \u00eates solide comme une horloge normande parce que je sais que vous avez fait des tonneaux avec votre voiture et vous \u00eates ressortie intacte\u00a0\u00bb, lui a-t-il lanc\u00e9. <b>\u00ab\u00a0Oui, et ma voiture est \u00e0 la casse\u00a0\u00bb<\/b>, a confirm\u00e9 l&rsquo;ancienne speakerine. \u00ab\u00a0Combien de tonneaux vous avez faits ?\u00a0\u00bb, a voulu savoir Laurent Ruquier. \u00ab\u00a0Deux tonneaux sur l&rsquo;autoroute. Un type m&rsquo;est rentr\u00e9 dedans lat\u00e9ralement\u00a0\u00bb, a expliqu\u00e9 Julie Leclerc, qui a fait preuve d&rsquo;un incroyable sang-froid lors de cet accident. <b>\u00ab\u00a0J&rsquo;ai termin\u00e9 sur le toit. Alors que j&rsquo;\u00e9tais sur la file de gauche, je me suis retrouv\u00e9e sur la bande d&rsquo;arr\u00eat d&rsquo;urgence. J&rsquo;ai ouvert ma porti\u00e8re et je suis sortie de ma voiture qui \u00e9tait sur le toit avec les roues qui tournent\u00a0\u00bb<\/b>, a-t-elle racont\u00e9.<\/p>\n<p>                        Julie Leclerc a perdu son mari G\u00e9rard Leclerc dans un accident d&rsquo;avion<\/p>\n<p>Le 15 ao\u00fbt 2023, Julie Leclerc a perdu son mari, le journaliste G\u00e9rard Leclerc, <a href=\"https:\/\/www.programme-tv.net\/news\/people\/378877-c-etait-inattendu-violent-julien-clerc-revient-sur-la-mort-de-son-frere-gerard-leclerc-dans-un-accident-d-avion\/\" data-api-deeplink=\"teleloisirs:\/\/news\/378877\" target=\"_blank\" rel=\"noopener\">dans un accident d&rsquo;avion de tourisme<\/a>. Un drame sur lequel elle ne s&rsquo;est jamais publiquement exprim\u00e9e, \u00e0 l&rsquo;inverse de son beau-fr\u00e8re <a href=\"https:\/\/www.programme-tv.net\/biographie\/22395-clerc-julien\/\" data-link-people=\"ae476c35-a239-4d74-b6e6-85acd69dd9ef\" target=\"_blank\" rel=\"noopener\">Julien Clerc<\/a>. \u00ab\u00a0\u00c7a a \u00e9t\u00e9 affreux. C&rsquo;est moi qui l&rsquo;ai annonc\u00e9 \u00e0 mon fr\u00e8re et mes s\u0153urs. C&rsquo;\u00e9tait inattendu, violent, \u00e9videmment, comme toute disparition, mais cela lui ressemblait aussi un peu\u00a0\u00bb, a r\u00e9cemment confi\u00e9 le chanteur au magazine Paris Match. Mari\u00e9s depuis 1981, Julie et G\u00e9rard Leclerc ont eu trois enfants : Charlotte et les jumeaux Antoine et Mathieu.<\/p>\n","protected":false},"excerpt":{"rendered":"Ce mercredi 4 juin dans Les Grosses T\u00eates, Laurent Ruquier a r\u00e9v\u00e9l\u00e9 que l&rsquo;une de ses soci\u00e9taires a&hellip;\n","protected":false},"author":2,"featured_media":152575,"comment_status":"","ping_status":"","sticky":false,"template":"","format":"standard","meta":{"footnotes":""},"categories":[1359],"tags":[244,58,59,1011,27,28231,1759,13687,973,2700],"class_list":{"0":"post-152574","1":"post","2":"type-post","3":"status-publish","4":"format-standard","5":"has-post-thumbnail","7":"category-people","8":"tag-commentaire","9":"tag-divertissement","10":"tag-entertainment","11":"tag-fr","12":"tag-france","13":"tag-julie-leclerc","14":"tag-laurent-ruquier","15":"tag-les-grosses-tu00eates","16":"tag-people","17":"tag-rtl"},"share_on_mastodon":{"url":"https:\/\/pubeurope.com\/@fr\/114627678341140201","error":""},"_links":{"self":[{"href":"https:\/\/www.europesays.com\/fr\/wp-json\/wp\/v2\/posts\/152574","targetHints":{"allow":["GET"]}}],"collection":[{"href":"https:\/\/www.europesays.com\/fr\/wp-json\/wp\/v2\/posts"}],"about":[{"href":"https:\/\/www.europesays.com\/fr\/wp-json\/wp\/v2\/types\/post"}],"author":[{"embeddable":true,"href":"https:\/\/www.europesays.com\/fr\/wp-json\/wp\/v2\/users\/2"}],"replies":[{"embeddable":true,"href":"https:\/\/www.europesays.com\/fr\/wp-json\/wp\/v2\/comments?post=152574"}],"version-history":[{"count":0,"href":"https:\/\/www.europesays.com\/fr\/wp-json\/wp\/v2\/posts\/152574\/revisions"}],"wp:featuredmedia":[{"embeddable":true,"href":"https:\/\/www.europesays.com\/fr\/wp-json\/wp\/v2\/media\/152575"}],"wp:attachment":[{"href":"https:\/\/www.europesays.com\/fr\/wp-json\/wp\/v2\/media?parent=152574"}],"wp:term":[{"taxonomy":"category","embeddable":true,"href":"https:\/\/www.europesays.com\/fr\/wp-json\/wp\/v2\/categories?post=152574"},{"taxonomy":"post_tag","embeddable":true,"href":"https:\/\/www.europesays.com\/fr\/wp-json\/wp\/v2\/tags?post=152574"}],"curies":[{"name":"wp","href":"https:\/\/api.w.org\/{rel}","templated":true}]}}