{"id":152576,"date":"2025-06-04T23:25:13","date_gmt":"2025-06-04T23:25:13","guid":{"rendered":"https:\/\/www.europesays.com\/fr\/152576\/"},"modified":"2025-06-04T23:25:13","modified_gmt":"2025-06-04T23:25:13","slug":"sur-la-cote-anglaise-une-maison-de-vacances-aux-airs-de-bateau-viking","status":"publish","type":"post","link":"https:\/\/www.europesays.com\/fr\/152576\/","title":{"rendered":"Sur la c\u00f4te anglaise, une maison de vacances aux airs de bateau viking"},"content":{"rendered":"<p><strong>Une maison de vacances inspir\u00e9e du bateau viking dans le West Sussex, en Angleterre.<\/strong><\/p>\n<p>La demande \u00e9tait des plus classiques : agrandir la maison de <a href=\"https:\/\/www.admagazine.fr\/galerie\/ete-2025-destinations-hors-sentiers-battus\" target=\"_blank\" rel=\"noopener\">vacances<\/a> d\u2019une famille de cinq personnes. La r\u00e9ponse de l\u2019agence d\u2019architecture, en revanche, s\u2019est r\u00e9v\u00e9l\u00e9e tout sauf conventionnelle. \u00c0 Kingston Gorse, dans le sud de l\u2019Angleterre, sur la c\u00f4te du West Sussex, Finch Architecture a construit, \u00e0 c\u00f4t\u00e9 d\u2019un vieux b\u00e2timent datant de 1930, une imposante extension \u00e9voquant un bateau viking retourn\u00e9. Le rev\u00eatement rouge de ces volumes aux formes singuli\u00e8res se devine timidement derri\u00e8re le feuillage des arbres.<\/p>\n<p>\u00ab Nous avons effectivement eu du mal \u00e0 trouver un moyen convaincant d\u2019ajouter suffisamment d\u2019espace suppl\u00e9mentaire \u00e0 la maison d\u2019origine sans trop en d\u00e9naturer l\u2019<a href=\"https:\/\/www.admagazine.fr\/article\/honfleur-nouvelle-maison-maitre\" target=\"_blank\" rel=\"noopener\">esprit<\/a> \u00bb, explique Nico Warr, fondateur de Finch Architecture. \u00ab Il s\u2019est av\u00e9r\u00e9 qu\u2019il fallait presque doubler la surface existante pour r\u00e9pondre aux ambitions de la famille. \u00bb Car si cette maison n\u2019est \u00ab que \u00bb leur r\u00e9sidence de vacances, la famille l\u2019occupe presque tous les week-ends. Tr\u00e8s sociable, elle y re\u00e7oit souvent parents et amis, qui y passent aussi la nuit.<\/p>\n<p>Pour agrandir cette maison des ann\u00e9es 1930, Finch Architecture a mis\u00e9 sur le contraste.<\/p>\n<p>L\u2019extension s\u2019apparente presque \u00e0 une sculpture dans laquelle on peut vivre. Pour les panneaux de cuivre, l\u2019<a href=\"https:\/\/www.admagazine.fr\/article\/paris-appartement-architecte-brut-minimaliste\" target=\"_blank\" rel=\"noopener\">architecte<\/a> Nico Warr s\u2019est inspir\u00e9 du c\u00e9l\u00e8bre sculpteur Richard Serra.<\/p>\n<p>Des inspirations maritimes, loin des clich\u00e9s habituels<\/p>\n<p>\u00ab Nous avons eu l\u2019id\u00e9e de remplacer un ancien atelier qui se trouvait \u00e0 c\u00f4t\u00e9 de la maison. Bien s\u00fbr, ce b\u00e2timent en forme de garage \u00e9tait nettement plus petit, mais il nous a ouvert mentalement la possibilit\u00e9 de s\u00e9parer le nouveau b\u00e2timent de l\u2019ancien. \u00bb La question suivante \u00e9tait de savoir s\u2019il fallait copier ou contraster \u2013 c\u2019est-\u00e0-dire concevoir l\u2019extension dans le m\u00eame style que le b\u00e2timent d\u2019origine ou prendre une voie plus <a href=\"https:\/\/www.admagazine.fr\/article\/maison-moderne-pente-impossible\" target=\"_blank\" rel=\"noopener\">moderne<\/a>. Nico Warr a opt\u00e9 pour cette derni\u00e8re solution. Il ne consid\u00e8re toutefois pas cette d\u00e9cision comme dogmatique : \u00ab Je ne pense pas que ce soit une question de bien ou de mal. Il existe un certain nombre de cas o\u00f9 le style original a \u00e9t\u00e9 copi\u00e9 avec succ\u00e8s, mais je ne pense pas que nous aurions obtenu ce que nous voulions cr\u00e9er de cette mani\u00e8re ici. \u00bb<\/p>\n<p>Par ailleurs, les ma\u00eetres d\u2019ouvrage souhaitaient express\u00e9ment voir na\u00eetre un projet hors du commun. \u00ab Surprenez-nous \u00bb, ont-ils lanc\u00e9 lors du briefing. \u00ab Nous avons eu un \u00e9change tr\u00e8s enrichissant \u00bb, r\u00e9sume l\u2019<a href=\"https:\/\/www.admagazine.fr\/article\/comment-devenir-architecte-interieur\" target=\"_blank\" rel=\"noopener\">architecte<\/a>. \u00ab Nous avons explor\u00e9 la c\u00f4te voisine, pris des photos, ramass\u00e9 des pierres, du bois flott\u00e9, ce genre de choses. C\u2019\u00e9tait un moment merveilleux, exactement le type de mission dont on r\u00eave en tant qu\u2019architecte ou designer. \u00bb La forme finale de l\u2019extension est le fruit de ces multiples impressions, tout en rendant hommage \u00e0 d\u2019anciennes traditions nordiques o\u00f9 les bateaux retourn\u00e9s servaient d\u2019abris. Ce dialogue entre h\u00e9ritage maritime et mat\u00e9riaux puis\u00e9s sur le littoral a donn\u00e9 naissance \u00e0 un langage architectural unique.<\/p>\n","protected":false},"excerpt":{"rendered":"Une maison de vacances inspir\u00e9e du bateau viking dans le West Sussex, en Angleterre. La demande \u00e9tait des&hellip;\n","protected":false},"author":2,"featured_media":152577,"comment_status":"","ping_status":"","sticky":false,"template":"","format":"standard","meta":{"footnotes":""},"categories":[1358],"tags":[4708,1348,1384,1385,1386,58,59,1011,27],"class_list":{"0":"post-152576","1":"post","2":"type-post","3":"status-publish","4":"format-standard","5":"has-post-thumbnail","7":"category-arts-et-design","8":"tag-angleterre","9":"tag-arts","10":"tag-arts-and-design","11":"tag-arts-et-design","12":"tag-design","13":"tag-divertissement","14":"tag-entertainment","15":"tag-fr","16":"tag-france"},"share_on_mastodon":{"url":"https:\/\/pubeurope.com\/@fr\/114627682306388010","error":""},"_links":{"self":[{"href":"https:\/\/www.europesays.com\/fr\/wp-json\/wp\/v2\/posts\/152576","targetHints":{"allow":["GET"]}}],"collection":[{"href":"https:\/\/www.europesays.com\/fr\/wp-json\/wp\/v2\/posts"}],"about":[{"href":"https:\/\/www.europesays.com\/fr\/wp-json\/wp\/v2\/types\/post"}],"author":[{"embeddable":true,"href":"https:\/\/www.europesays.com\/fr\/wp-json\/wp\/v2\/users\/2"}],"replies":[{"embeddable":true,"href":"https:\/\/www.europesays.com\/fr\/wp-json\/wp\/v2\/comments?post=152576"}],"version-history":[{"count":0,"href":"https:\/\/www.europesays.com\/fr\/wp-json\/wp\/v2\/posts\/152576\/revisions"}],"wp:featuredmedia":[{"embeddable":true,"href":"https:\/\/www.europesays.com\/fr\/wp-json\/wp\/v2\/media\/152577"}],"wp:attachment":[{"href":"https:\/\/www.europesays.com\/fr\/wp-json\/wp\/v2\/media?parent=152576"}],"wp:term":[{"taxonomy":"category","embeddable":true,"href":"https:\/\/www.europesays.com\/fr\/wp-json\/wp\/v2\/categories?post=152576"},{"taxonomy":"post_tag","embeddable":true,"href":"https:\/\/www.europesays.com\/fr\/wp-json\/wp\/v2\/tags?post=152576"}],"curies":[{"name":"wp","href":"https:\/\/api.w.org\/{rel}","templated":true}]}}