{"id":152590,"date":"2025-06-04T23:32:08","date_gmt":"2025-06-04T23:32:08","guid":{"rendered":"https:\/\/www.europesays.com\/fr\/152590\/"},"modified":"2025-06-04T23:32:08","modified_gmt":"2025-06-04T23:32:08","slug":"karine-le-marchand-la-star-de-lamour-est-dans-le-pre-jette-leponge","status":"publish","type":"post","link":"https:\/\/www.europesays.com\/fr\/152590\/","title":{"rendered":"Karine Le Marchand : la star de \u00ab\u00a0L\u2019amour est dans le pr\u00e9\u00a0\u00bb jette l\u2019\u00e9ponge"},"content":{"rendered":"<p><strong>\u00ab\u00a0Une ambition intime\u00a0\u00bb<\/strong> et <a href=\"https:\/\/www.public.fr\/tag\/karine-le-marchand\" target=\"_blank\" rel=\"noopener\">Karine Le Marchand<\/a>, c\u2019est fini ? Depuis 2016, l\u2019animatrice embl\u00e9matique de <strong>\u00ab\u00a0L\u2019amour est dans le pr\u00e9\u00a0\u00bb<\/strong> s\u2019\u00e9chappe quelques semaines des champs et des agriculteurs, pour s\u2019entretenir avec des hommes et des femmes politiques.\u00a0<\/p>\n<p><a href=\"https:\/\/vsd.fr\/tag\/karine-le-marchand\/\" target=\"_blank\" rel=\"noopener\">L\u2019animatrice<\/a> propose ainsi des portraits \u00ab\u00a0d\u00e9cal\u00e9s\u00a0\u00bb, mais sinc\u00e8res, des hommes et des femmes qui font l\u2019actualit\u00e9 politique fran\u00e7aise. En 2021, la soir\u00e9e\u00a0<strong>\u00ab\u00a0Une\u00a0ambition intime\u00a0\u00bb<\/strong> avait su rassembler 2,17\u00a0millions de t\u00e9l\u00e9spectateurs alors que Marine Le\u00a0Pen, Marl\u00e8ne Schiappa, Rachida Dati, Anne Hidalgo et Val\u00e9rie P\u00e9cresse, r\u00e9pondaient aux questions de l\u2019animatrice.\u00a0<\/p>\n<p>\u00c9chec pour le dernier num\u00e9ro de \u00ab\u00a0Une ambition intime\u00a0\u00bb<\/p>\n<p>Mais le dernier num\u00e9ro n\u2019a visiblement pas trouv\u00e9 preneur. Et pourtant, Jordan Bardella faisait partie des invit\u00e9s de Karine Le Marchand. En effet, selon M\u00e9diam\u00e9trie, l\u2019\u00e9mission de dimanche a attir\u00e9 seulement 1,46\u00a0million de t\u00e9l\u00e9spectateurs, soit 7,9\u00a0% du public de 4\u00a0ans et plus.<\/p>\n<p><a href=\"https:\/\/www.public.fr\/karine-le-marchand-sa-premiere-reaction-aux-audiences-decevantes-dune-ambition-intime\" target=\"_blank\" rel=\"noopener\">Un \u00e9chec pour M6 et Karine Le Marchand<\/a>, comme l\u2019a reconnu la principale int\u00e9ress\u00e9e. Cette derni\u00e8re n\u2019a d\u2019ailleurs pas h\u00e9sit\u00e9 \u00e0 prendre la parole sur son compte Instagram pour assumer les mauvaises audiences, et faire part de ses regrets.\u00a0<\/p>\n<p><strong>\u00ab\u00a0\u00c7a n\u2019a pas march\u00e9 comme je l\u2019esp\u00e9rais\u00a0\u00bb<\/strong>, a-t-elle reconnu dans un premier temps. Avant de poursuivre : \u00ab\u00a0Pour dire la v\u00e9rit\u00e9, \u00e7a a march\u00e9 selon les personnes. On s\u2019en doutait un petit peu, il y en a deux pour qui \u00e7a a mieux march\u00e9 que les deux autres. C\u2019est une r\u00e9alit\u00e9. On le savait, mais au final, \u00e7a fait une audience, on va dire, moyenne\u2026\u00a0\u00bb.<\/p>\n<p>Karine Le Marchand va-t-elle mettre fin \u00e0 son projet ? <\/p>\n<p>Toujours sur ses r\u00e9seaux sociaux, Karine Le Marchand a souhait\u00e9 d\u00e9fendre son projet et rappeler que les t\u00e9l\u00e9spectateurs avaient pu d\u00e9couvrir \u00ab\u00a0des personnes loin des clich\u00e9s avec beaucoup de bienveillance.\u00a0\u00bb<\/p>\n<p>Mais tout ce travail a visiblement \u00e9puis\u00e9 l\u2019animatrice. En effet, toujours ses r\u00e9seaux sociaux, la pr\u00e9sentatrice embl\u00e9matique du groupe M6 a annonc\u00e9 : <strong>\u00ab\u00a0C\u2019est ce que j\u2019ai voulu faire. Et maintenant, comme \u00e7a fait 2\u00a0ans que je suis dessus: je passe \u00e0 autre chose !\u00a0\u00bb<\/strong>.<\/p>\n<p>Reste \u00e0 savoir si par son \u00ab\u00a0je passe \u00e0 autre chose\u00a0\u00bb, Karine Le Marchand a annonc\u00e9 la fin d\u00e9finitive de <strong>\u00ab\u00a0Une ambition intime\u00a0\u00bb<\/strong>, ou si l\u2019animatrice souhaite simplement se concentrer pleinement sur la prochaine saison de <strong>\u00ab\u00a0L\u2019amour est dans le pr\u00e9\u00a0\u00bb<\/strong> \u00e0 venir. Une nouvelle saison dans laquelle un agriculteur n\u2019a d\u2019ailleurs toujours pas re\u00e7u de lettres.\u00a0<\/p>\n<p>      Mentionn\u00e9s dans cet article<\/p>\n<p>\u00c0 lire aussi<\/p>\n","protected":false},"excerpt":{"rendered":"\u00ab\u00a0Une ambition intime\u00a0\u00bb et Karine Le Marchand, c\u2019est fini ? Depuis 2016, l\u2019animatrice embl\u00e9matique de \u00ab\u00a0L\u2019amour est dans&hellip;\n","protected":false},"author":2,"featured_media":152591,"comment_status":"","ping_status":"","sticky":false,"template":"","format":"standard","meta":{"footnotes":""},"categories":[8],"tags":[58,59,1011,27,5413,9307,494,23801],"class_list":{"0":"post-152590","1":"post","2":"type-post","3":"status-publish","4":"format-standard","5":"has-post-thumbnail","7":"category-divertissement","8":"tag-divertissement","9":"tag-entertainment","10":"tag-fr","11":"tag-france","12":"tag-karine-le-marchand","13":"tag-lamour-est-dans-le-pre","14":"tag-m6","15":"tag-une-ambition-intime"},"share_on_mastodon":{"url":"https:\/\/pubeurope.com\/@fr\/114627709707544825","error":""},"_links":{"self":[{"href":"https:\/\/www.europesays.com\/fr\/wp-json\/wp\/v2\/posts\/152590","targetHints":{"allow":["GET"]}}],"collection":[{"href":"https:\/\/www.europesays.com\/fr\/wp-json\/wp\/v2\/posts"}],"about":[{"href":"https:\/\/www.europesays.com\/fr\/wp-json\/wp\/v2\/types\/post"}],"author":[{"embeddable":true,"href":"https:\/\/www.europesays.com\/fr\/wp-json\/wp\/v2\/users\/2"}],"replies":[{"embeddable":true,"href":"https:\/\/www.europesays.com\/fr\/wp-json\/wp\/v2\/comments?post=152590"}],"version-history":[{"count":0,"href":"https:\/\/www.europesays.com\/fr\/wp-json\/wp\/v2\/posts\/152590\/revisions"}],"wp:featuredmedia":[{"embeddable":true,"href":"https:\/\/www.europesays.com\/fr\/wp-json\/wp\/v2\/media\/152591"}],"wp:attachment":[{"href":"https:\/\/www.europesays.com\/fr\/wp-json\/wp\/v2\/media?parent=152590"}],"wp:term":[{"taxonomy":"category","embeddable":true,"href":"https:\/\/www.europesays.com\/fr\/wp-json\/wp\/v2\/categories?post=152590"},{"taxonomy":"post_tag","embeddable":true,"href":"https:\/\/www.europesays.com\/fr\/wp-json\/wp\/v2\/tags?post=152590"}],"curies":[{"name":"wp","href":"https:\/\/api.w.org\/{rel}","templated":true}]}}