{"id":152596,"date":"2025-06-04T23:35:09","date_gmt":"2025-06-04T23:35:09","guid":{"rendered":"https:\/\/www.europesays.com\/fr\/152596\/"},"modified":"2025-06-04T23:35:09","modified_gmt":"2025-06-04T23:35:09","slug":"vladimir-poutine-et-le-pape-leon-xiv-ont-evoque-le-conflit-en-ukraine-au-cours-dun-echange-telephonique","status":"publish","type":"post","link":"https:\/\/www.europesays.com\/fr\/152596\/","title":{"rendered":"Vladimir Poutine et le pape L\u00e9on XIV ont \u00e9voqu\u00e9 le conflit en Ukraine au cours d\u2019un \u00e9change t\u00e9l\u00e9phonique"},"content":{"rendered":"<p>D\u00e8s sa prise de fonction, le nouveau pape avait \u00e9voqu\u00e9 une \u00abUkraine martyris\u00e9e\u00bb marquant sa volont\u00e9 de contribuer au r\u00e8glement du conflit.<\/p>\n<p class=\"fig-paragraph\">Le pr\u00e9sident russe Vladimir Poutine a \u00e9voqu\u00e9 mercredi au t\u00e9l\u00e9phone avec le\u00a0<a href=\"https:\/\/www.lefigaro.fr\/international\/apres-avoir-evoque-l-ukraine-martyrisee-le-pape-va-recevoir-le-president-zelensky-20250518?msockid=1f5ab7783a426ee5250da2873b336f6a\" target=\"_blank\" data-fig-type=\"NewsFlash\" rel=\"noopener\" data-gtm-custom-categorie=\"navigation\" data-gtm-custom-action=\"crossclick\" data-gtm-custom-label=\"Contextuel\" data-gtm-event=\"customEventSPE\" data-fig-domain=\"LEFIGARO\">pape L\u00e9on XIV<\/a>\u00a0le conflit en Ukraine, affirmant vouloir atteindre la paix par des moyens \u00abdiplomatiques\u00bb mais accusant Kiev de chercher \u00abl&rsquo;escalade\u00bb des hostilit\u00e9s. \u00abVladimir Poutine a attir\u00e9 l&rsquo;attention sur le fait que le r\u00e9gime de Kiev mise sur l&rsquo;escalade du conflit et m\u00e8ne des actions de sabotage contre des infrastructures civiles sur le territoire russe\u00bb, a indiqu\u00e9 le Kremlin dans un communiqu\u00e9. Le dirigeant russe \u00aba r\u00e9affirm\u00e9 son int\u00e9r\u00eat pour la r\u00e9alisation de la paix par des moyens politiques et diplomatiques, soulignant que pour parvenir \u00e0 un r\u00e8glement d\u00e9finitif, juste et global de la crise, il \u00e9tait n\u00e9cessaire d&rsquo;en \u00e9liminer les causes profondes\u00bb, a-t-il ajout\u00e9.<\/p>\n<p class=\"fig-paragraph\">\u00abLe pape a lanc\u00e9 un appel \u00e0 la Russie pour qu\u2019elle fasse un geste en faveur de la paix, (et) a soulign\u00e9 l\u2019importance du dialogue pour la r\u00e9alisation de contacts positifs entre les parties et pour la recherche de solutions au conflit\u00bb, a d\u00e9clar\u00e9 le Vatican \u00e0 propos de cette premi\u00e8re conversation avec le chef d\u2019\u00c9tat russe pour le nouveau pape depuis son intronisation. Apr\u00e8s deux\u00a0<a href=\"https:\/\/www.lefigaro.fr\/international\/guerre-en-ukraine-que-demandent-kiev-et-moscou-avant-les-pourparlers-a-istanbul-20250602?msockid=1f5ab7783a426ee5250da2873b336f6a\" target=\"_blank\" data-fig-type=\"NewsFlash\" rel=\"noopener\" data-gtm-custom-categorie=\"navigation\" data-gtm-custom-action=\"crossclick\" data-gtm-custom-label=\"Contextuel\" data-gtm-event=\"customEventSPE\" data-fig-domain=\"LEFIGARO\">cycles de pourparlers<\/a>\u00a0directs entre Russes et Ukrainiens \u00e0 Istanbul, Moscou continue d&rsquo;avancer des demandes maximalistes pour mettre fin \u00e0 son offensive, dont le retrait des forces de Kiev de quatre r\u00e9gions dont le Kremlin revendique l&rsquo;annexion et le renoncement de l&rsquo;Ukraine \u00e0 rejoindre l&rsquo;Otan.<\/p>\n<p class=\"fig-paragraph\">Kiev insiste de son c\u00f4t\u00e9 sur un cessez-le-feu inconditionnel que la Russie refuse, estimant qu&rsquo;il permettrait aux troupes ukrainiennes de se r\u00e9armer gr\u00e2ce \u00e0 l&rsquo;aide occidentale. L&rsquo;Ukraine a men\u00e9 ces derniers jours plusieurs attaques sur le territoire russe, dont une op\u00e9ration complexe avec des drones qui a endommag\u00e9 ou d\u00e9truit de nombreux avions militaires russes, y compris des bombardiers strat\u00e9giques.<\/p>\n<p>Une conversation \u00abconstructive\u00bb<\/p>\n<p class=\"fig-paragraph\">Moscou accuse aussi l&rsquo;Ukraine d&rsquo;\u00eatre \u00e0 l&rsquo;origine des explosions qui ont provoqu\u00e9 le week-end dernier l&rsquo;effondrement de deux ponts et le d\u00e9raillement de trois trains, faisant sept morts et plus d&rsquo;une centaine de bless\u00e9s, dont des enfants. L&rsquo;Ukraine a \u00e9galement revendiqu\u00e9 mardi une attaque \u00e0 l&rsquo;explosif contre le pont de Crim\u00e9e, un ouvrage routier et ferroviaire gigantesque qui relie la p\u00e9ninsule annex\u00e9e \u00e0 la Russie.<\/p>\n<p class=\"fig-paragraph\">Lors de sa conversation avec le pape L\u00e9on XIV, qualifi\u00e9e de \u00abconstructive\u00bb par le Kremlin, Vladimir Poutine a par ailleurs critiqu\u00e9 l&rsquo;interdiction en 2024 par les autorit\u00e9s ukrainiennes de l&rsquo;\u00c9glise orthodoxe relevant du patriarcat de Moscou, qui comptait autrefois le plus de fid\u00e8les en Ukraine. Il a appel\u00e9 le Vatican \u00e0 \u00abs&rsquo;engager plus activement en faveur de la libert\u00e9 de culte en Ukraine\u00bb. Le Vatican a \u00e9t\u00e9 consid\u00e9r\u00e9 ces derni\u00e8res semaines comme l&rsquo;un des lieux possibles pour des n\u00e9gociations de paix entre la Russie et l&rsquo;Ukraine et Vladimir Poutine a exprim\u00e9 mercredi sa \u00abgratitude\u00bb au pape \u00abpour sa volont\u00e9 de contribuer au r\u00e8glement\u00bb du conflit.<\/p>\n","protected":false},"excerpt":{"rendered":"D\u00e8s sa prise de fonction, le nouveau pape avait \u00e9voqu\u00e9 une \u00abUkraine martyris\u00e9e\u00bb marquant sa volont\u00e9 de contribuer&hellip;\n","protected":false},"author":2,"featured_media":152597,"comment_status":"","ping_status":"","sticky":false,"template":"","format":"standard","meta":{"footnotes":""},"categories":[5],"tags":[1111,47,11,1109,1112,118,1108,107,1106,1107,1011,27,131,1110,1114,14,12,1113,12672,316,135,28],"class_list":{"0":"post-152596","1":"post","2":"type-post","3":"status-publish","4":"format-standard","5":"has-post-thumbnail","7":"category-international","8":"tag-actu","9":"tag-actualite","10":"tag-actualites","11":"tag-breves","12":"tag-depeches","13":"tag-faits-divers","14":"tag-fil","15":"tag-fil-info","16":"tag-flash","17":"tag-flash-actu","18":"tag-fr","19":"tag-france","20":"tag-guerre-en-ukraine","21":"tag-informations","22":"tag-infos","23":"tag-international","24":"tag-news","25":"tag-nouvelles","26":"tag-pape","27":"tag-politique","28":"tag-vladimir-poutine","29":"tag-world"},"share_on_mastodon":{"url":"https:\/\/pubeurope.com\/@fr\/114627721515065352","error":""},"_links":{"self":[{"href":"https:\/\/www.europesays.com\/fr\/wp-json\/wp\/v2\/posts\/152596","targetHints":{"allow":["GET"]}}],"collection":[{"href":"https:\/\/www.europesays.com\/fr\/wp-json\/wp\/v2\/posts"}],"about":[{"href":"https:\/\/www.europesays.com\/fr\/wp-json\/wp\/v2\/types\/post"}],"author":[{"embeddable":true,"href":"https:\/\/www.europesays.com\/fr\/wp-json\/wp\/v2\/users\/2"}],"replies":[{"embeddable":true,"href":"https:\/\/www.europesays.com\/fr\/wp-json\/wp\/v2\/comments?post=152596"}],"version-history":[{"count":0,"href":"https:\/\/www.europesays.com\/fr\/wp-json\/wp\/v2\/posts\/152596\/revisions"}],"wp:featuredmedia":[{"embeddable":true,"href":"https:\/\/www.europesays.com\/fr\/wp-json\/wp\/v2\/media\/152597"}],"wp:attachment":[{"href":"https:\/\/www.europesays.com\/fr\/wp-json\/wp\/v2\/media?parent=152596"}],"wp:term":[{"taxonomy":"category","embeddable":true,"href":"https:\/\/www.europesays.com\/fr\/wp-json\/wp\/v2\/categories?post=152596"},{"taxonomy":"post_tag","embeddable":true,"href":"https:\/\/www.europesays.com\/fr\/wp-json\/wp\/v2\/tags?post=152596"}],"curies":[{"name":"wp","href":"https:\/\/api.w.org\/{rel}","templated":true}]}}