{"id":152598,"date":"2025-06-04T23:36:11","date_gmt":"2025-06-04T23:36:11","guid":{"rendered":"https:\/\/www.europesays.com\/fr\/152598\/"},"modified":"2025-06-04T23:36:11","modified_gmt":"2025-06-04T23:36:11","slug":"elisabeth-borne-veut-encourager-lannee-de-cesure-apres-le-bac","status":"publish","type":"post","link":"https:\/\/www.europesays.com\/fr\/152598\/","title":{"rendered":"\u00c9lisabeth Borne veut \u00ab\u00a0encourager\u00a0\u00bb l\u2019ann\u00e9e de c\u00e9sure apr\u00e8s le bac"},"content":{"rendered":"<p><strong>ENTRETIEN &#8211;<\/strong> La ministre de l\u2019\u00c9ducation et de l\u2019Enseignement sup\u00e9rieur lance ce 5\u00a0juin son plan sur l\u2019orientation, d\u00e9clin\u00e9 du coll\u00e8ge \u00e0 l\u2019universit\u00e9. Et dresse le bilan de ses six premiers mois Rue de Grenelle.<\/p>\n<p class=\"fig-paragraph\"><strong>LE FIGARO &#8211;<\/strong> <strong>Vous annoncez ce jeudi un plan consacr\u00e9 \u00e0 l\u2019orientation. Pourquoi avez-vous souhait\u00e9 mettre l\u2019accent sur ce sujet\u00a0?<\/strong><\/p>\n<p class=\"fig-paragraph\"><strong>\u00c9LISABETH BORNE &#8211;<\/strong> J\u2019ai souhait\u00e9 prendre ce sujet \u00e0 bras-le-corps parce qu\u2019il suscite beaucoup de stress chez les parents et les \u00e9l\u00e8ves, et parce qu\u2019il s\u2019agit d\u2019un des \u00e9l\u00e9ments centraux de reproduction des in\u00e9galit\u00e9s. Parmi les enfants de cadres et de professeurs, neuf sur dix acc\u00e8dent en seconde g\u00e9n\u00e9rale et technologique. C\u2019est un sur deux parmi les enfants d\u2019ouvriers. Dans les territoires d\u00e9favoris\u00e9s, \u00e9loign\u00e9s des grandes villes, les jeunes ont acc\u00e8s \u00e0 moins de diversit\u00e9 de parcours et de choix de formation. Trois quarts des \u00e9l\u00e8ves des zones urbaines denses acc\u00e8dent en seconde g\u00e9n\u00e9rale, contre deux tiers dans\u00a0<a href=\"http:\/\/www.lefigaro.fr\/actualite-france\/depuis-2007-4000-officines-ont-disparu-dans-les-zones-rurales-les-pharmacies-viennent-a-manquer-20240717\" data-fig-type=\"Article\" data-gtm-custom-categorie=\"navigation\" data-gtm-custom-action=\"crossclick\" data-gtm-custom-label=\"Contextuel\" data-gtm-event=\"customEventSPE\" data-fig-domain=\"LEFIGARO\" rel=\"nofollow noopener\" target=\"_blank\">les zones rurales<\/a>\u00a0et moins de 50\u00a0% dans les zones rurales tr\u00e8s \u00e9loign\u00e9es. Enfin, le nombre de filles qui acc\u00e8dent \u00e0 des\u00a0<a href=\"http:\/\/www.lefigaro.fr\/conjoncture\/ingenieurs-techniciens-ces-profils-dont-la-filiere-nucleaire-a-plus-que-jamais-besoin-pour-se-relancer-20220211\" data-fig-type=\"Article\" data-gtm-custom-categorie=\"navigation\" data-gtm-custom-action=\"crossclick\" data-gtm-custom-label=\"Contextuel\" data-gtm-event=\"customEventSPE\" data-fig-domain=\"LEFIGARO\" rel=\"nofollow noopener\" target=\"_blank\">fili\u00e8res d\u2019ing\u00e9nieurs<\/a>\u00a0ou du num\u00e9rique est trop faible. Mon objectif est de sortir de ces biais. L\u2019orientation doit \u00eatre repens\u00e9e, pour\u2026<\/p>\n<p class=\"fig-premium-paywall__infos\">\n        Cet article est r\u00e9serv\u00e9 aux abonn\u00e9s.        Il vous reste 88% \u00e0 d\u00e9couvrir.\n    <\/p>\n<p>                <img  data- alt=\"Le Figaro\" class=\"fig-img--complete fig-img\"\/><\/p>\n<p class=\"fig-premium-paywall__title\">Vente Flash<\/p>\n<p class=\"fig-premium-paywall__subtitle\">4,99\u20ac par mois pendant 12 mois. Sans engagement.<\/p>\n<p class=\"fig-premium-paywall__connect\">\n                D\u00e9j\u00e0 abonn\u00e9\u00a0?                <a class=\"fig-premium-paywall__connect-link\" href=\"https:\/\/connect.lefigaro.fr\/login?client=horizon_web&amp;type=main&amp;redirect_uri=https%3A%2F%2Fwww.lefigaro.fr%2Factualite-france%2Felisabeth-borne-veut-encourager-l-annee-de-cesure-apres-le-bac-20250604\" data-js-gtm=\"{&quot;customCategorie&quot;: &quot;conversion&quot;, &quot;customAction&quot;: &quot;before_Landing_Connexion_paywall_auto&quot;, &quot;customLabel&quot;: &quot;bGVmaWdhcm8uZnJfXzFmMDQxNTBmLTc0NGEtNjFiMi1iNWQ0LTNiMGFlZjI2NjY4ZF9fQXJ0aWNsZQ==_\u00c9lisabeth Borne veut \u00ab\u00a0encourager\u00a0\u00bb l\u2019ann\u00e9e de c\u00e9sure apr\u00e8s le bac_868&quot;, &quot;customIDSPE&quot;: &quot;bGVmaWdhcm8uZnJfXzFmMDQxNTBmLTc0NGEtNjFiMi1iNWQ0LTNiMGFlZjI2NjY4ZF9fQXJ0aWNsZQ==&quot;, &quot;event&quot;: &quot;customEventSPE&quot;}\" rel=\"nofollow noopener\" target=\"_blank\"><br \/>\n                    Connectez-vous<br \/>\n                <\/a>\n            <\/p>\n","protected":false},"excerpt":{"rendered":"ENTRETIEN &#8211; La ministre de l\u2019\u00c9ducation et de l\u2019Enseignement sup\u00e9rieur lance ce 5\u00a0juin son plan sur l\u2019orientation, d\u00e9clin\u00e9&hellip;\n","protected":false},"author":2,"featured_media":152599,"comment_status":"","ping_status":"","sticky":false,"template":"","format":"standard","meta":{"footnotes":""},"categories":[4],"tags":[47,1058,1054,1059,1060,1055,11,1057,5757,118,1011,27,1061,303,12,1062,25,656,104,1056,809],"class_list":{"0":"post-152598","1":"post","2":"type-post","3":"status-publish","4":"format-standard","5":"has-post-thumbnail","7":"category-france","8":"tag-actualite","9":"tag-actualite-education","10":"tag-actualite-france","11":"tag-actualite-justice","12":"tag-actualite-securite","13":"tag-actualite-societe","14":"tag-actualites","15":"tag-education","16":"tag-elisabeth-borne","17":"tag-faits-divers","18":"tag-fr","19":"tag-france","20":"tag-immigration","21":"tag-justice","22":"tag-news","23":"tag-polemique","24":"tag-republique-francaise","25":"tag-securite","26":"tag-societe","27":"tag-societe-francaise","28":"tag-violence"},"share_on_mastodon":{"url":"https:\/\/pubeurope.com\/@fr\/114627725493475774","error":""},"_links":{"self":[{"href":"https:\/\/www.europesays.com\/fr\/wp-json\/wp\/v2\/posts\/152598","targetHints":{"allow":["GET"]}}],"collection":[{"href":"https:\/\/www.europesays.com\/fr\/wp-json\/wp\/v2\/posts"}],"about":[{"href":"https:\/\/www.europesays.com\/fr\/wp-json\/wp\/v2\/types\/post"}],"author":[{"embeddable":true,"href":"https:\/\/www.europesays.com\/fr\/wp-json\/wp\/v2\/users\/2"}],"replies":[{"embeddable":true,"href":"https:\/\/www.europesays.com\/fr\/wp-json\/wp\/v2\/comments?post=152598"}],"version-history":[{"count":0,"href":"https:\/\/www.europesays.com\/fr\/wp-json\/wp\/v2\/posts\/152598\/revisions"}],"wp:featuredmedia":[{"embeddable":true,"href":"https:\/\/www.europesays.com\/fr\/wp-json\/wp\/v2\/media\/152599"}],"wp:attachment":[{"href":"https:\/\/www.europesays.com\/fr\/wp-json\/wp\/v2\/media?parent=152598"}],"wp:term":[{"taxonomy":"category","embeddable":true,"href":"https:\/\/www.europesays.com\/fr\/wp-json\/wp\/v2\/categories?post=152598"},{"taxonomy":"post_tag","embeddable":true,"href":"https:\/\/www.europesays.com\/fr\/wp-json\/wp\/v2\/tags?post=152598"}],"curies":[{"name":"wp","href":"https:\/\/api.w.org\/{rel}","templated":true}]}}