{"id":152610,"date":"2025-06-04T23:42:12","date_gmt":"2025-06-04T23:42:12","guid":{"rendered":"https:\/\/www.europesays.com\/fr\/152610\/"},"modified":"2025-06-04T23:42:12","modified_gmt":"2025-06-04T23:42:12","slug":"un-ete-sous-le-signe-du-street-art-et-de-la-creation-a-toulon-voici-le-programme","status":"publish","type":"post","link":"https:\/\/www.europesays.com\/fr\/152610\/","title":{"rendered":"Un \u00e9t\u00e9 sous le signe du street art et de la cr\u00e9ation \u00e0 Toulon: voici le programme!"},"content":{"rendered":"<p>                                <strong>Cr\u00e9ateurs locaux, street culture et vintage<\/strong><\/p>\n<p>Parmi les temps forts, le lancement des <b>Escales toulonnaises <\/b>figure en t\u00eate des nouveaut\u00e9s. Tous les vendredis, du 18 juillet au 8 ao\u00fbt, les quais du port accueilleront un march\u00e9 de cr\u00e9ateurs regroupant une trentaine d\u2019exposants. \u00ab\u00a0Un espace vintage, un autre d\u00e9di\u00e9 \u00e0 la street culture, des concerts\u2026 Ces Escales toulonnaises sont con\u00e7ues pour rassembler toutes les g\u00e9n\u00e9rations et s\u00e9duire \u00e0 la fois Toulonnais, touristes et commer\u00e7ants\u00a0\u00bb, d\u00e9taille Christophe Moreno, adjoint \u00e0 la dynamisation commerciale.<\/p>\n<p>Organis\u00e9 en partenariat avec l\u2019association NO\/ID, l\u2019\u00e9v\u00e9nement mettra \u00e0 l\u2019honneur les savoir-faire locaux: bijoux, v\u00eatements, accessoires, objets d\u00e9co\u2026 Chaque pi\u00e8ce expos\u00e9e sera artisanale et unique. L\u2019espace vintage fera quant \u00e0 lui le bonheur des amateurs de r\u00e9tro, avec une s\u00e9lection soign\u00e9e de meubles anciens, v\u00eatements et objets cultes.<\/p>\n<p>En clin d\u2019\u0153il \u00e0 l\u2019exposition Banksy (visible en ville jusqu\u2019au 5 octobre, Ndlr), les arts urbains seront aussi \u00e0 l\u2019honneur via les graffitis, fresques et performances qui rythmeront les soir\u00e9es.<\/p>\n<p>La musique ne sera pas en reste. Entre fanfares, percussions, concerts intimistes ou DJ, les quais seront anim\u00e9s de 19h jusqu\u2019\u00e0 minuit. Un rendez-vous \u00e9clectique, festif et ouvert \u00e0 tous.<\/p>\n<p><strong>Un parcours artistique dans le centre ancien<\/strong><\/p>\n<p>Autre nouveaut\u00e9 de la saison: une <b>ligne bleue<\/b> peinte au sol traversera tout le centre ancien. Imagin\u00e9e par l\u2019Office du commerce et de l\u2019artisanat de Toulon (OCAT), cette initiative prend la forme d\u2019un jeu de piste artistique.<\/p>\n<p>En suivant cette ligne, les visiteurs seront invit\u00e9s \u00e0 \u00ab\u00a0d\u00e9couvrir les vitrines de boutiques d\u00e9cor\u00e9es d\u2019\u0153uvres inspir\u00e9es par Banksy et cr\u00e9\u00e9es par six artistes locaux . Des visites guid\u00e9es seront propos\u00e9es tous les samedis jusqu\u2019au 16 ao\u00fbt pour accompagner les curieux dans cette d\u00e9ambulation urbaine \u00ab\u00a0, explique la ville. Une cr\u00e9ation m\u00ealant art et d\u00e9couverte du patrimoine commer\u00e7ant. Autant de moments \u00e0 ne pas rater, tout comme les incontournables attendus cette saison (ci-dessous).<\/p>\n<p>1. Hildegarde Laszak, Mandin Art, Sexymud, Sacha Stoliarova, Franck Cascales et Henri Salamero.<\/p>\n","protected":false},"excerpt":{"rendered":"Cr\u00e9ateurs locaux, street culture et vintage Parmi les temps forts, le lancement des Escales toulonnaises figure en t\u00eate&hellip;\n","protected":false},"author":2,"featured_media":152611,"comment_status":"","ping_status":"","sticky":false,"template":"","format":"standard","meta":{"footnotes":""},"categories":[9619],"tags":[1111,11,1777,674,7186,1011,27,12,882,25,2310],"class_list":{"0":"post-152610","1":"post","2":"type-post","3":"status-publish","4":"format-standard","5":"has-post-thumbnail","7":"category-toulon","8":"tag-actu","9":"tag-actualites","10":"tag-eu","11":"tag-europe","12":"tag-festivites","13":"tag-fr","14":"tag-france","15":"tag-news","16":"tag-provence-alpes-cote-dazur","17":"tag-republique-francaise","18":"tag-toulon"},"share_on_mastodon":{"url":"https:\/\/pubeurope.com\/@fr\/114627749029757498","error":""},"_links":{"self":[{"href":"https:\/\/www.europesays.com\/fr\/wp-json\/wp\/v2\/posts\/152610","targetHints":{"allow":["GET"]}}],"collection":[{"href":"https:\/\/www.europesays.com\/fr\/wp-json\/wp\/v2\/posts"}],"about":[{"href":"https:\/\/www.europesays.com\/fr\/wp-json\/wp\/v2\/types\/post"}],"author":[{"embeddable":true,"href":"https:\/\/www.europesays.com\/fr\/wp-json\/wp\/v2\/users\/2"}],"replies":[{"embeddable":true,"href":"https:\/\/www.europesays.com\/fr\/wp-json\/wp\/v2\/comments?post=152610"}],"version-history":[{"count":0,"href":"https:\/\/www.europesays.com\/fr\/wp-json\/wp\/v2\/posts\/152610\/revisions"}],"wp:featuredmedia":[{"embeddable":true,"href":"https:\/\/www.europesays.com\/fr\/wp-json\/wp\/v2\/media\/152611"}],"wp:attachment":[{"href":"https:\/\/www.europesays.com\/fr\/wp-json\/wp\/v2\/media?parent=152610"}],"wp:term":[{"taxonomy":"category","embeddable":true,"href":"https:\/\/www.europesays.com\/fr\/wp-json\/wp\/v2\/categories?post=152610"},{"taxonomy":"post_tag","embeddable":true,"href":"https:\/\/www.europesays.com\/fr\/wp-json\/wp\/v2\/tags?post=152610"}],"curies":[{"name":"wp","href":"https:\/\/api.w.org\/{rel}","templated":true}]}}