{"id":152618,"date":"2025-06-04T23:49:32","date_gmt":"2025-06-04T23:49:32","guid":{"rendered":"https:\/\/www.europesays.com\/fr\/152618\/"},"modified":"2025-06-04T23:49:32","modified_gmt":"2025-06-04T23:49:32","slug":"fontaine-latelier-lyceens-adultes-de-spirale-de-vendredi-a-dimanche-a-la-guinguette","status":"publish","type":"post","link":"https:\/\/www.europesays.com\/fr\/152618\/","title":{"rendered":"Fontaine. L\u2019atelier lyc\u00e9ens adultes de Spirale de vendredi \u00e0 dimanche \u00e0 la Guinguette"},"content":{"rendered":"<p>Vendredi\u00a06, samedi\u00a07\u00a0\u00e0 20\u00a0h\u00a030 et dimanche 8\u00a0juin \u00e0 18\u00a0h \u00e0 la Guinguette (80, avenue du Vercors \u00e0 Fontaine), l\u2019atelier lyc\u00e9ens-adultes de l\u2019association Spirale\u00a0pr\u00e9sente son spectacle de fin d\u2019ann\u00e9e. Venez les voir \u00c0 table \u00a0avec un menu fait d\u2019une ratatouille de textes gourmands sur une mise en sc\u00e8ne de Laure Pinatel. Venez d\u00e9couvrir les sp\u00e9cialit\u00e9s de ces com\u00e9diens bios comme tout\u00a0: un velout\u00e9 de bons mots assaisonn\u00e9s d\u2019humour \u00e9pic\u00e9. De quoi donner la p\u00eache et la banane\u00a0!<\/p>\n<p class=\"note\">Entr\u00e9e\u00a0: 10\u00a0\u20ac. R\u00e9servation\u00a0: par SMS au 06\u00a051\u00a026\u00a080\u00a005 ou par mail\u00a0: theatre.guinguette@gmail.com<\/p>\n","protected":false},"excerpt":{"rendered":"Vendredi\u00a06, samedi\u00a07\u00a0\u00e0 20\u00a0h\u00a030 et dimanche 8\u00a0juin \u00e0 18\u00a0h \u00e0 la Guinguette (80, avenue du Vercors \u00e0 Fontaine), l\u2019atelier&hellip;\n","protected":false},"author":2,"featured_media":152619,"comment_status":"","ping_status":"","sticky":false,"template":"","format":"standard","meta":{"footnotes":""},"categories":[9566],"tags":[1111,11,2430,1687,112,1777,674,9592,11680,1011,27,2731,12,25,3140],"class_list":{"0":"post-152618","1":"post","2":"type-post","3":"status-publish","4":"format-standard","5":"has-post-thumbnail","7":"category-grenoble","8":"tag-actu","9":"tag-actualites","10":"tag-auvergne-rhone-alpes","11":"tag-culture-loisirs","12":"tag-edition-grenoble-agglomeration","13":"tag-eu","14":"tag-europe","15":"tag-fontaine","16":"tag-fontaine-bassin","17":"tag-fr","18":"tag-france","19":"tag-grenoble","20":"tag-news","21":"tag-republique-francaise","22":"tag-spectacle"},"share_on_mastodon":{"url":"https:\/\/pubeurope.com\/@fr\/114627776639722500","error":""},"_links":{"self":[{"href":"https:\/\/www.europesays.com\/fr\/wp-json\/wp\/v2\/posts\/152618","targetHints":{"allow":["GET"]}}],"collection":[{"href":"https:\/\/www.europesays.com\/fr\/wp-json\/wp\/v2\/posts"}],"about":[{"href":"https:\/\/www.europesays.com\/fr\/wp-json\/wp\/v2\/types\/post"}],"author":[{"embeddable":true,"href":"https:\/\/www.europesays.com\/fr\/wp-json\/wp\/v2\/users\/2"}],"replies":[{"embeddable":true,"href":"https:\/\/www.europesays.com\/fr\/wp-json\/wp\/v2\/comments?post=152618"}],"version-history":[{"count":0,"href":"https:\/\/www.europesays.com\/fr\/wp-json\/wp\/v2\/posts\/152618\/revisions"}],"wp:featuredmedia":[{"embeddable":true,"href":"https:\/\/www.europesays.com\/fr\/wp-json\/wp\/v2\/media\/152619"}],"wp:attachment":[{"href":"https:\/\/www.europesays.com\/fr\/wp-json\/wp\/v2\/media?parent=152618"}],"wp:term":[{"taxonomy":"category","embeddable":true,"href":"https:\/\/www.europesays.com\/fr\/wp-json\/wp\/v2\/categories?post=152618"},{"taxonomy":"post_tag","embeddable":true,"href":"https:\/\/www.europesays.com\/fr\/wp-json\/wp\/v2\/tags?post=152618"}],"curies":[{"name":"wp","href":"https:\/\/api.w.org\/{rel}","templated":true}]}}