{"id":152620,"date":"2025-06-04T23:50:25","date_gmt":"2025-06-04T23:50:25","guid":{"rendered":"https:\/\/www.europesays.com\/fr\/152620\/"},"modified":"2025-06-04T23:50:25","modified_gmt":"2025-06-04T23:50:25","slug":"mercato-jeremy-clement-en-contact-avec-un-club-grenoblois","status":"publish","type":"post","link":"https:\/\/www.europesays.com\/fr\/152620\/","title":{"rendered":"Mercato. J\u00e9r\u00e9my Cl\u00e9ment en contact avec un club grenoblois"},"content":{"rendered":"<p>Libre de tout engagement <a href=\"https:\/\/www.ledauphine.com\/sport\/2025\/05\/17\/jeremy-clement-et-versailles-c-est-termine\" target=\"_blank\" rel=\"noopener\">depuis son d\u00e9part de Versailles<\/a> (National), o\u00f9 il a \u00e9t\u00e9 entra\u00eeneur adjoint et principal par int\u00e9rim, J\u00e9r\u00e9my Cl\u00e9ment est \u00e0 la recherche d\u2019un nouveau challenge tout en privil\u00e9giant sa vie de famille lui qui r\u00e9side en Is\u00e8re.<\/p>\n<p>Selon nos informations, l\u2019ancien milieu de Lyon, Saint-Etienne et du Paris Saint-Germain est en contact avec <a href=\"https:\/\/www.ledauphine.com\/sport\/2024\/11\/16\/fc2a-un-club-trois-destins\" target=\"_blank\" rel=\"noopener\">le FC Allobroges-Asafia<\/a> , club d\u2019un quartier de Grenoble.<\/p>\n<p>Un club ambitieux<\/p>\n<p>Le FC2A a fait parler de lui en r\u00e9alisant un joli parcours en Coupe de France lors de la saison qui vient de s\u2019achever, parvenant \u00e0 faire venir 6\u00a0000 spectateurs au Stade des Alpes lors du 7e tour de l\u2019\u00e9preuve <a href=\"https:\/\/www.ledauphine.com\/sport\/2024\/11\/17\/fc2a-on-ne-peut-pas-avoir-de-regrets-la-marche-etait-trop-haute-contre-martigues\" target=\"_blank\" rel=\"noopener\">face \u00e0 Martigues<\/a> le 17\u00a0novembre dernier (0-5).<\/p>\n<p>Club ambitieux, il a recrut\u00e9 quelques anciens pros (Yoric Ravet, Yanis Tafer, entre autres) mais a manqu\u00e9 de peu l\u2019accession au R\u00e9gional 1. Il \u00e9voluera donc en R2 lors du prochain exercice.<\/p>\n<p>Egalement en contact avec OL-Lyonnes<\/p>\n<p>J\u00e9r\u00e9my Cl\u00e9ment est actuellement en phase de r\u00e9flexion d\u2019autant qu\u2019une <a href=\"https:\/\/www.ledauphine.com\/sport\/2025\/05\/19\/clement-je-sens-que-j-ai-progresse\" target=\"_blank\" rel=\"noopener\">exp\u00e9rience dans le football f\u00e9minin pourrait le tenter.<\/a> \u00c0 ce titre, il a \u00e9galement eu un contact avec l\u2019OL-Lyonnes (nouvelle appellation de l\u2019OL f\u00e9minin) pour encadrer les U19. Il devrait faire son choix rapidement.<\/p>\n","protected":false},"excerpt":{"rendered":"Libre de tout engagement depuis son d\u00e9part de Versailles (National), o\u00f9 il a \u00e9t\u00e9 entra\u00eeneur adjoint et principal&hellip;\n","protected":false},"author":2,"featured_media":152621,"comment_status":"","ping_status":"","sticky":false,"template":"","format":"standard","meta":{"footnotes":""},"categories":[9566],"tags":[1111,11,9443,2430,112,1777,674,1701,63,1011,27,2731,2732,108,23100,12,9442,25,517],"class_list":{"0":"post-152620","1":"post","2":"type-post","3":"status-publish","4":"format-standard","5":"has-post-thumbnail","7":"category-grenoble","8":"tag-actu","9":"tag-actualites","10":"tag-asse-as-saint-etienne","11":"tag-auvergne-rhone-alpes","12":"tag-edition-grenoble-agglomeration","13":"tag-eu","14":"tag-europe","15":"tag-fil-info-sport","16":"tag-football","17":"tag-fr","18":"tag-france","19":"tag-grenoble","20":"tag-grenoble-bassin","21":"tag-isere","22":"tag-mercato-football","23":"tag-news","24":"tag-ol-olympique-lyonnais","25":"tag-republique-francaise","26":"tag-sport"},"share_on_mastodon":{"url":"https:\/\/pubeurope.com\/@fr\/114627780503577533","error":""},"_links":{"self":[{"href":"https:\/\/www.europesays.com\/fr\/wp-json\/wp\/v2\/posts\/152620","targetHints":{"allow":["GET"]}}],"collection":[{"href":"https:\/\/www.europesays.com\/fr\/wp-json\/wp\/v2\/posts"}],"about":[{"href":"https:\/\/www.europesays.com\/fr\/wp-json\/wp\/v2\/types\/post"}],"author":[{"embeddable":true,"href":"https:\/\/www.europesays.com\/fr\/wp-json\/wp\/v2\/users\/2"}],"replies":[{"embeddable":true,"href":"https:\/\/www.europesays.com\/fr\/wp-json\/wp\/v2\/comments?post=152620"}],"version-history":[{"count":0,"href":"https:\/\/www.europesays.com\/fr\/wp-json\/wp\/v2\/posts\/152620\/revisions"}],"wp:featuredmedia":[{"embeddable":true,"href":"https:\/\/www.europesays.com\/fr\/wp-json\/wp\/v2\/media\/152621"}],"wp:attachment":[{"href":"https:\/\/www.europesays.com\/fr\/wp-json\/wp\/v2\/media?parent=152620"}],"wp:term":[{"taxonomy":"category","embeddable":true,"href":"https:\/\/www.europesays.com\/fr\/wp-json\/wp\/v2\/categories?post=152620"},{"taxonomy":"post_tag","embeddable":true,"href":"https:\/\/www.europesays.com\/fr\/wp-json\/wp\/v2\/tags?post=152620"}],"curies":[{"name":"wp","href":"https:\/\/api.w.org\/{rel}","templated":true}]}}