{"id":152624,"date":"2025-06-04T23:52:09","date_gmt":"2025-06-04T23:52:09","guid":{"rendered":"https:\/\/www.europesays.com\/fr\/152624\/"},"modified":"2025-06-04T23:52:09","modified_gmt":"2025-06-04T23:52:09","slug":"previsions-du-jeudi-5-juin-2025","status":"publish","type":"post","link":"https:\/\/www.europesays.com\/fr\/152624\/","title":{"rendered":"pr\u00e9visions du jeudi 5 juin 2025"},"content":{"rendered":"<p>Le soleil se fera attendre aujourd&rsquo;hui sur Rennes, o\u00f9 des nuages sont bien install\u00e9s. La m\u00e9t\u00e9o sera marqu\u00e9e par des pluies \u00e9parses. Les valeurs afficheront entre 10\u00b0C et 21\u00b0C. Un vent de sud-ouest soufflera \u00e0 22 km\/h. L&rsquo;apr\u00e8s-midi va rester couvert \u00e0 cause de nuages qui se maintiennent dans le ciel. Les temp\u00e9ratures seront de 17\u00b0C au plus bas et de 21\u00b0C au maximum. On observera la pr\u00e9sence persistante de nuages le soir. Des pluies \u00e9parses vont tomber sur la ville. Durant votre sommeil, dans la nuit de jeudi \u00e0 vendredi, le ciel sera clair.<\/p>\n<p>Demain, \u00e0 Rennes, on sera sous un ciel bien gris, couvert de nuages. Il va pleuvoir. Les temp\u00e9ratures vont baisser de quelques degr\u00e9s. Les valeurs seront comprises entre 10 et 19\u00b0C. Un vent de sud-ouest rafra\u00eechira sensiblement l&rsquo;atmosph\u00e8re. Demain apr\u00e8s-midi, le soleil sera cach\u00e9 derri\u00e8re des nuages. Les temp\u00e9ratures s&rsquo;\u00e9chelonneront entre 18 et 19\u00b0C. Des \u00e9claircies appara\u00eetront dans la soir\u00e9e.<\/p>\n<p>La m\u00e9t\u00e9o des journ\u00e9es qui suivent va \u00e9voluer progressivement. Apr\u00e8s une m\u00e9t\u00e9o similaire samedi, la situation changera dimanche.<\/p>\n<p><\/p>\n","protected":false},"excerpt":{"rendered":"Le soleil se fera attendre aujourd&rsquo;hui sur Rennes, o\u00f9 des nuages sont bien install\u00e9s. La m\u00e9t\u00e9o sera marqu\u00e9e&hellip;\n","protected":false},"author":2,"featured_media":152625,"comment_status":"","ping_status":"","sticky":false,"template":"","format":"standard","meta":{"footnotes":""},"categories":[2821],"tags":[1111,11,829,1777,674,1011,27,12,2119,584,25],"class_list":{"0":"post-152624","1":"post","2":"type-post","3":"status-publish","4":"format-standard","5":"has-post-thumbnail","7":"category-rennes","8":"tag-actu","9":"tag-actualites","10":"tag-bretagne","11":"tag-eu","12":"tag-europe","13":"tag-fr","14":"tag-france","15":"tag-news","16":"tag-previsions-meteo","17":"tag-rennes","18":"tag-republique-francaise"},"share_on_mastodon":{"url":"https:\/\/pubeurope.com\/@fr\/114627788390162491","error":""},"_links":{"self":[{"href":"https:\/\/www.europesays.com\/fr\/wp-json\/wp\/v2\/posts\/152624","targetHints":{"allow":["GET"]}}],"collection":[{"href":"https:\/\/www.europesays.com\/fr\/wp-json\/wp\/v2\/posts"}],"about":[{"href":"https:\/\/www.europesays.com\/fr\/wp-json\/wp\/v2\/types\/post"}],"author":[{"embeddable":true,"href":"https:\/\/www.europesays.com\/fr\/wp-json\/wp\/v2\/users\/2"}],"replies":[{"embeddable":true,"href":"https:\/\/www.europesays.com\/fr\/wp-json\/wp\/v2\/comments?post=152624"}],"version-history":[{"count":0,"href":"https:\/\/www.europesays.com\/fr\/wp-json\/wp\/v2\/posts\/152624\/revisions"}],"wp:featuredmedia":[{"embeddable":true,"href":"https:\/\/www.europesays.com\/fr\/wp-json\/wp\/v2\/media\/152625"}],"wp:attachment":[{"href":"https:\/\/www.europesays.com\/fr\/wp-json\/wp\/v2\/media?parent=152624"}],"wp:term":[{"taxonomy":"category","embeddable":true,"href":"https:\/\/www.europesays.com\/fr\/wp-json\/wp\/v2\/categories?post=152624"},{"taxonomy":"post_tag","embeddable":true,"href":"https:\/\/www.europesays.com\/fr\/wp-json\/wp\/v2\/tags?post=152624"}],"curies":[{"name":"wp","href":"https:\/\/api.w.org\/{rel}","templated":true}]}}