{"id":152626,"date":"2025-06-04T23:53:21","date_gmt":"2025-06-04T23:53:21","guid":{"rendered":"https:\/\/www.europesays.com\/fr\/152626\/"},"modified":"2025-06-04T23:53:21","modified_gmt":"2025-06-04T23:53:21","slug":"pour-attirer-les-clients-ce-bureau-de-tabac-affiche-un-menu-du-jour","status":"publish","type":"post","link":"https:\/\/www.europesays.com\/fr\/152626\/","title":{"rendered":"pour attirer les clients, ce bureau de tabac affiche un menu du jour"},"content":{"rendered":"<p>            Par<br \/>\n        <strong><br \/>\n            <a href=\"https:\/\/actu.fr\/auteur\/ivan-capecchi\" title=\"Consulter tous les articles de Ivan CAPECCHI\" rel=\"nofollow noopener\" target=\"_blank\">Ivan CAPECCHI<\/a><br \/>\n        <\/strong><\/p>\n<p>        Publi\u00e9 le<\/p>\n<p>            4 juin 2025 \u00e0 17h32        <\/p>\n<p>Que diriez-vous d\u2019une salade compos\u00e9e aux trois millions de l\u00e9gumes\u2009?<\/p>\n<p class=\" wall-content\">Depuis pr\u00e8s d\u2019un an maintenant, le <strong>bureau de tabac Austerlitz \u00e0 Strasbourg<\/strong> a pris l\u2019habitude d\u2019afficher un \u00ab<strong>\u2009menu du jour<\/strong>\u2009\u00bb.<\/p>\n<p class=\" wall-content\">Une id\u00e9e originale du g\u00e9rant, Huseyin.<\/p>\n<p>Un menu en r\u00e9f\u00e9rence au Loto et \u00e0 l\u2019EuroMillions<\/p>\n<p class=\" wall-content\">\u00ab\u2009Comme il y a pas mal de <a href=\"https:\/\/actu.fr\/tag\/restaurant\" rel=\"nofollow noopener\" target=\"_blank\">restaurants<\/a> dans la zone, on s\u2019est dit pourquoi pas proposer notre propre menu\u2009\u00bb, rembobine ce dernier.<\/p>\n<p class=\" wall-content\">\u00ab\u2009L\u2019entr\u00e9e est souvent en r\u00e9f\u00e9rence au <strong>Loto<\/strong>, le plat principal, \u00e0 <strong>l\u2019EuroMillions<\/strong> et le dessert, \u00e0 <strong>l\u2019EuroDreams<\/strong>\u2009\u00bb, d\u00e9taille-t-il.<\/p>\n<p>Vid\u00e9os : en ce moment sur Actu<\/p>\n<p class=\" wall-content\">Le menu est renouvel\u00e9 quand de nouvelles sommes sont \u00e0 gagner. \u00ab\u2009Plus la somme est importante, <strong>plus c\u2019est un menu \u00e9toil\u00e9<\/strong>\u2009\u00bb, glisse dans un sourire Huseyin.<\/p>\n<p>Des clients amus\u00e9s<\/p>\n<p class=\" wall-content\">D\u2019apr\u00e8s lui, certains clients jouent le jeu. \u00ab\u2009Ils rentrent et disent\u2009: \u2018J\u2019aimerais bien prendre le plat du jour\u2009!\u2019\u00bb.<\/p>\n<p class=\" wall-content\">\u00ab\u2009Cela permet de faire <strong>des ventes en plus<\/strong> donc c\u2019est cool\u2009\u00bb, ajoute Huseyin.<\/p>\n<p class=\" wall-content\">Suivez toute l\u2019actualit\u00e9 de vos villes et m\u00e9dias favoris en vous inscrivant \u00e0 <a href=\"https:\/\/moncompte.actu.fr\" title=\"D\u00e9couvez Mon Actu\" rel=\"nofollow noopener\" data-trk=\"{&quot;cta&quot;:{&quot;action&quot;:&quot;https:\\\/\\\/moncompte.actu.fr&quot;,&quot;category&quot;:&quot;mon compte&quot;,&quot;from&quot;:&quot;article footer&quot;,&quot;name&quot;:&quot;Mon actu&quot;,&quot;type&quot;:&quot;cta&quot;}}\" target=\"_blank\">Mon Actu<\/a>.<\/p>\n","protected":false},"excerpt":{"rendered":"Par Ivan CAPECCHI Publi\u00e9 le 4 juin 2025 \u00e0 17h32 Que diriez-vous d\u2019une salade compos\u00e9e aux trois millions&hellip;\n","protected":false},"author":2,"featured_media":152627,"comment_status":"","ping_status":"","sticky":false,"template":"","format":"standard","meta":{"footnotes":""},"categories":[2820],"tags":[1111,11,1777,674,1011,27,775,1757,12,25,640],"class_list":{"0":"post-152626","1":"post","2":"type-post","3":"status-publish","4":"format-standard","5":"has-post-thumbnail","7":"category-strasbourg","8":"tag-actu","9":"tag-actualites","10":"tag-eu","11":"tag-europe","12":"tag-fr","13":"tag-france","14":"tag-grand-est","15":"tag-insolite","16":"tag-news","17":"tag-republique-francaise","18":"tag-strasbourg"},"share_on_mastodon":{"url":"https:\/\/pubeurope.com\/@fr\/114627792668345333","error":""},"_links":{"self":[{"href":"https:\/\/www.europesays.com\/fr\/wp-json\/wp\/v2\/posts\/152626","targetHints":{"allow":["GET"]}}],"collection":[{"href":"https:\/\/www.europesays.com\/fr\/wp-json\/wp\/v2\/posts"}],"about":[{"href":"https:\/\/www.europesays.com\/fr\/wp-json\/wp\/v2\/types\/post"}],"author":[{"embeddable":true,"href":"https:\/\/www.europesays.com\/fr\/wp-json\/wp\/v2\/users\/2"}],"replies":[{"embeddable":true,"href":"https:\/\/www.europesays.com\/fr\/wp-json\/wp\/v2\/comments?post=152626"}],"version-history":[{"count":0,"href":"https:\/\/www.europesays.com\/fr\/wp-json\/wp\/v2\/posts\/152626\/revisions"}],"wp:featuredmedia":[{"embeddable":true,"href":"https:\/\/www.europesays.com\/fr\/wp-json\/wp\/v2\/media\/152627"}],"wp:attachment":[{"href":"https:\/\/www.europesays.com\/fr\/wp-json\/wp\/v2\/media?parent=152626"}],"wp:term":[{"taxonomy":"category","embeddable":true,"href":"https:\/\/www.europesays.com\/fr\/wp-json\/wp\/v2\/categories?post=152626"},{"taxonomy":"post_tag","embeddable":true,"href":"https:\/\/www.europesays.com\/fr\/wp-json\/wp\/v2\/tags?post=152626"}],"curies":[{"name":"wp","href":"https:\/\/api.w.org\/{rel}","templated":true}]}}