{"id":152632,"date":"2025-06-04T23:56:10","date_gmt":"2025-06-04T23:56:10","guid":{"rendered":"https:\/\/www.europesays.com\/fr\/152632\/"},"modified":"2025-06-04T23:56:10","modified_gmt":"2025-06-04T23:56:10","slug":"previsions-du-jeudi-5-juin-2025-2","status":"publish","type":"post","link":"https:\/\/www.europesays.com\/fr\/152632\/","title":{"rendered":"pr\u00e9visions du jeudi 5 juin 2025"},"content":{"rendered":"<p>\u00c0 Nice les valeurs iront de 17 \u00e0 22\u00b0C sur l&rsquo;ensemble de la journ\u00e9e. Un vent de nord-ouest soufflera un peu, avec 8 km\/h. Le matin, un important soleil rayonnera. Les temp\u00e9ratures afficheront entre 19\u00b0C et 22\u00b0C. L&rsquo;arriv\u00e9e du soleil l&rsquo;apr\u00e8s-midi sera retard\u00e9e par beaucoup de nuages. Il faudra s&rsquo;attendre \u00e0 des perturbations, les Ni\u00e7ois se retrouveront sous des pluies \u00e9parses. Les valeurs seront de 20\u00b0C au plus bas et de 22\u00b0C au maximum. Les temp\u00e9ratures avoisineront les 20\u00b0C au cours de la soir\u00e9e. Un ciel limpide est pr\u00e9vu dans la nuit reliant jeudi et vendredi.<\/p>\n<p>Demain, les Ni\u00e7ois vont pouvoir profiter d&rsquo;un soleil radieux. C&rsquo;est une hausse de quelques degr\u00e9s que vont enregistrer les temp\u00e9ratures. Il va faire 21\u00b0C en moyenne. Un vent de sud-est rafra\u00eechira l\u00e9g\u00e8rement l&rsquo;atmosph\u00e8re. Les valeurs s&rsquo;\u00e9chelonneront entre 20 et 23\u00b0C le matin. Les temp\u00e9ratures seront comprises entre 22 et 23\u00b0C durant l&rsquo;apr\u00e8s-midi. Demain soir, les valeurs afficheront entre 19 et 21\u00b0C.<\/p>\n<p>Peu de changements pour la suite. Il va faire un temps plut\u00f4t ensoleill\u00e9 avec des temp\u00e9ratures d&rsquo;environ 22\u00b0C.<\/p>\n<p><\/p>\n","protected":false},"excerpt":{"rendered":"\u00c0 Nice les valeurs iront de 17 \u00e0 22\u00b0C sur l&rsquo;ensemble de la journ\u00e9e. Un vent de nord-ouest&hellip;\n","protected":false},"author":2,"featured_media":152633,"comment_status":"","ping_status":"","sticky":false,"template":"","format":"standard","meta":{"footnotes":""},"categories":[2819],"tags":[1111,11,2898,1777,674,1011,27,12,2401,883,2119,882,25],"class_list":{"0":"post-152632","1":"post","2":"type-post","3":"status-publish","4":"format-standard","5":"has-post-thumbnail","7":"category-nice","8":"tag-actu","9":"tag-actualites","10":"tag-alpes-maritimes","11":"tag-eu","12":"tag-europe","13":"tag-fr","14":"tag-france","15":"tag-news","16":"tag-nice","17":"tag-paca","18":"tag-previsions-meteo","19":"tag-provence-alpes-cote-dazur","20":"tag-republique-francaise"},"share_on_mastodon":{"url":"https:\/\/pubeurope.com\/@fr\/114627804056526870","error":""},"_links":{"self":[{"href":"https:\/\/www.europesays.com\/fr\/wp-json\/wp\/v2\/posts\/152632","targetHints":{"allow":["GET"]}}],"collection":[{"href":"https:\/\/www.europesays.com\/fr\/wp-json\/wp\/v2\/posts"}],"about":[{"href":"https:\/\/www.europesays.com\/fr\/wp-json\/wp\/v2\/types\/post"}],"author":[{"embeddable":true,"href":"https:\/\/www.europesays.com\/fr\/wp-json\/wp\/v2\/users\/2"}],"replies":[{"embeddable":true,"href":"https:\/\/www.europesays.com\/fr\/wp-json\/wp\/v2\/comments?post=152632"}],"version-history":[{"count":0,"href":"https:\/\/www.europesays.com\/fr\/wp-json\/wp\/v2\/posts\/152632\/revisions"}],"wp:featuredmedia":[{"embeddable":true,"href":"https:\/\/www.europesays.com\/fr\/wp-json\/wp\/v2\/media\/152633"}],"wp:attachment":[{"href":"https:\/\/www.europesays.com\/fr\/wp-json\/wp\/v2\/media?parent=152632"}],"wp:term":[{"taxonomy":"category","embeddable":true,"href":"https:\/\/www.europesays.com\/fr\/wp-json\/wp\/v2\/categories?post=152632"},{"taxonomy":"post_tag","embeddable":true,"href":"https:\/\/www.europesays.com\/fr\/wp-json\/wp\/v2\/tags?post=152632"}],"curies":[{"name":"wp","href":"https:\/\/api.w.org\/{rel}","templated":true}]}}