{"id":152640,"date":"2025-06-05T00:02:25","date_gmt":"2025-06-05T00:02:25","guid":{"rendered":"https:\/\/www.europesays.com\/fr\/152640\/"},"modified":"2025-06-05T00:02:25","modified_gmt":"2025-06-05T00:02:25","slug":"de-puissants-eclairs-reveillent-toulouse-mais-sagissait-il-de-superbolts","status":"publish","type":"post","link":"https:\/\/www.europesays.com\/fr\/152640\/","title":{"rendered":"de puissants \u00e9clairs r\u00e9veillent Toulouse, mais s&rsquo;agissait-il de superbolts\u00a0?"},"content":{"rendered":"<p>            Par<br \/>\n        <strong><br \/>\n            <a href=\"https:\/\/actu.fr\/auteur\/marie-lamarque\" title=\"Consulter tous les articles de Marie Lamarque\" target=\"_blank\" rel=\"noopener\">Marie Lamarque<\/a><br \/>\n        <\/strong><\/p>\n<p>        Publi\u00e9 le<\/p>\n<p>            4 juin 2025 \u00e0 12h34        <\/p>\n<p>\u00ab\u00a0\u00c7a m\u2019a r\u00e9veill\u00e9 en sursaut. <strong>On a cru \u00e0 une explosion<\/strong>. Tout le quartier l\u2019a entendu\u00a0\u00bb, explique C\u00e9cile, habitante de Lafourgette, \u00e0 <a href=\"https:\/\/actu.fr\/toulouse\/\" target=\"_blank\" rel=\"noopener\">Toulouse<\/a>. Les orages qui ont \u00e9clat\u00e9 dans la nuit de ce mardi 3 au mercredi 4 juin 2025 ont \u00e9t\u00e9 largement remarqu\u00e9 dans la Ville rose. <strong>Deux \u00e9clairs, particuli\u00e8rement puissants<\/strong>, sont apparus peu avant 1h du matin. Des \u00e9clairs accompagn\u00e9s de forts coups de tonnerres qui ont pu tirer les habitants de leur sommeil. Sur les r\u00e9seaux sociaux, certains parlaient de \u00ab\u00a0superbolts\u00a0\u00bb, un terme qui sonne bien et qui fait penser \u00e0 une tr\u00e8s c\u00e9l\u00e8bre finale de championnat de football am\u00e9ricain. Dans ce cas pr\u00e9cis, il est incorrect de l\u2019employer. Pour Actu Toulouse, <strong>Emmanuel Wesolek<\/strong>, pr\u00e9sident de <a href=\"https:\/\/www.keraunos.org\/\" target=\"_blank\" rel=\"noopener\">Keraunos<\/a>, l\u2019observatoire fran\u00e7ais des tornades et orages, explique pourquoi.<\/p>\n<p>Superbolt : de quoi s\u2019agit-il ?<\/p>\n<p class=\" wall-content\">Keraunos a bien enregistr\u00e9<strong> deux ph\u00e9nom\u00e8nes<\/strong> :<\/p>\n<ul class=\" wall-content\">\n<li>le premier \u00e0 00h39, en bordure sud de la Ville rose, \u00e0 Vieille-Toulouse ;<\/li>\n<li>le second \u00e0 00h44, dans le secteur sud de Purpan, pr\u00e8s du stade du TOEC.<\/li>\n<\/ul>\n<p class=\" wall-content\">\u00ab\u00a0Pour les donn\u00e9es foudre, on est aux alentours de 180 kA d\u2019intensit\u00e9\u00a0\u00bb, explique le sp\u00e9cialiste. Or, pour parler de \u00ab\u00a0superbolt\u00a0\u00bb, que l\u2019on peut traduire en fran\u00e7ais par \u00ab\u00a0super-d\u00e9charge\u00a0\u00bb, \u00ab\u00a0il faut des valeurs nettement sup\u00e9rieures, <strong>au-dessus de 300 \u00e0 400 kA<\/strong>\u00ab\u00a0.<\/p>\n<p>Des impacts \u00ab\u00a0puissants, mais pas exceptionnels\u00a0\u00bb<\/p>\n<p class=\" wall-content\">Emmanuel Wesolek poursuit : \u00ab\u00a0Ici, les impacts sont <strong>puissants sans \u00eatre exceptionnels\u00a0\u00bb. <\/strong>\u00c0 titre de comparaison, le 19 mai dernier,<strong> \u00e0 Lavaurette, dans le Tarn-et-Garonne<\/strong>, Keraunos avait enregistr\u00e9 un \u00e9clair <strong>\u00e0 500 kA<\/strong> !<\/p>\n<p class=\" wall-content\">\u00ab\u00a0Mais en pleine nuit, et surtout en pleine ville, ils peuvent se faire remarquer, m\u00eame s\u2019ils sont moins intenses.\u00a0\u00bb<\/p>\n<p class=\" wall-content\">Les nombreux commentaires laiss\u00e9s sur les r\u00e9seaux sociaux ce mercredi matin permettent, en effet, de mesurer la surprise des habitants. Certains parlent <strong>\u00ab\u00a0d\u2019\u00e9clair \u00e9blouissant\u00a0\u00bb<\/strong> suivi d\u2019un<strong> coup de tonnerre puissant<\/strong>. \u00ab\u00a0J\u2019ai cru \u00e0 la fin du monde le temps d\u2019un instant \u00e0 Toulouse\u00a0\u00bb, peut-on lire.\u00a0<\/p>\n<p class=\" wall-content\">Parmi les images les plus impressionnantes, cette vid\u00e9o qui a captur\u00e9, au hasard du moment, <strong>une \u00e9norme d\u00e9tonation avec une impressionnante r\u00e9verb\u00e9ration<\/strong> :<\/p>\n<p class=\" wall-content\">\n<p>De quel type d\u2019\u00e9clair s\u2019agissait-il ?<\/p>\n<p class=\" wall-content\">Le pr\u00e9sident de Keraunos explique : \u00ab\u00a0il existe <strong>deux grands types d\u2019\u00e9clairs<\/strong> : <strong>les \u00e9clairs intranuageux<\/strong> qui sont les plus fr\u00e9quents et qui ne touchent pas le sol ; et les autres, qui touchent le sol. Pour une petite proportion d\u2019entre eux, ils ont <strong>un impact positif<\/strong>. Cela a \u00e9t\u00e9 le cas cette nuit \u00e0 Toulouse. Ce sont les plus puissants et ceux qui provoquent, g\u00e9n\u00e9ralement, les d\u00e9tonations les plus fortes\u00a0\u00bb.<\/p>\n<p class=\" wall-content\">Ces \u00e9clairs \u00ab\u00a0sont initi\u00e9s au sommet des nuages d\u2019orages et ont un gros parcours : ils font<strong> 10 \u00e0 15 cm de long<\/strong>, avec des intensit\u00e9s nettement plus fortes que la moyenne\u00a0\u00bb.<\/p>\n<p>De nouveaux orages \u00e0 craindre ?<\/p>\n<p class=\" wall-content\">Faut-il s\u2019attendre \u00e0 de nouveaux orages ce mercredi ? Si la pluie a cess\u00e9 de tomber \u00e0 Toulouse \u00e0 la mi-journ\u00e9e, Keraunos invite \u00e0 la prudence. La Haute-Garonne n\u2019est d\u00e9sormais plus en vigilance.<\/p>\n<p class=\" wall-content\">\u00ab\u00a0Il y a toujours un risque aujourd\u2019hui, mais nous allons rentrer dans une p\u00e9riode plus calme. On a eu un axe Pyr\u00e9n\u00e9es \/ nord-est de la France tr\u00e8s actif depuis vendredi soir. Dans le sud-ouest, il faudra rester vigilant jusqu\u2019\u00e0 ce soir\u00a0\u00bb, conclut-il.<\/p>\n<p>    <img   decoding=\"async\" loading=\"lazy\" src=\"https:\/\/www.europesays.com\/fr\/wp-content\/uploads\/2025\/06\/meteo-haute-garonne-pluies-960x640.png\" alt=\"Les pr\u00e9visions en Haute-Garonne pour ce mercredi.\" width=\"960\" height=\"640\"\/><br \/>\n    Les pr\u00e9visions en Haute-Garonne pour ce mercredi. (\u00a9Capture d\u2019\u00e9cran \/ M\u00e9t\u00e9o-France)<\/p>\n<p class=\" wall-content\">Suivez toute l\u2019actualit\u00e9 de vos villes et m\u00e9dias favoris en vous inscrivant \u00e0 <a href=\"https:\/\/moncompte.actu.fr\" title=\"D\u00e9couvez Mon Actu\" rel=\"nofollow noopener\" data-trk=\"{&quot;cta&quot;:{&quot;action&quot;:&quot;https:\\\/\\\/moncompte.actu.fr&quot;,&quot;category&quot;:&quot;mon compte&quot;,&quot;from&quot;:&quot;article footer&quot;,&quot;name&quot;:&quot;Mon actu&quot;,&quot;type&quot;:&quot;cta&quot;}}\" target=\"_blank\">Mon Actu<\/a>.<\/p>\n","protected":false},"excerpt":{"rendered":"Par Marie Lamarque Publi\u00e9 le 4 juin 2025 \u00e0 12h34 \u00ab\u00a0\u00c7a m\u2019a r\u00e9veill\u00e9 en sursaut. On a cru&hellip;\n","protected":false},"author":2,"featured_media":152641,"comment_status":"","ping_status":"","sticky":false,"template":"","format":"standard","meta":{"footnotes":""},"categories":[2816],"tags":[1111,11,1777,674,1011,27,2487,12,2680,4594,25,2312],"class_list":{"0":"post-152640","1":"post","2":"type-post","3":"status-publish","4":"format-standard","5":"has-post-thumbnail","7":"category-toulouse","8":"tag-actu","9":"tag-actualites","10":"tag-eu","11":"tag-europe","12":"tag-fr","13":"tag-france","14":"tag-meteo","15":"tag-news","16":"tag-occitanie","17":"tag-orages","18":"tag-republique-francaise","19":"tag-toulouse"},"share_on_mastodon":{"url":"https:\/\/pubeurope.com\/@fr\/114627827743225269","error":""},"_links":{"self":[{"href":"https:\/\/www.europesays.com\/fr\/wp-json\/wp\/v2\/posts\/152640","targetHints":{"allow":["GET"]}}],"collection":[{"href":"https:\/\/www.europesays.com\/fr\/wp-json\/wp\/v2\/posts"}],"about":[{"href":"https:\/\/www.europesays.com\/fr\/wp-json\/wp\/v2\/types\/post"}],"author":[{"embeddable":true,"href":"https:\/\/www.europesays.com\/fr\/wp-json\/wp\/v2\/users\/2"}],"replies":[{"embeddable":true,"href":"https:\/\/www.europesays.com\/fr\/wp-json\/wp\/v2\/comments?post=152640"}],"version-history":[{"count":0,"href":"https:\/\/www.europesays.com\/fr\/wp-json\/wp\/v2\/posts\/152640\/revisions"}],"wp:featuredmedia":[{"embeddable":true,"href":"https:\/\/www.europesays.com\/fr\/wp-json\/wp\/v2\/media\/152641"}],"wp:attachment":[{"href":"https:\/\/www.europesays.com\/fr\/wp-json\/wp\/v2\/media?parent=152640"}],"wp:term":[{"taxonomy":"category","embeddable":true,"href":"https:\/\/www.europesays.com\/fr\/wp-json\/wp\/v2\/categories?post=152640"},{"taxonomy":"post_tag","embeddable":true,"href":"https:\/\/www.europesays.com\/fr\/wp-json\/wp\/v2\/tags?post=152640"}],"curies":[{"name":"wp","href":"https:\/\/api.w.org\/{rel}","templated":true}]}}