{"id":152642,"date":"2025-06-05T00:03:13","date_gmt":"2025-06-05T00:03:13","guid":{"rendered":"https:\/\/www.europesays.com\/fr\/152642\/"},"modified":"2025-06-05T00:03:13","modified_gmt":"2025-06-05T00:03:13","slug":"le-motard-gravement-blesse-transporte-a-lhopital","status":"publish","type":"post","link":"https:\/\/www.europesays.com\/fr\/152642\/","title":{"rendered":"le motard gravement bless\u00e9, transport\u00e9 \u00e0 l&rsquo;h\u00f4pital"},"content":{"rendered":"<p>            Par<br \/>\n        <strong><br \/>\n            <a href=\"https:\/\/actu.fr\/auteur\/mareva-laville-actu-fr\" title=\"Consulter tous les articles de Mar\u00e9va Laville\" rel=\"nofollow noopener\" target=\"_blank\">Mar\u00e9va Laville<\/a><br \/>\n        <\/strong><\/p>\n<p>        Publi\u00e9 le<\/p>\n<p>            4 juin 2025 \u00e0 20h16        <\/p>\n<p>Un grave accident s\u2019est produit ce mercredi 4\u00a0juin 2025 \u00e0 <strong>Plaisance-du-Touch,<\/strong> au sud-ouest de <a href=\"http:\/\/www.actu.fr\/toulouse\" rel=\"nofollow noopener\" target=\"_blank\">Toulouse<\/a>. Rue des Hirondelles, <strong>une moto et une voiture<\/strong> se sont percut\u00e9es.<\/p>\n<p>    <a href=\"https:\/\/www.google.com\/maps\/embed?pb=!1m18!1m12!1m3!1d15132.245123205976!2d1.290343144524037!3d43.55801845385718!2m3!1f0!2f0!3f0!3m2!1i1024!2i768!4f13.1!3m3!1m2!1s0x12aeb15248ec207b%3A0x283ea7dbe252cd50!2s10%20Rue%20des%20Hirondelles%2C%2031830%20Plaisance-du-Touch!5e1!3m2!1sfr!2sfr!4v1749060623241!5m2!1sfr!2sfr\" title=\"Ouvrie le lien\" rel=\"nofollow noopener\" target=\"_blank\">Cliquez ici pour visualiser le contenu<\/a><\/p>\n<p>Le motard gravement bless\u00e9<\/p>\n<p class=\" wall-content\">Peu avant 17h45, les pompiers \u00e9taient alors engag\u00e9s pour venir au secours d\u2019une victime, gravement bless\u00e9e.\u00a0Le motard, un<strong> homme \u00e2g\u00e9 de 49\u00a0ans<\/strong>, souffre d\u2019une <strong>fracture ouverte du f\u00e9mur.<\/strong><\/p>\n<p class=\" wall-content\">Il a \u00e9t\u00e9 rapidement transport\u00e9 \u00e0 l<strong>\u2019h\u00f4pital de Purpan,<\/strong> \u00ab\u2009escort\u00e9 par la gendarmerie nationale\u2009\u00bb, pr\u00e9cise le SDIS 31.<\/p>\n<p>La circulation coup\u00e9e<\/p>\n<p class=\" wall-content\">La circulation a \u00e9t\u00e9 coup\u00e9e dans les deux sens le temps de l\u2019intervention des six sapeurs-pompiers et des forces de l\u2019ordre.<\/p>\n<p>Vid\u00e9os : en ce moment sur Actu<\/p>\n<p class=\" wall-content\">Suivez toute l\u2019actualit\u00e9 de vos villes et m\u00e9dias favoris en vous inscrivant \u00e0 <a href=\"https:\/\/moncompte.actu.fr\" title=\"D\u00e9couvez Mon Actu\" rel=\"nofollow noopener\" data-trk=\"{&quot;cta&quot;:{&quot;action&quot;:&quot;https:\\\/\\\/moncompte.actu.fr&quot;,&quot;category&quot;:&quot;mon compte&quot;,&quot;from&quot;:&quot;article footer&quot;,&quot;name&quot;:&quot;Mon actu&quot;,&quot;type&quot;:&quot;cta&quot;}}\" target=\"_blank\">Mon Actu<\/a>.<\/p>\n","protected":false},"excerpt":{"rendered":"Par Mar\u00e9va Laville Publi\u00e9 le 4 juin 2025 \u00e0 20h16 Un grave accident s\u2019est produit ce mercredi 4\u00a0juin&hellip;\n","protected":false},"author":2,"featured_media":152643,"comment_status":"","ping_status":"","sticky":false,"template":"","format":"standard","meta":{"footnotes":""},"categories":[2816],"tags":[1111,11,1777,674,118,1011,27,3381,100,12,2680,1311,25,2312],"class_list":{"0":"post-152642","1":"post","2":"type-post","3":"status-publish","4":"format-standard","5":"has-post-thumbnail","7":"category-toulouse","8":"tag-actu","9":"tag-actualites","10":"tag-eu","11":"tag-europe","12":"tag-faits-divers","13":"tag-fr","14":"tag-france","15":"tag-gendarmerie","16":"tag-hopital","17":"tag-news","18":"tag-occitanie","19":"tag-pompiers","20":"tag-republique-francaise","21":"tag-toulouse"},"share_on_mastodon":{"url":"https:\/\/pubeurope.com\/@fr\/114627831579722881","error":""},"_links":{"self":[{"href":"https:\/\/www.europesays.com\/fr\/wp-json\/wp\/v2\/posts\/152642","targetHints":{"allow":["GET"]}}],"collection":[{"href":"https:\/\/www.europesays.com\/fr\/wp-json\/wp\/v2\/posts"}],"about":[{"href":"https:\/\/www.europesays.com\/fr\/wp-json\/wp\/v2\/types\/post"}],"author":[{"embeddable":true,"href":"https:\/\/www.europesays.com\/fr\/wp-json\/wp\/v2\/users\/2"}],"replies":[{"embeddable":true,"href":"https:\/\/www.europesays.com\/fr\/wp-json\/wp\/v2\/comments?post=152642"}],"version-history":[{"count":0,"href":"https:\/\/www.europesays.com\/fr\/wp-json\/wp\/v2\/posts\/152642\/revisions"}],"wp:featuredmedia":[{"embeddable":true,"href":"https:\/\/www.europesays.com\/fr\/wp-json\/wp\/v2\/media\/152643"}],"wp:attachment":[{"href":"https:\/\/www.europesays.com\/fr\/wp-json\/wp\/v2\/media?parent=152642"}],"wp:term":[{"taxonomy":"category","embeddable":true,"href":"https:\/\/www.europesays.com\/fr\/wp-json\/wp\/v2\/categories?post=152642"},{"taxonomy":"post_tag","embeddable":true,"href":"https:\/\/www.europesays.com\/fr\/wp-json\/wp\/v2\/tags?post=152642"}],"curies":[{"name":"wp","href":"https:\/\/api.w.org\/{rel}","templated":true}]}}