{"id":152644,"date":"2025-06-05T00:04:11","date_gmt":"2025-06-05T00:04:11","guid":{"rendered":"https:\/\/www.europesays.com\/fr\/152644\/"},"modified":"2025-06-05T00:04:11","modified_gmt":"2025-06-05T00:04:11","slug":"previsions-du-jeudi-5-juin-2025-4","status":"publish","type":"post","link":"https:\/\/www.europesays.com\/fr\/152644\/","title":{"rendered":"pr\u00e9visions du jeudi 5 juin 2025"},"content":{"rendered":"<p>Aujourd&rsquo;hui, le thermom\u00e8tre affichera 15\u00b0C en moyenne \u00e0 Lille. Un vent de sud-ouest soufflera un peu, avec 19 km\/h. De l\u00e9g\u00e8res averses ponctueront cette matin\u00e9e. Les temp\u00e9ratures iront de 13 \u00e0 15\u00b0C. Pour l&rsquo;apr\u00e8s-midi, des pluies \u00e9parses vont tomber sur la ville. Les maximales atteindront les 18\u00b0C tandis que les minimales seront de 15\u00b0C. Des pluies \u00e9parses vont tomber tout au long de la soir\u00e9e. Les valeurs seront comprises entre 15\u00b0C et 17\u00b0C. C&rsquo;est un ciel pluvieux que conna\u00eetra la nuit de jeudi \u00e0 vendredi.<\/p>\n<p>On notera la pr\u00e9sence persistante de nuages demain \u00e0 Lille. Il faudra pr\u00e9voir son parapluie pour \u00e9viter les pluies \u00e9parses. Les temp\u00e9ratures s&rsquo;\u00e9chelonneront entre 12 et 18\u00b0C. Un vent de sud-ouest, atteignant 22 km\/h, soufflera. La matin\u00e9e va rester maussade \u00e0 cause de nuages qui perdurent dans le ciel. On anticipe des valeurs avoisinant 15\u00b0C. Demain apr\u00e8s-midi, le soleil sera cach\u00e9 derri\u00e8re des nuages. Les temp\u00e9ratures afficheront entre 17 et 18\u00b0C. Dans la soir\u00e9e, les temp\u00e9ratures seront de 15\u00b0C.<\/p>\n<p>Les jours s&rsquo;encha\u00eenent et ne changent pas. Un ciel pluvieux, pour des temp\u00e9ratures de 15\u00b0C en moyenne, est attendu.<\/p>\n<p><\/p>\n","protected":false},"excerpt":{"rendered":"Aujourd&rsquo;hui, le thermom\u00e8tre affichera 15\u00b0C en moyenne \u00e0 Lille. Un vent de sud-ouest soufflera un peu, avec 19&hellip;\n","protected":false},"author":2,"featured_media":152645,"comment_status":"","ping_status":"","sticky":false,"template":"","format":"standard","meta":{"footnotes":""},"categories":[2815],"tags":[1111,11,1777,674,1011,27,811,1307,12,2119,25],"class_list":{"0":"post-152644","1":"post","2":"type-post","3":"status-publish","4":"format-standard","5":"has-post-thumbnail","7":"category-lille","8":"tag-actu","9":"tag-actualites","10":"tag-eu","11":"tag-europe","12":"tag-fr","13":"tag-france","14":"tag-hauts-de-france","15":"tag-lille","16":"tag-news","17":"tag-previsions-meteo","18":"tag-republique-francaise"},"share_on_mastodon":{"url":"https:\/\/pubeurope.com\/@fr\/114627835581454387","error":""},"_links":{"self":[{"href":"https:\/\/www.europesays.com\/fr\/wp-json\/wp\/v2\/posts\/152644","targetHints":{"allow":["GET"]}}],"collection":[{"href":"https:\/\/www.europesays.com\/fr\/wp-json\/wp\/v2\/posts"}],"about":[{"href":"https:\/\/www.europesays.com\/fr\/wp-json\/wp\/v2\/types\/post"}],"author":[{"embeddable":true,"href":"https:\/\/www.europesays.com\/fr\/wp-json\/wp\/v2\/users\/2"}],"replies":[{"embeddable":true,"href":"https:\/\/www.europesays.com\/fr\/wp-json\/wp\/v2\/comments?post=152644"}],"version-history":[{"count":0,"href":"https:\/\/www.europesays.com\/fr\/wp-json\/wp\/v2\/posts\/152644\/revisions"}],"wp:featuredmedia":[{"embeddable":true,"href":"https:\/\/www.europesays.com\/fr\/wp-json\/wp\/v2\/media\/152645"}],"wp:attachment":[{"href":"https:\/\/www.europesays.com\/fr\/wp-json\/wp\/v2\/media?parent=152644"}],"wp:term":[{"taxonomy":"category","embeddable":true,"href":"https:\/\/www.europesays.com\/fr\/wp-json\/wp\/v2\/categories?post=152644"},{"taxonomy":"post_tag","embeddable":true,"href":"https:\/\/www.europesays.com\/fr\/wp-json\/wp\/v2\/tags?post=152644"}],"curies":[{"name":"wp","href":"https:\/\/api.w.org\/{rel}","templated":true}]}}