{"id":152650,"date":"2025-06-05T00:07:09","date_gmt":"2025-06-05T00:07:09","guid":{"rendered":"https:\/\/www.europesays.com\/fr\/152650\/"},"modified":"2025-06-05T00:07:09","modified_gmt":"2025-06-05T00:07:09","slug":"previsions-du-jeudi-5-juin-2025-5","status":"publish","type":"post","link":"https:\/\/www.europesays.com\/fr\/152650\/","title":{"rendered":"pr\u00e9visions du jeudi 5 juin 2025"},"content":{"rendered":"<p>Le soleil sera au rendez-vous \u00e0 Marseille : une belle journ\u00e9e se pr\u00e9sente ! Les temp\u00e9ratures seront comprises entre 19 et 23\u00b0C. Un vent de sud-ouest soufflera un peu, avec 7 km\/h. Les valeurs afficheront entre 20 et 23\u00b0C durant la matin\u00e9e. Les temp\u00e9ratures s&rsquo;\u00e9chelonneront entre 22 et 23\u00b0C l&rsquo;apr\u00e8s-midi. Le ciel sera d\u00e9pourvu de nuages dans la nuit de jeudi \u00e0 vendredi.<\/p>\n<p>Demain, les Marseillais vont pouvoir profiter d&rsquo;un soleil radieux. L&rsquo;air ambiant va se r\u00e9chauffer avec une augmentation de quelques degr\u00e9s. On anticipe des valeurs d&rsquo;environ 23\u00b0C. Un l\u00e9ger vent de sud-ouest sera ressenti par les habitants. Les temp\u00e9ratures tourneront autour des 23\u00b0C au cours de la matin\u00e9e. Les valeurs iront de 23 \u00e0 25\u00b0C sur l&rsquo;ensemble de l&rsquo;apr\u00e8s-midi.<\/p>\n<p>La m\u00e9t\u00e9o restera stable les jours \u00e0 venir. Comptez sur 23\u00b0C en moyenne qui accompagneront des journ\u00e9es ensoleill\u00e9es.<\/p>\n<p><\/p>\n","protected":false},"excerpt":{"rendered":"Le soleil sera au rendez-vous \u00e0 Marseille : une belle journ\u00e9e se pr\u00e9sente ! Les temp\u00e9ratures seront comprises&hellip;\n","protected":false},"author":2,"featured_media":152651,"comment_status":"","ping_status":"","sticky":false,"template":"","format":"standard","meta":{"footnotes":""},"categories":[2814],"tags":[1111,11,885,1777,674,1011,27,884,12,883,2119,882,25],"class_list":{"0":"post-152650","1":"post","2":"type-post","3":"status-publish","4":"format-standard","5":"has-post-thumbnail","7":"category-marseille","8":"tag-actu","9":"tag-actualites","10":"tag-bouches-du-rhone","11":"tag-eu","12":"tag-europe","13":"tag-fr","14":"tag-france","15":"tag-marseille","16":"tag-news","17":"tag-paca","18":"tag-previsions-meteo","19":"tag-provence-alpes-cote-dazur","20":"tag-republique-francaise"},"share_on_mastodon":{"url":"https:\/\/pubeurope.com\/@fr\/114627847373792449","error":""},"_links":{"self":[{"href":"https:\/\/www.europesays.com\/fr\/wp-json\/wp\/v2\/posts\/152650","targetHints":{"allow":["GET"]}}],"collection":[{"href":"https:\/\/www.europesays.com\/fr\/wp-json\/wp\/v2\/posts"}],"about":[{"href":"https:\/\/www.europesays.com\/fr\/wp-json\/wp\/v2\/types\/post"}],"author":[{"embeddable":true,"href":"https:\/\/www.europesays.com\/fr\/wp-json\/wp\/v2\/users\/2"}],"replies":[{"embeddable":true,"href":"https:\/\/www.europesays.com\/fr\/wp-json\/wp\/v2\/comments?post=152650"}],"version-history":[{"count":0,"href":"https:\/\/www.europesays.com\/fr\/wp-json\/wp\/v2\/posts\/152650\/revisions"}],"wp:featuredmedia":[{"embeddable":true,"href":"https:\/\/www.europesays.com\/fr\/wp-json\/wp\/v2\/media\/152651"}],"wp:attachment":[{"href":"https:\/\/www.europesays.com\/fr\/wp-json\/wp\/v2\/media?parent=152650"}],"wp:term":[{"taxonomy":"category","embeddable":true,"href":"https:\/\/www.europesays.com\/fr\/wp-json\/wp\/v2\/categories?post=152650"},{"taxonomy":"post_tag","embeddable":true,"href":"https:\/\/www.europesays.com\/fr\/wp-json\/wp\/v2\/tags?post=152650"}],"curies":[{"name":"wp","href":"https:\/\/api.w.org\/{rel}","templated":true}]}}