{"id":152659,"date":"2025-06-05T00:14:12","date_gmt":"2025-06-05T00:14:12","guid":{"rendered":"https:\/\/www.europesays.com\/fr\/152659\/"},"modified":"2025-06-05T00:14:12","modified_gmt":"2025-06-05T00:14:12","slug":"amplitudes-technico-commercial-h-f-cdi-paris-75-petites-annonces","status":"publish","type":"post","link":"https:\/\/www.europesays.com\/fr\/152659\/","title":{"rendered":"AMPLITUDES &#8211; Technico-commercial H\/F &#8211; CDI &#8211; (Paris (75)) | Petites annonces"},"content":{"rendered":"<p>cliquez ici&#13;\t\t\t\t <\/p>\n<p align=\"center\"><a href=\"https:\/\/www.amplitudes.com\/\" target=\"_blank\" rel=\"nofollow noopener\">&#13;\t\t\t\t <br \/><img decoding=\"async\" border=\"0\" src=\"https:\/\/www.europesays.com\/fr\/wp-content\/uploads\/2025\/06\/Capture d'ecran 2024-11-08 160214.png\" alt=\"https:\/\/www.europesays.com\/fr\/wp-content\/uploads\/2025\/06\/Capture d'ecran 2024-11-08 160214.png\" \/><\/a>&#13;\t\t\t\t <\/p>\n<p align=\"center\"><b>RECRUTE <\/b>:&#13;\t\t\t\t <\/p>\n<p align=\"center\"><b>TECHNICO-COMMERCIAL F\/H&#13;\t\t\t\t <br \/>en CDI \u00e0 Paris (75) <\/b>&#13;\t\t\t\t <\/p>\n<p align=\"justify\"><b>L&rsquo;Entreprise :<\/b>&#13;\t\t\t\t <\/p>\n<p align=\"justify\">\u2728<b> Rejoignez la maison Amplitudes, cr\u00e9atrice d\u2019\u00e9motions et d\u2019exception<\/b> \u2728&#13;\t\t\t\t <\/p>\n<p>Depuis plus de 30 ans, Amplitudes con\u00e7oit des voyages sur mesure, avec le souci constant d\u2019offrir des prestations de qualit\u00e9 et des exp\u00e9riences authentiques. Pionni\u00e8re du voyage haut de gamme personnalis\u00e9, notre entreprise s\u2019appuie sur un savoir-faire solide et une vraie passion pour le monde du voyage.&#13;\t\t\t\t <\/p>\n<p>Install\u00e9es \u00e0 Toulouse et Paris, nos \u00e9quipes r\u00e9unissent aujourd\u2019hui 168 collaborateurs, tous anim\u00e9s par la m\u00eame envie : accompagner nos clients dans la r\u00e9ussite de leurs projets de voyage, en leur proposant des exp\u00e9riences uniques.&#13;\t\t\t\t <\/p>\n<p>Au sein de cet environnement stimulant et en constante \u00e9volution, notre service Groupe, recherche son\/sa nouveau(elle) Technico-commercial(e).&#13;\t\t\t\t <\/p>\n<p>Amplitudes d\u00e9veloppe une d\u00e9marche de recrutement inclusif, qui assure une \u00e9galit\u00e9 de traitement et donne la m\u00eame chance aux talents de tous horizons.&#13;\t\t\t\t <\/p>\n<p align=\"justify\"><b>LE POSTE :<\/b>&#13;\t\t\t\t <\/p>\n<p>Devenez <b>l\u2019architecte de r\u00eaves<\/b> sur l\u2019une des destinations les plus fascinantes du globe. Vos clients vous confient leurs envies, vous leur livrez bien plus qu\u2019un itin\u00e9raire : une immersion, une exp\u00e9rience, un souvenir imp\u00e9rissable.&#13;\t\t\t\t <\/p>\n<p>En tant que <b>Technico-Commercial<\/b>, vous avez <b>une double casquette technique et commerciale <\/b>.&#13;\t\t\t\t <\/p>\n<p><b>Vos missions :<\/b>&#13;\t\t\t\t <\/p>\n<p>&#8211; Prospecter, fid\u00e9liser, satisfaire votre client\u00e8le exigeante&#13;\t\t\t\t <br \/>&#8211; Concevoir, \u00e9laborer des voyages de groupe&#13;\t\t\t\t <br \/>&#8211; Calculer les co\u00fbts de s\u00e9jours et de circuits dans le respect du budget&#13;\t\t\t\t <br \/>&#8211; R\u00e9aliser un reporting pr\u00e9cis et r\u00e9gulier de votre activit\u00e9&#13;\t\t\t\t <br \/>&#8211; Mettre en place des relations durables avec la client\u00e8le&#13;\t\t\t\t <br \/>&#8211; Suivre les r\u00e9servations et la facturation&#13;\t\t\t\t <br \/>&#8211; Accompagner ponctuellement les groupes&#13;\t\t\t\t <\/p>\n<p>\ud83e\udd1d <b>Vous int\u00e9grerez :<\/b>&#13;\t\t\t\t <\/p>\n<p>Une \u00e9quipe soud\u00e9e, bienveillante et passionn\u00e9e, pilot\u00e9e par une direction proche du terrain. &#13;\t\t\t\t <\/p>\n<p><b>PROFIL RECHERCHE <\/b>&#13;\t\t\t\t <\/p>\n<p>\ud83d\udc8e <b>Votre profil :<\/b>&#13;\t\t\t\t <\/p>\n<p>&#8211; Curieux(se), rigoureux(se) et hautement autonome, avec une passion affirm\u00e9e pour les voyages d\u2019exception.&#13;\t\t\t\t <br \/>&#8211; Esprit d\u2019\u00e9quipe d\u00e9velopp\u00e9 et go\u00fbt prononc\u00e9 pour la collaboration.&#13;\t\t\t\t <br \/>&#8211; Dipl\u00f4m\u00e9(e) d\u2019un Bac+3 minimum, avec au moins 2 ans d\u2019exp\u00e9rience r\u00e9ussie sur un poste similaire.&#13;\t\t\t\t <br \/>&#8211; Bonnes connaissances de plusieurs destinations et attrait pour les exp\u00e9riences de voyage uniques.&#13;\t\t\t\t <br \/>&#8211; Professionnel(le) de terrain, ma\u00eetrisant les techniques de n\u00e9gociation et la conclusion de ventes.&#13;\t\t\t\t <br \/>&#8211; Excellente intelligence relationnelle : vous savez instaurer des relations durables et de confiance avec vos clients.&#13;\t\t\t\t <br \/>&#8211; Cr\u00e9atif(ve), structur\u00e9(e), dynamique et pers\u00e9v\u00e9rant(e), avec une grande capacit\u00e9 d\u2019adaptation.&#13;\t\t\t\t <br \/>&#8211; Sens du service irr\u00e9prochable, excellent relationnel et grande qualit\u00e9 d\u2019\u00e9coute.&#13;\t\t\t\t <br \/>&#8211; Anglais courant indispensable ; une troisi\u00e8me langue est un atout.&#13;\t\t\t\t <br \/>&#8211; Une premi\u00e8re exp\u00e9rience dans l\u2019organisation de voyages incentives est un plus appr\u00e9ci\u00e9.&#13;\t\t\t\t <\/p>\n<p><b>CONDITIONS <\/b>&#13;\t\t\t\t <\/p>\n<p>\ud83d\udccd<b>Les conditions de votre envol :<\/b>&#13;\t\t\t\t <\/p>\n<p>&#8211; <b>CDI <\/b>\u2013 39h hebdomadaires&#13;\t\t\t\t <br \/>&#8211; <b>Localisation<\/b> : Paris Op\u00e9ra&#13;\t\t\t\t <br \/>&#8211; <b>R\u00e9mun\u00e9ration <\/b>attractive :&#13;\t\t\t\t <br \/>&#8211; Fixe mensuel brut&#13;\t\t\t\t <br \/>&#8211; Primes sur objectifs&#13;\t\t\t\t <br \/>&#8211; <b>Participation <\/b>aux b\u00e9n\u00e9fices \u00e9quivalente \u00e0 <b>jusqu\u2019\u00e0 2 mois de salaire<\/b>&#13;\t\t\t\t <\/p>\n<p><b>Et bien s\u00fbr :<\/b>&#13;\t\t\t\t <\/p>\n<p>&#8211; Tickets resto \ud83c\udf7d\ufe0f&#13;\t\t\t\t <br \/>&#8211; Mutuelle prise en charge \u00e0 60 %&#13;\t\t\t\t <br \/>&#8211; Transport pris en compte \u00e0 50% \ud83d\ude87\ud83c\udfe1&#13;\t\t\t\t <br \/>&#8211; Acc\u00e8s CSE&#13;\t\t\t\t <br \/>&#8211; Cong\u00e9s suppl\u00e9mentaires selon anciennet\u00e9 \u2708\ufe0f&#13;\t\t\t\t <br \/>&#8211; Team buildings, week-ends et soir\u00e9es d\u2019\u00e9quipe dans une ambiance conviviale&#13;\t\t\t\t <\/p>\n<p><b>LES ENTRETIENS :<\/b>&#13;\t\t\t\t <\/p>\n<p>Entretiens RH puis manag\u00e9riaux.&#13;\t\t\t\t <\/p>\n<p>\ud83c\udf8e <b>Chez Amplitudes, chaque projet est une page blanche\u2026 Et si la v\u00f4tre commen\u00e7ait ici ?<\/b>&#13;\t\t\t\t <\/p>\n<p>Nous nous engageons pour un recrutement inclusif, o\u00f9 chaque parcours, chaque talent, chaque passion a sa place.&#13;\t\t\t\t <\/p>\n<p><b>Pour postuler en ligne :<\/b> <a style=\"color:blue;font-size:16px\" href=\"https:\/\/taleez.com\/apply\/technico-commercial-amplitudes-paris-f-h-paris-amplitudes-cdi\" _blank=\"\" rel=\"nofollow noopener\" target=\"_blank\">cliquez ici<\/a>&#13;\t\t\t\t <\/p>\n","protected":false},"excerpt":{"rendered":"cliquez ici&#13; &#13; &#13; RECRUTE :&#13; TECHNICO-COMMERCIAL F\/H&#13; en CDI \u00e0 Paris (75) &#13; L&rsquo;Entreprise :&#13; \u2728 Rejoignez&hellip;\n","protected":false},"author":2,"featured_media":15231,"comment_status":"","ping_status":"","sticky":false,"template":"","format":"standard","meta":{"footnotes":""},"categories":[1888],"tags":[11,6421,2408,2105,1777,674,1011,27,6417,4662,3754,12,626,6422,25,6419,6420,602,6418],"class_list":{"0":"post-152659","1":"post","2":"type-post","3":"status-publish","4":"format-standard","5":"has-post-thumbnail","7":"category-paris","8":"tag-actualites","9":"tag-agences-de-voyage","10":"tag-appels-d","11":"tag-distribution","12":"tag-eu","13":"tag-europe","14":"tag-fr","15":"tag-france","16":"tag-information","17":"tag-journal","18":"tag-media","19":"tag-news","20":"tag-paris","21":"tag-place-de-marche","22":"tag-republique-francaise","23":"tag-tour-operateurs","24":"tag-tour-operators","25":"tag-tourisme","26":"tag-voyagistes"},"share_on_mastodon":{"url":"https:\/\/pubeurope.com\/@fr\/114627874886254055","error":""},"_links":{"self":[{"href":"https:\/\/www.europesays.com\/fr\/wp-json\/wp\/v2\/posts\/152659","targetHints":{"allow":["GET"]}}],"collection":[{"href":"https:\/\/www.europesays.com\/fr\/wp-json\/wp\/v2\/posts"}],"about":[{"href":"https:\/\/www.europesays.com\/fr\/wp-json\/wp\/v2\/types\/post"}],"author":[{"embeddable":true,"href":"https:\/\/www.europesays.com\/fr\/wp-json\/wp\/v2\/users\/2"}],"replies":[{"embeddable":true,"href":"https:\/\/www.europesays.com\/fr\/wp-json\/wp\/v2\/comments?post=152659"}],"version-history":[{"count":0,"href":"https:\/\/www.europesays.com\/fr\/wp-json\/wp\/v2\/posts\/152659\/revisions"}],"wp:featuredmedia":[{"embeddable":true,"href":"https:\/\/www.europesays.com\/fr\/wp-json\/wp\/v2\/media\/15231"}],"wp:attachment":[{"href":"https:\/\/www.europesays.com\/fr\/wp-json\/wp\/v2\/media?parent=152659"}],"wp:term":[{"taxonomy":"category","embeddable":true,"href":"https:\/\/www.europesays.com\/fr\/wp-json\/wp\/v2\/categories?post=152659"},{"taxonomy":"post_tag","embeddable":true,"href":"https:\/\/www.europesays.com\/fr\/wp-json\/wp\/v2\/tags?post=152659"}],"curies":[{"name":"wp","href":"https:\/\/api.w.org\/{rel}","templated":true}]}}