{"id":15266,"date":"2025-04-10T15:18:08","date_gmt":"2025-04-10T15:18:08","guid":{"rendered":"https:\/\/www.europesays.com\/fr\/15266\/"},"modified":"2025-04-10T15:18:08","modified_gmt":"2025-04-10T15:18:08","slug":"leurope-suspend-sa-riposte-la-chine-appelle-au-compromis","status":"publish","type":"post","link":"https:\/\/www.europesays.com\/fr\/15266\/","title":{"rendered":"l\u2019Europe suspend sa riposte, la Chine appelle au compromis"},"content":{"rendered":"<p>L\u2019Union europ\u00e9enne va geler sa r\u00e9plique durant 90 jours pour \u00ab\u00a0donner une chance aux n\u00e9gociations\u00a0\u00bb, a annonc\u00e9 jeudi 10\u00a0avril 2025 la pr\u00e9sidente de la Commission europ\u00e9enne Ursula von\u00a0der\u00a0Leyen apr\u00e8s <a target=\"_self\" href=\"https:\/\/www.lanouvellerepublique.fr\/a-la-une\/droits-de-douane-trump-annonce-une-pause-de-90-jours-sauf-pour-la-chine-qui-voit-son-taux-augmenter-1744223144\" rel=\"nofollow noopener\">le spectaculaire revirement de Donald Trump<\/a>, mercredi. \u00ab\u00a0Si les n\u00e9gociations ne sont pas satisfaisantes, nos contre-mesures entreront en vigueur\u00a0\u00bb, a-t-elle cependant pr\u00e9venu.<\/p>\n<p>Les 27 \u00c9tats membres de l\u2019UE avaient adopt\u00e9 mercredi 9\u00a0avril, apr\u00e8s plusieurs semaines de n\u00e9gociations, leurs <a target=\"_self\" href=\"https:\/\/www.lanouvellerepublique.fr\/a-la-une\/droits-de-douane-si-l-ue-entame-des-represailles-commerciales-les-prix-augmenteront-1744133743\" rel=\"nofollow noopener\">premi\u00e8res mesures de repr\u00e9sailles<\/a> aux droits de douane am\u00e9ricains, portant sur plus de 20\u00a0milliards d\u2019euros de marchandises, comme les motos, le soja ou la volaille.<\/p>\n<p>Ces surtaxes r\u00e9pondaient aux taxes de 25\u00a0% impos\u00e9es sur l\u2019acier et l\u2019aluminium par Washington mi-mars. La riposte aux droits de douane de 20\u00a0%, <a target=\"_self\" href=\"https:\/\/www.lanouvellerepublique.fr\/a-la-une\/droits-de-douane-trump-degaine-ses-taxes-pour-mettre-fin-au-pillage-de-l-amerique-1743627976\" rel=\"nofollow noopener\">d\u00e9cr\u00e9t\u00e9s par le pr\u00e9sident am\u00e9ricain le 2\u00a0avril<\/a>, devait quant \u00e0 elle \u00eatre pr\u00e9sent\u00e9e en d\u00e9but de semaine prochaine.<\/p>\n<p>La Chine entend se \u00ab\u00a0battre jusqu\u2019au bout\u00a0\u00bb<\/p>\n<p>La d\u00e9cision de Bruxelles survient apr\u00e8s la volte-face du pr\u00e9sident Trump, qui a annonc\u00e9 mercredi soir \u00e0 la surprise g\u00e9n\u00e9rale un gel de 90 jours des surtaxes appliqu\u00e9es \u00e0 60 pays, ne maintenant \u00e0 leur \u00e9gard que le taux plancher de 10\u00a0% en vigueur pour tous les pays depuis d\u00e9but avril. Les investisseurs \u00e9taient \u00ab\u00a0un peu nerveux, un peu craintifs [\u2026] Vous devez avoir de la flexibilit\u00e9\u00a0\u00bb, a justifi\u00e9 l\u2019ancien magnat de l\u2019immobilier, qui n\u2019a maintenu ses surtaxes douani\u00e8res que pour un seul pays, auquel il reproche un \u00ab\u00a0manque de respect\u00a0\u00bb\u00a0: la Chine, \u00e0 qui <a target=\"_self\" href=\"https:\/\/www.lanouvellerepublique.fr\/a-la-une\/droits-de-douane-trump-annonce-une-pause-de-90-jours-sauf-pour-la-chine-qui-voit-son-taux-augmenter-1744223144\" rel=\"nofollow noopener\">il imposera d\u00e9sormais 125\u00a0% de droits de douane sur ses produits<\/a>, en r\u00e9ponse aux repr\u00e9sailles de P\u00e9kin.<\/p>\n<p>D\u00e9sormais isol\u00e9es dans leur combat face \u00e0 l\u2019administration am\u00e9ricaine, les autorit\u00e9s chinoises ont continu\u00e9 jeudi de <a target=\"_self\" href=\"https:\/\/www.lanouvellerepublique.fr\/a-la-une\/la-chine-replique-et-va-porter-a-84-ses-surtaxes-sur-les-produits-americains-1744199823\" rel=\"nofollow noopener\">tenir t\u00eate \u00e0 Washington<\/a>, promettant de \u00ab\u00a0se battre jusqu\u2019au bout\u00a0\u00bb tout en se montrant dispos\u00e9es \u00e0 rechercher un compromis.\u00a0Dans l\u2019attente d\u2019un \u00e9ventuel accord, P\u00e9kin a annonc\u00e9 r\u00e9duire le nombre de films am\u00e9ricains diffus\u00e9s sur son territoire.<\/p>\n<p>Cette nouvelle escalade entre les deux grandes puissances mondiales n\u2019a pas emp\u00each\u00e9 les principales places boursi\u00e8res asiatiques et europ\u00e9ennes de rebondir, les investisseurs pariant sur une accalmie dans la guerre commerciale mondiale.<\/p>\n<p>\u00ab\u00a0Pression suffisante\u00a0\u00bb<\/p>\n<p>Interrog\u00e9 sur CNBC, le principal conseiller \u00e9conomique de la Maison-Blanche, Kevin Hassett, a assur\u00e9 que le taux plancher de 10\u00a0% serait a priori maintenu, estimant que Washington devait \u00ab\u00a0cr\u00e9er la pression suffisante\u00a0\u00bb sur ses partenaires pour rapatrier des activit\u00e9s industrielles aux \u00c9tats-Unis.<\/p>\n<p>Pour nombre d\u2019observateurs, les risques li\u00e9s \u00e0 la politique commerciale am\u00e9ricaine sont cependant loin d\u2019\u00eatre lev\u00e9s. Pr\u00e9dire la suite des \u00e9v\u00e9nements est \u00ab\u00a0quasiment impossible\u00a0\u00bb, les \u00c9tats-Unis ayant totalement \u00ab\u00a0d\u00e9vi\u00e9 du sc\u00e9nario habituel\u00a0\u00bb, note Ipek Ozkardeskaya, analyste chez Swissquote Bank.<\/p>\n<p>Selon la directrice g\u00e9n\u00e9rale de l\u2019Organisation mondiale du commerce (OMC), Ngozi Okonjo-Iweala, le seul bras de fer entre P\u00e9kin et Washington pourrait r\u00e9duire de \u00ab\u00a0jusqu\u2019\u00e0 80\u00a0%\u00a0\u00bb les \u00e9changes de marchandises entre les deux pays et effacer \u00ab\u00a0pr\u00e8s de 7\u00a0%\u00a0\u00bb du PIB mondial sur le long terme.<\/p>\n","protected":false},"excerpt":{"rendered":"L\u2019Union europ\u00e9enne va geler sa r\u00e9plique durant 90 jours pour \u00ab\u00a0donner une chance aux n\u00e9gociations\u00a0\u00bb, a annonc\u00e9 jeudi&hellip;\n","protected":false},"author":2,"featured_media":15267,"comment_status":"","ping_status":"","sticky":false,"template":"","format":"standard","meta":{"footnotes":""},"categories":[1586],"tags":[328,11,75,2822,33,73,1777,674,1779,1011,27,329,74,12,25,1778,364],"class_list":{"0":"post-15266","1":"post","2":"type-post","3":"status-publish","4":"format-standard","5":"has-post-thumbnail","7":"category-europe","8":"tag-a-la-une","9":"tag-actualites","10":"tag-donald-trump","11":"tag-douanes","12":"tag-economie","13":"tag-etats-unis","14":"tag-eu","15":"tag-europe","16":"tag-european-union","17":"tag-fr","18":"tag-france","19":"tag-france-monde","20":"tag-monde","21":"tag-news","22":"tag-republique-francaise","23":"tag-ue","24":"tag-union-europeenne"},"share_on_mastodon":{"url":"https:\/\/pubeurope.com\/@fr\/114314340177130313","error":""},"_links":{"self":[{"href":"https:\/\/www.europesays.com\/fr\/wp-json\/wp\/v2\/posts\/15266","targetHints":{"allow":["GET"]}}],"collection":[{"href":"https:\/\/www.europesays.com\/fr\/wp-json\/wp\/v2\/posts"}],"about":[{"href":"https:\/\/www.europesays.com\/fr\/wp-json\/wp\/v2\/types\/post"}],"author":[{"embeddable":true,"href":"https:\/\/www.europesays.com\/fr\/wp-json\/wp\/v2\/users\/2"}],"replies":[{"embeddable":true,"href":"https:\/\/www.europesays.com\/fr\/wp-json\/wp\/v2\/comments?post=15266"}],"version-history":[{"count":0,"href":"https:\/\/www.europesays.com\/fr\/wp-json\/wp\/v2\/posts\/15266\/revisions"}],"wp:featuredmedia":[{"embeddable":true,"href":"https:\/\/www.europesays.com\/fr\/wp-json\/wp\/v2\/media\/15267"}],"wp:attachment":[{"href":"https:\/\/www.europesays.com\/fr\/wp-json\/wp\/v2\/media?parent=15266"}],"wp:term":[{"taxonomy":"category","embeddable":true,"href":"https:\/\/www.europesays.com\/fr\/wp-json\/wp\/v2\/categories?post=15266"},{"taxonomy":"post_tag","embeddable":true,"href":"https:\/\/www.europesays.com\/fr\/wp-json\/wp\/v2\/tags?post=15266"}],"curies":[{"name":"wp","href":"https:\/\/api.w.org\/{rel}","templated":true}]}}