{"id":152660,"date":"2025-06-05T00:15:11","date_gmt":"2025-06-05T00:15:11","guid":{"rendered":"https:\/\/www.europesays.com\/fr\/152660\/"},"modified":"2025-06-05T00:15:11","modified_gmt":"2025-06-05T00:15:11","slug":"les-fermetures-de-salles-de-cinema-senchainent-a-paris-avec-la-fin-du-miramar","status":"publish","type":"post","link":"https:\/\/www.europesays.com\/fr\/152660\/","title":{"rendered":"Les fermetures de salles de cin\u00e9ma s\u2019encha\u00eenent \u00e0 Paris avec la fin du Miramar"},"content":{"rendered":"<p>Apr\u00e8s avoir condamn\u00e9 plusieurs cin\u00e9mas de la capitale, le groupe de J\u00e9r\u00f4me Seydoux et de Rodolphe Saada \u00e9teint les lumi\u00e8res du Miramar lundi 9 juin.<\/p>\n<p class=\"fig-paragraph\">Une autre salle embl\u00e9matique du paysage cin\u00e9matographique de Paris ferme ses portes. Lundi 9 juin, le\u00a0<a href=\"http:\/\/www.lefigaro.fr\/medias\/la-famille-saade-entre-au-capital-des-cinemas-pathe-a-hauteur-de-20-20250512\" data-fig-type=\"NewsFlash\" data-gtm-custom-categorie=\"navigation\" data-gtm-custom-action=\"crossclick\" data-gtm-custom-label=\"Contextuel\" data-gtm-event=\"customEventSPE\" data-fig-domain=\"LEFIGARO\" target=\"_blank\" rel=\"noopener\">groupe Path\u00e9<\/a>\u00a0tire le rideau du Miramar, grande salle de la rive gauche \u00e0 Paris. Dans le quartier, apr\u00e8s le Bienvenue Montparnasse ferm\u00e9 en 2012, le Mistral \u00e0 Al\u00e9sia en 2016 et le Bretagne fin 2023, c\u2019est au tour de la c\u00e9l\u00e8bre salle de la place du 18-Juin d\u2019\u00e9teindre \u00e0 jamais ses lumi\u00e8res. Vers 22 heures, apr\u00e8s les projections de\u00a0<a href=\"http:\/\/www.lefigaro.fr\/festival-de-cannes\/cannes-2025-notre-critique-de-jeunes-meres-des-freres-dardenne-accouchement-avec-douleur-20250522\" data-fig-type=\"Article\" data-gtm-custom-categorie=\"navigation\" data-gtm-custom-action=\"crossclick\" data-gtm-custom-label=\"Contextuel\" data-gtm-event=\"customEventSPE\" data-fig-domain=\"LEFIGARO\" target=\"_blank\" rel=\"noopener\">Jeunes M\u00e8res<\/a> \u00a0et de\u00a0<a href=\"http:\/\/www.lefigaro.fr\/culture\/notre-critique-de-ma-mere-dieu-et-sylvie-vartan-le-plus-beau-pour-aller-marcher-20250318\" data-fig-type=\"Article\" data-gtm-custom-categorie=\"navigation\" data-gtm-custom-action=\"crossclick\" data-gtm-custom-label=\"Contextuel\" data-gtm-event=\"customEventSPE\" data-fig-domain=\"LEFIGARO\" target=\"_blank\" rel=\"noopener\">Ma M\u00e8re, Dieu et Sylvie Vartan,<\/a> \u00a0ce sera la fin. Ce cin\u00e9ma au confort trop vieillot, avec sa d\u00e9coration 70\u2019s et ses portes vitr\u00e9es poussi\u00e9reuses, va mourir \u00e0 87 ans, juste avant la F\u00eate du cin\u00e9ma. Il n\u2019attirait plus grand monde. La nouvelle a \u00e9t\u00e9 r\u00e9v\u00e9l\u00e9e par Axel Huyghe, historien des salles de cin\u00e9ma et fondateur du site salles-cinema.com. Sollicit\u00e9s par Le Figaro, les dirigeants de Path\u00e9 se montraient injoignables mercredi.<\/p>\n<p class=\"fig-paragraph\">Que va devenir le lieu\u00a0? Myst\u00e8re. Dans le m\u00eame bloc d\u2019immeubles, cohabitaient deux cin\u00e9mas. Le Miramar, place du 18-Juin, et le Path\u00e9 Parnasse c\u00f4t\u00e9 rue d\u2019Odessa. Construits avant-guerre, ils sont une succession de labyrinthes qui traversent diff\u00e9rentes copropri\u00e9t\u00e9s. Path\u00e9 n\u2019a jamais r\u00e9ussi \u00e0 obtenir des diff\u00e9rents propri\u00e9taires la permission de relier le Miramar au Path\u00e9 Parnasse. Fin 2022, seul ce dernier a \u00e9t\u00e9 r\u00e9nov\u00e9 et repens\u00e9. Son entr\u00e9e qui donnait sur le boulevard Montparnasse a \u00e9t\u00e9 ferm\u00e9e pour \u00e9conomiser un loyer. C\u00f4t\u00e9 rue d\u2019Odessa, le bar promis lors de la r\u00e9ouverture n\u2019a jamais ouvert ses portes. Malgr\u00e9 la r\u00e9novation r\u00e9cente, les spectateurs ayant du mal \u00e0 marcher et ceux en fauteuil roulant sont les grands oubli\u00e9s de ce multiplexe. La salle tout en haut leur est inaccessible \u00e0 cause d\u2019un escalier. Les autres sont desservies par un seul ascenseur. Quand il est en panne, les personnes \u00e2g\u00e9es doivent rebrousser chemin. Pour autant, le Path\u00e9 Parnasse est une destination en soi. Positionn\u00e9 100% premium, il est de loin, le cin\u00e9ma le plus confortable de la capitale. Le plein tarif \u00e0 18,50\u00a0euros est pass\u00e9 \u00e0 19,50 euros et \u00e0 15 euros en semaine avant 18\u00a0heures. \u00c0 c\u00f4t\u00e9, le Miramar, d\u00e9laiss\u00e9, faisait p\u00e2le figure.<\/p>\n<p class=\"fig-paragraph\">Un cin\u00e9ma qui ferme n\u2019est jamais une bonne nouvelle. Encore moins quand celui-ci est une adresse historique. Paris reste la capitale qui a le plus grand nombre de salles, mais pour combien de temps encore\u00a0? La maire Anne Hidalgo n\u2019a pas encore pris position et elle n\u2019a pas fait jouer son droit de pr\u00e9emption. La Ville en a-t-elle m\u00eame les moyens\u00a0?<\/p>\n<p>Un fleuron de l\u2019apr\u00e8s-guerre<\/p>\n<p class=\"fig-paragraph\">Le Miramar avait ouvert ses portes juste avant la Seconde Guerre mondiale, en 1938, avec Greta Garbo dans Marie Walewska de Clarence Brown. La suite de la programmation sera aussi prestigieuse avec Bus Stop, Diamants sur canap\u00e9, Lawrence d\u2019Arabie, Ang\u00e9lique et le Roy, Paris br\u00fble-t-il\u00a0? ou encore La Piscine. \u00ab\u00a0C\u2019\u00e9tait un cin\u00e9ma majestueux avec une grande salle unique dot\u00e9e d\u2019un balcon\u00a0\u00bb, raconte Axel Huyghe qui a consacr\u00e9 un livre passionnant \u00e0 Joseph Rytmann, fondateur de plusieurs cin\u00e9mas embl\u00e9matiques de la capitale, dont le Miramar, le Mistral et le Bretagne. Surnomm\u00e9 \u00ab\u00a0L\u2019Empereur de Montparnasse\u00a0\u00bb, cet entrepreneur ind\u00e9pendant n\u00e9 en 1903 \u00e9tait d\u2019origine Bi\u00e9lorusse. Fuyant les pogroms, ce juif ashk\u00e9naze s\u2019installe \u00e0 Paris. Il travaille dans des magasins de bois et de textile avant de miser sur les cin\u00e9mas. \u00ab\u00a0Avant-guerre, les cin\u00e9mas \u00e9taient un commerce florissant, raconte son biographe Axel Huyghe. En 1933, Joseph Rytmann commence par acheter le Miramar \u00e0 Al\u00e9sia qui, apr\u00e8s avoir \u00e9t\u00e9 le th\u00e9\u00e2tre de Montrouge, avait d\u00e9j\u00e0 \u00e9t\u00e9 transform\u00e9 en cin\u00e9ma. En 1938, il acquiert le Miramar \u00e0 Montparnasse. \u00c0 l\u2019\u00e9poque, il y a seulement deux salles dans le quartier, le Cin\u00e9as, une salle d\u2019actualit\u00e9 log\u00e9e dans la Galerie des Marchands de l\u2019ancienne gare Montparnasse et le Path\u00e9 de la rue d\u2019Odessa \u00e0 quelques m\u00e8tres du Miramar.\u00a0\u00bb L\u2019architecte en vogue, Maurice Gridaine (\u00e0 qui l\u2019on doit l\u2019ancienne salle du Palais des festivals \u00e0 Cannes) a l\u2019id\u00e9e d\u2019une salle de 1\u00a0000 fauteuils et surtout d\u2019une monumentale fa\u00e7ade visible de tr\u00e8s loin, notamment le soir.<\/p>\n<p class=\"fig-paragraph\">Pendant l\u2019Occupation, les Fran\u00e7ais de confession juive sont interdits d\u2019exploiter des th\u00e9\u00e2tres et des cin\u00e9mas. Joseph Rytmann est spoli\u00e9 et se r\u00e9fugie en zone libre. Il survit \u00e0 la guerre et doit se battre devant les tribunaux \u00e0 la Lib\u00e9ration pour r\u00e9cup\u00e9rer ses cin\u00e9mas.\u00a0Pendant les Trente Glorieuses, les spectateurs affluent, les bons films sont nombreux et Joseph Rytmann peut investir dans trois nouveaux cin\u00e9mas \u00e0 Montparnasse\u00a0: le Bretagne, le Bienvenue Montparnasse et les Montparnos. C\u2019est lui qui a fait de la colline de la rive gauche, l\u2019incontournable quartier des projections de nouveaux films dans la capitale apr\u00e8s les Champs-\u00c9lys\u00e9es et les Grands Boulevards. En 1983, Benjamine Rytmann-Radwanski reprend le flambeau apr\u00e8s le d\u00e9c\u00e8s de son p\u00e8re.<\/p>\n<p>La fin du Bretagne, la d\u00e9sertion des Champs-\u00c9lys\u00e9es<\/p>\n<p class=\"fig-paragraph\">Elle c\u00e8de ses cin\u00e9mas \u00e0 J\u00e9r\u00f4me Seydoux en 2009. Fin 2023, au moment de la transformation du Bretagne en magasin de sport, le patron de Path\u00e9 promettait que le Miramar n\u2019\u00e9tait pas en sursis. La promesse n\u2019aura tenu que quelques mois. \u00c0 bient\u00f4t 91 ans, le tycoon du 7e art rationalise son empire et organise sa succession. Il vient d\u2019ouvrir son capital (cin\u00e9mas et production de films) \u00e0 Rodolphe Saad\u00e9 \u00e0 la t\u00eate de CMA-CGM. Dans Paris, les cons\u00e9quences sont bien r\u00e9elles pour les cin\u00e9philes. Aux Champs-\u00c9lys\u00e9es, le groupe aurait bien aim\u00e9 rester mais il a \u00e9t\u00e9 victime de la pression immobili\u00e8re. \u00c0 Montparnasse comme \u00e0 Op\u00e9ra, c\u2019est diff\u00e9rent. Au Path\u00e9 BNP Paribas pr\u00e8s de Garnier qui vient de rouvrir en misant sur le plus d\u2019automatisation possible, le prix des places est le m\u00eame qu\u2019au Path\u00e9 Parnasse alors que le confort des fauteuils et la place pour les jambes n\u2019ont absolument rien \u00e0 voir. Le syst\u00e8me d\u2019achat des boissons et pop-corn derri\u00e8re des vitres o\u00f9 il faut d\u2019abord introduire sa carte de cr\u00e9dit est trop compliqu\u00e9. Il n\u2019a pas fait ses preuves ailleurs, il a n\u00e9anmoins \u00e9t\u00e9 reproduit ici.<\/p>\n<p class=\"fig-paragraph\">En face, le Path\u00e9 Palace devait \u00eatre le plus prestigieux cin\u00e9ma de la capitale. Il n\u2019en est rien et brille par l\u2019absence de spectateurs. Les tarifs y sont peut-\u00eatre pour quelque chose. Fix\u00e9s \u00e0 25 euros, ils ont d\u00fb \u00eatre ramen\u00e9s \u00e0 20 euros. Encore faut-il savoir qu\u2019un cin\u00e9ma se trouve l\u00e0. La belle fa\u00e7ade ne comporte aucune affiche de films. L\u2019entr\u00e9e est celle d\u2019un immeuble anonyme de bureaux comme on en retrouve des centaines dans le quartier. Et ceux qui s\u2019y aventurent d\u00e9couvrent que les fauteuils de la grande salle n\u2019ont pas le confort de leur prix. \u00c0 l\u2019heure o\u00f9 les cin\u00e9mas manquent de films int\u00e9ressants et o\u00f9 la fr\u00e9quentation des salles flanche, ces strat\u00e9gies sont pour le moins originales.<\/p>\n<p class=\"fig-paragraph\">Rytmann, l\u2019aventure d\u2019un exploitant de cin\u00e9mas \u00e0 Montparnasse, Axel Huyghe et Arnaud Chapuy, pr\u00e9face de Claude Lelouch. L\u2019Harmattan, 128 pages, 30 euros.<\/p>\n","protected":false},"excerpt":{"rendered":"Apr\u00e8s avoir condamn\u00e9 plusieurs cin\u00e9mas de la capitale, le groupe de J\u00e9r\u00f4me Seydoux et de Rodolphe Saada \u00e9teint&hellip;\n","protected":false},"author":2,"featured_media":152661,"comment_status":"","ping_status":"","sticky":false,"template":"","format":"standard","meta":{"footnotes":""},"categories":[1888],"tags":[11,2084,2083,2080,650,1777,674,2081,1346,1011,27,12,626,16641,25,2082,1423],"class_list":{"0":"post-152660","1":"post","2":"type-post","3":"status-publish","4":"format-standard","5":"has-post-thumbnail","7":"category-paris","8":"tag-actualites","9":"tag-affiche","10":"tag-bandes-annonces","11":"tag-box-office","12":"tag-cinema","13":"tag-eu","14":"tag-europe","15":"tag-film","16":"tag-films","17":"tag-fr","18":"tag-france","19":"tag-news","20":"tag-paris","21":"tag-pathe","22":"tag-republique-francaise","23":"tag-salles","24":"tag-tour-montparnasse"},"share_on_mastodon":{"url":"https:\/\/pubeurope.com\/@fr\/114627878808559440","error":""},"_links":{"self":[{"href":"https:\/\/www.europesays.com\/fr\/wp-json\/wp\/v2\/posts\/152660","targetHints":{"allow":["GET"]}}],"collection":[{"href":"https:\/\/www.europesays.com\/fr\/wp-json\/wp\/v2\/posts"}],"about":[{"href":"https:\/\/www.europesays.com\/fr\/wp-json\/wp\/v2\/types\/post"}],"author":[{"embeddable":true,"href":"https:\/\/www.europesays.com\/fr\/wp-json\/wp\/v2\/users\/2"}],"replies":[{"embeddable":true,"href":"https:\/\/www.europesays.com\/fr\/wp-json\/wp\/v2\/comments?post=152660"}],"version-history":[{"count":0,"href":"https:\/\/www.europesays.com\/fr\/wp-json\/wp\/v2\/posts\/152660\/revisions"}],"wp:featuredmedia":[{"embeddable":true,"href":"https:\/\/www.europesays.com\/fr\/wp-json\/wp\/v2\/media\/152661"}],"wp:attachment":[{"href":"https:\/\/www.europesays.com\/fr\/wp-json\/wp\/v2\/media?parent=152660"}],"wp:term":[{"taxonomy":"category","embeddable":true,"href":"https:\/\/www.europesays.com\/fr\/wp-json\/wp\/v2\/categories?post=152660"},{"taxonomy":"post_tag","embeddable":true,"href":"https:\/\/www.europesays.com\/fr\/wp-json\/wp\/v2\/tags?post=152660"}],"curies":[{"name":"wp","href":"https:\/\/api.w.org\/{rel}","templated":true}]}}