{"id":152666,"date":"2025-06-05T00:18:14","date_gmt":"2025-06-05T00:18:14","guid":{"rendered":"https:\/\/www.europesays.com\/fr\/152666\/"},"modified":"2025-06-05T00:18:14","modified_gmt":"2025-06-05T00:18:14","slug":"usa-declin-de-lactivite-avec-la-pression-des-droits-de-douane-sur-les-prix-fed-04-06-2025-a-2142","status":"publish","type":"post","link":"https:\/\/www.europesays.com\/fr\/152666\/","title":{"rendered":"USA-D\u00e9clin de l&rsquo;activit\u00e9 avec la pression des droits de douane sur les prix-Fed &#8211; 04\/06\/2025 \u00e0 21:42"},"content":{"rendered":"<p>\n L&rsquo;activit\u00e9 \u00e9conomique aux Etats-Unis<br \/>\na d\u00e9clin\u00e9 et l&rsquo;entr\u00e9e en vigueur de nouveaux droits de douane a<br \/>\naccentu\u00e9 la pression sur les co\u00fbts et les prix dans les semaines<br \/>\nayant suivi la derni\u00e8re r\u00e9union de politique mon\u00e9taire de la<br \/>\nR\u00e9serve f\u00e9d\u00e9rale (Fed), a d\u00e9clar\u00e9 mercredi la banque centrale<br \/>\nam\u00e9ricaine dans un rapport.\n<\/p>\n<p>\n D&rsquo;apr\u00e8s le \u00ab\u00a0livre beige\u00a0\u00bb de l&rsquo;institution, bas\u00e9 sur des<br \/>\ninformations collect\u00e9es jusqu&rsquo;au 13 mai par les antennes de la<br \/>\nFed, les perspectives demeurent dans l&rsquo;ensemble \u00ab\u00a0l\u00e9g\u00e8rement<br \/>\npessimistes et incertaines\u00a0\u00bb.\n<\/p>\n<p>\n Cela ne constitue pas un grand changement par rapport au<br \/>\npr\u00e9c\u00e9dent rapport, est-il ajout\u00e9.\n<\/p>\n<p>\n Les contacts de la Fed ont dit anticiper \u00ab\u00a0que les co\u00fbts et<br \/>\nles prix vont augmenter \u00e0 un rythme accru\u00a0\u00bb \u00e0 l&rsquo;avenir, dit la<br \/>\nbanque centrale am\u00e9ricaine.\n<\/p>\n<p>\n Citant la n\u00e9cessit\u00e9 d&rsquo;\u00e9valuer les r\u00e9percussions de la<br \/>\npolitique commerciale de l&rsquo;administration du pr\u00e9sident am\u00e9ricain<br \/>\nDonald Trump avant d&rsquo;ajuster sa politique mon\u00e9taire, la Fed n&rsquo;a<br \/>\npas modifi\u00e9 ses taux depuis le d\u00e9but de l&rsquo;ann\u00e9e. Il est attendu<br \/>\nqu&rsquo;elle les maintienne \u00e0 leurs niveaux actuels pendant plusieurs<br \/>\nmois encore.\n<\/p>\n<p>\n Des analystes et des responsables de la Fed disent penser<br \/>\nque les droits de douane voulus par Donald Trump vont alimenter<br \/>\nl&rsquo;inflation et nuire au march\u00e9 du travail. Le \u00ab\u00a0livre beige\u00a0\u00bb de<br \/>\nla banque centrale am\u00e9ricaine sugg\u00e8re que c&rsquo;est d\u00e9j\u00e0 le cas,<br \/>\nm\u00eame si ce n&rsquo;est pas \u00e0 grande \u00e9chelle.\n<\/p>\n<p>\n (Ann Saphir; version fran\u00e7aise Jean Terzian)<\/p>\n","protected":false},"excerpt":{"rendered":"L&rsquo;activit\u00e9 \u00e9conomique aux Etats-Unis a d\u00e9clin\u00e9 et l&rsquo;entr\u00e9e en vigueur de nouveaux droits de douane a accentu\u00e9 la&hellip;\n","protected":false},"author":2,"featured_media":17400,"comment_status":"","ping_status":"","sticky":false,"template":"","format":"standard","meta":{"footnotes":""},"categories":[1589],"tags":[400,11,398,408,405,73,1866,403,402,399,404,12,401,406,1864,1865,1863,308,407],"class_list":{"0":"post-152666","1":"post","2":"type-post","3":"status-publish","4":"format-standard","5":"has-post-thumbnail","7":"category-etats-unis","8":"tag-action-cac-40","9":"tag-actualites","10":"tag-bourse-de-paris","11":"tag-boursorama","12":"tag-cotations","13":"tag-etats-unis","14":"tag-etats-unis-damerique","15":"tag-indices-devises","16":"tag-investir","17":"tag-investissement","18":"tag-marche-boursier","19":"tag-news","20":"tag-sicav","21":"tag-trackers","22":"tag-united-states","23":"tag-united-states-of-america","24":"tag-us","25":"tag-usa","26":"tag-warrants"},"share_on_mastodon":{"url":"https:\/\/pubeurope.com\/@fr\/114627890687250738","error":""},"_links":{"self":[{"href":"https:\/\/www.europesays.com\/fr\/wp-json\/wp\/v2\/posts\/152666","targetHints":{"allow":["GET"]}}],"collection":[{"href":"https:\/\/www.europesays.com\/fr\/wp-json\/wp\/v2\/posts"}],"about":[{"href":"https:\/\/www.europesays.com\/fr\/wp-json\/wp\/v2\/types\/post"}],"author":[{"embeddable":true,"href":"https:\/\/www.europesays.com\/fr\/wp-json\/wp\/v2\/users\/2"}],"replies":[{"embeddable":true,"href":"https:\/\/www.europesays.com\/fr\/wp-json\/wp\/v2\/comments?post=152666"}],"version-history":[{"count":0,"href":"https:\/\/www.europesays.com\/fr\/wp-json\/wp\/v2\/posts\/152666\/revisions"}],"wp:featuredmedia":[{"embeddable":true,"href":"https:\/\/www.europesays.com\/fr\/wp-json\/wp\/v2\/media\/17400"}],"wp:attachment":[{"href":"https:\/\/www.europesays.com\/fr\/wp-json\/wp\/v2\/media?parent=152666"}],"wp:term":[{"taxonomy":"category","embeddable":true,"href":"https:\/\/www.europesays.com\/fr\/wp-json\/wp\/v2\/categories?post=152666"},{"taxonomy":"post_tag","embeddable":true,"href":"https:\/\/www.europesays.com\/fr\/wp-json\/wp\/v2\/tags?post=152666"}],"curies":[{"name":"wp","href":"https:\/\/api.w.org\/{rel}","templated":true}]}}