{"id":152668,"date":"2025-06-05T00:20:12","date_gmt":"2025-06-05T00:20:12","guid":{"rendered":"https:\/\/www.europesays.com\/fr\/152668\/"},"modified":"2025-06-05T00:20:12","modified_gmt":"2025-06-05T00:20:12","slug":"ronaldo-et-le-portugal-renversent-lallemagne-pour-aller-en-finale-ligue-des-nations-demies-allemagne-portugal-1-2","status":"publish","type":"post","link":"https:\/\/www.europesays.com\/fr\/152668\/","title":{"rendered":"Ronaldo et le Portugal renversent l\u2019Allemagne pour aller en finale &#8211; Ligue des nations &#8211; Demies &#8211; Allemagne-Portugal (1-2)"},"content":{"rendered":"<p>\t\t\t<img decoding=\"async\" loading=\"lazy\" class=\"blason blason-grand\" src=\"https:\/\/www.europesays.com\/fr\/wp-content\/uploads\/2025\/05\/1748654169_748_grande.jpg\"\/> Allemagne 1-2 Portugal <img decoding=\"async\" loading=\"lazy\" class=\"blason blason-grand\" src=\"https:\/\/www.europesays.com\/fr\/wp-content\/uploads\/2025\/05\/1748654173_201_grande.jpg\"\/><\/p>\n<p>Buts : Wirtz (48e) pour la Mannschaft \/\/ Concei\u00e7\u00e3o (63e) et Ronaldo (68e) pour la Sele\u00e7\u00e3o <\/p>\n<p>Il faut cultiver son jardin. Vivre avec sagesse, tranquillit\u00e9, et cultiver son monde. Cristiano Ronaldo l\u2019a compris, Nuno Mendes est en train de l\u2019apprendre. Le premier a 40 piges, et il a sans doute lu et relu Voltaire. Le second en a bient\u00f4t 23, et, <a target=\"_blank\" href=\"https:\/\/www.sofoot.com\/articles\/ligue-des-champions-le-psg-soffre-sa-premiere-ligue-des-champions-au-terme-dun-recital-contre-linter\" rel=\"nofollow noopener\">quatre jours apr\u00e8s<\/a>, il a d\u00e9boul\u00e9 sur sa nouvelle pelouse pr\u00e9f\u00e9r\u00e9e comme un tracteur. Dans l\u2019Allianz Arena qui a retrouv\u00e9 des couleurs apr\u00e8s avoir \u00e9t\u00e9 ratiss\u00e9e par des lointains h\u00e9ritiers du philosophe, les deux ont permis au Portugal de se qualifier pour la finale de la Ligue des nations contre l\u2019Allemagne <strong>(2-1)<\/strong>. La Sele\u00e7\u00e3o et Cristiano Ronaldo battent la Mannschaft pour la premi\u00e8re fois depuis 25 ans.<\/p>\n<p>Affaire de famille<\/p>\n<p>Cette soir\u00e9e de premi\u00e8re pour Cristiano Ronaldo \u00e9tait aussi toute nouvelle pour l\u2019Allemagne : Julian Nagelsmann n\u2019a align\u00e9 aucun vainqueur de la Coupe du monde 2014. Pour basculer dans cette nouvelle \u00e8re, l\u2019Allemagne a mis du rythme. De bonne fabrique pour sa premi\u00e8re s\u00e9lection, Nick Woltemade a ouvert son pied pour solliciter Diogo Costa (19e). Il a juste apr\u00e8s servi Leon Goretzka pour la premi\u00e8re grosse occasion allemande (20e). Les Portugais \u00e9taient alors bien en place, mais aussi bien ennuyants.<\/p>\n<p>Joshua Kimmich, pour sa centi\u00e8me avec l\u2019Allemagne, a pris les choses en mains. Florian Wirtz l\u2019a trouv\u00e9 \u00e0 l\u2019int\u00e9rieur du jeu, et le milieu du Bayern Munich a confectionn\u00e9 \u00e0 son compatriote du Bayer une passe piqu\u00e9e dont il a le secret, conclue d\u2019une t\u00eate piqu\u00e9e <strong>(1-0, 48e)<\/strong>. Puisqu\u2019un troph\u00e9e est \u00e0 aller chercher, le Portugal s\u2019est employ\u00e9. Francisco Concei\u00e7\u00e3o, Vitinha et Semedo sont entr\u00e9s \u00e0 l\u2019heure de jeu. L\u2019Allemagne, qui a fait entrer F\u00fcllkrug, Gnabry et Gosens, a recul\u00e9. C\u2019est en enrhumant ce dernier que Concei\u00e7\u00e3o a envoy\u00e9 une magnifique frappe du pied gauche <strong>(1-1, 63e)<\/strong>.<\/p>\n<p>Cristiano Ronaldo a ensuite profit\u00e9 d\u2019un \u00e9norme travail de Nuno Mendes pour conclure dans le but vide <strong>(1-2, 68e)<\/strong>. Le capitaine\u00a0en a marqu\u00e9 des plus durs, mais celui-ci a le m\u00e9rite d\u2019envoyer le Portugal disputer une nouvelle finale internationale. Car m\u00eame si Serge Gnabry a trouv\u00e9 le poteau et Francisco Concei\u00e7\u00e3o est tomb\u00e9 sur Ter Stegen, le score n\u2019a pas chang\u00e9. Le Portugal efface 25 ans de disette contre l\u2019Allemagne. S\u00e9rgio Concei\u00e7\u00e3o, p\u00e8re de, avait alors marqu\u00e9 un tripl\u00e9. La Sele\u00e7\u00e3o attend le nom de son adversaire, et dimanche pour retrouver Munich.<\/p>\n<p><img decoding=\"async\" loading=\"lazy\" class=\"blason blason-petit\" src=\"https:\/\/www.europesays.com\/fr\/wp-content\/uploads\/2025\/05\/1748654169_748_grande.jpg\"\/>\u00a0 <strong>Allemagne ( 3-4-3) :<\/strong> Ter Stegen \u2013 Koch, Tah, Anton (Nmecha, 71e) \u2013 Kimmich (cap.), Pavlovi\u0107 (Adeyemi, 71e), Goretzka, Mittelst\u00e4dt (Gosens, 60e) \u2013 San\u00e9 (Gnabry, 60e), Woltemade (F\u00fcllkrug, 60e), Wirt. <strong>S\u00e9lectionneur :<\/strong> Julian Nagelsmann.<\/p>\n<p><img decoding=\"async\" loading=\"lazy\" class=\"blason blason-petit\" src=\"https:\/\/www.europesays.com\/fr\/wp-content\/uploads\/2025\/05\/1748654173_201_grande.jpg\"\/> <strong>Portugal (4-3-3) :<\/strong> Costa \u2013 J. Neves (Semedo, 58e), Dias, I\u00f1acio, Mendes \u2013 Silva, R. Neves (Vitinha, 58e), Fernandes \u2013 Trinc\u00e3o (Concei\u00e7\u00e3o, 58e), Ronaldo (Palhinha, 90e), Neto (Jota, 83e).<strong>\u00a0S\u00e9lectionneur :<\/strong> Roberto Mart\u00ednez.<\/p>\n<p>\t\t\t\t\t\t\t\t\t\t<a class=\"lien-connexe\" href=\"https:\/\/www.sofoot.com\/articles\/en-direct-allemagne-portugal\" rel=\"nofollow noopener\" target=\"_blank\">Revivez la victoire historique du Portugal en Allemagne  (1-2)<\/a>\t\t\t\t\t<\/p>\n","protected":false},"excerpt":{"rendered":"Allemagne 1-2 Portugal Buts : Wirtz (48e) pour la Mannschaft \/\/ Concei\u00e7\u00e3o (63e) et Ronaldo (68e) pour la&hellip;\n","protected":false},"author":2,"featured_media":152669,"comment_status":"","ping_status":"","sticky":false,"template":"","format":"standard","meta":{"footnotes":""},"categories":[1587],"tags":[47,11,61,672,69,1804,65,1805,1803,64,1777,674,63,1801,68,66,12,62,70,1802,67],"class_list":{"0":"post-152668","1":"post","2":"type-post","3":"status-publish","4":"format-standard","5":"has-post-thumbnail","7":"category-allemagne","8":"tag-actualite","9":"tag-actualites","10":"tag-actus-football","11":"tag-allemagne","12":"tag-bundesliga","13":"tag-bundesrepublik-deutschland","14":"tag-championnats-europeens","15":"tag-de","16":"tag-deutschland","17":"tag-equipe-de-france","18":"tag-eu","19":"tag-europe","20":"tag-football","21":"tag-germany","22":"tag-ligua","23":"tag-ligue-1","24":"tag-news","25":"tag-news-foot","26":"tag-premier-league","27":"tag-republique-federale-dallemagne","28":"tag-serie-a"},"share_on_mastodon":{"url":"https:\/\/pubeurope.com\/@fr\/114627898630547005","error":""},"_links":{"self":[{"href":"https:\/\/www.europesays.com\/fr\/wp-json\/wp\/v2\/posts\/152668","targetHints":{"allow":["GET"]}}],"collection":[{"href":"https:\/\/www.europesays.com\/fr\/wp-json\/wp\/v2\/posts"}],"about":[{"href":"https:\/\/www.europesays.com\/fr\/wp-json\/wp\/v2\/types\/post"}],"author":[{"embeddable":true,"href":"https:\/\/www.europesays.com\/fr\/wp-json\/wp\/v2\/users\/2"}],"replies":[{"embeddable":true,"href":"https:\/\/www.europesays.com\/fr\/wp-json\/wp\/v2\/comments?post=152668"}],"version-history":[{"count":0,"href":"https:\/\/www.europesays.com\/fr\/wp-json\/wp\/v2\/posts\/152668\/revisions"}],"wp:featuredmedia":[{"embeddable":true,"href":"https:\/\/www.europesays.com\/fr\/wp-json\/wp\/v2\/media\/152669"}],"wp:attachment":[{"href":"https:\/\/www.europesays.com\/fr\/wp-json\/wp\/v2\/media?parent=152668"}],"wp:term":[{"taxonomy":"category","embeddable":true,"href":"https:\/\/www.europesays.com\/fr\/wp-json\/wp\/v2\/categories?post=152668"},{"taxonomy":"post_tag","embeddable":true,"href":"https:\/\/www.europesays.com\/fr\/wp-json\/wp\/v2\/tags?post=152668"}],"curies":[{"name":"wp","href":"https:\/\/api.w.org\/{rel}","templated":true}]}}