{"id":152672,"date":"2025-06-05T00:22:09","date_gmt":"2025-06-05T00:22:09","guid":{"rendered":"https:\/\/www.europesays.com\/fr\/152672\/"},"modified":"2025-06-05T00:22:09","modified_gmt":"2025-06-05T00:22:09","slug":"face-a-la-menace-russe-le-danemark-change-son-fusil-depaule-et-veut-reinvestir-dans-le-budget-de-lunion-europeenne","status":"publish","type":"post","link":"https:\/\/www.europesays.com\/fr\/152672\/","title":{"rendered":"Face \u00e0 la menace russe, le Danemark change son fusil d&rsquo;\u00e9paule et veut r\u00e9investir dans le budget de l&rsquo;Union europ\u00e9enne"},"content":{"rendered":"<p class=\"ap-StoryElement ap-StoryElement--mb ap-StoryText\">Habituellement, le Danemark, la Su\u00e8de, l&rsquo;Autriche et les Pays-Bas se montrent timides pour le vote du budget. \u00ab\u00a0En tant que Danois, nous serons toujours fermes dans les n\u00e9gociations budg\u00e9taires\u00a0\u00bb, a-t-elle toutefois pr\u00e9cis\u00e9. \u00ab\u00a0Mais faire partie de la force frugale n&rsquo;est plus notre place.\u00a0\u00bb<\/p>\n<p><a href=\"https:\/\/www.dhnet.be\/actu\/monde\/2025\/06\/04\/un-autre-pays-deurope-menace-un-probable-futur-mouvement-de-soldats-russes-inquiete-BD3XYF2B6BG6RARH57F6H4CJOU\/\" target=\"_blank\" rel=\"noopener noreferrer\" class=\"ap-StoryInterstitialLink ap-StoryElement ap-StoryElement--mb\">Un autre pays d&rsquo;Europe menac\u00e9? Un probable futur mouvement de soldats russes inqui\u00e8te<\/a><\/p>\n<p class=\"ap-StoryElement ap-StoryElement--mb ap-StoryText\">Ce revirement est essentiellement d\u00fb \u00e0 la guerre qui fait rage en Ukraine, \u00e0 la menace de l&rsquo;extension du conflit en Europe et \u00e0 la d\u00e9t\u00e9rioration des relations transatlantiques. Depuis plusieurs mois, de nombreux chefs d&rsquo;\u00c9tats europ\u00e9ens plaident pour une strat\u00e9gie de d\u00e9fense europ\u00e9enne plus forte et plus engag\u00e9e. \u00ab\u00a0Pour moi, le plus important est de r\u00e9armer l&rsquo;Europe. C&rsquo;est mon point de d\u00e9part et ma conclusion dans toutes les discussions, car si l&rsquo;Europe n&rsquo;est pas capable de se prot\u00e9ger et de se d\u00e9fendre, alors la partie sera perdue \u00e0 un moment donn\u00e9\u00a0\u00bb, explique Frederiksen. Selon elle, l&rsquo;Europe a besoin \u00ab\u00a0d&rsquo;un nouveau profil budg\u00e9taire\u00a0\u00bb mais manque de temps \u00e0 cause du comportement de la Russie\u00a0\u00bb.<\/p>\n<p class=\"ap-StoryElement ap-StoryElement--mb ap-StoryText\">Le cadre financier pluriannuel de l&rsquo;UE, renouvel\u00e9 tous les 7 ans, devrait \u00eatre adopt\u00e9 apr\u00e8s l&rsquo;\u00e9t\u00e9. Le Danemark \u00e9tant \u00e0 la t\u00eate du Conseil de l&rsquo;Union europ\u00e9enne \u00e0 partir de juillet, son influence sera cruciale.<\/p>\n<p><a href=\"https:\/\/www.dhnet.be\/actu\/monde\/2025\/06\/04\/trump-a-parle-a-poutine-et-previent-il-va-riposter-QMDBIKBCNJES3BN6536RWLSZF4\/\" target=\"_blank\" rel=\"noopener noreferrer\" class=\"ap-StoryInterstitialLink ap-StoryElement ap-StoryElement--mb\">Trump a parl\u00e9 \u00e0 Poutine et pr\u00e9vient: \u00ab\u00a0Il va riposter\u00a0\u00bb<\/a><\/p>\n","protected":false},"excerpt":{"rendered":"Habituellement, le Danemark, la Su\u00e8de, l&rsquo;Autriche et les Pays-Bas se montrent timides pour le vote du budget. \u00ab\u00a0En&hellip;\n","protected":false},"author":2,"featured_media":152673,"comment_status":"","ping_status":"","sticky":false,"template":"","format":"standard","meta":{"footnotes":""},"categories":[1586],"tags":[11,21332,1777,674,1779,1011,27,1227,12,25,1778,364],"class_list":{"0":"post-152672","1":"post","2":"type-post","3":"status-publish","4":"format-standard","5":"has-post-thumbnail","7":"category-europe","8":"tag-actualites","9":"tag-diplomacy","10":"tag-eu","11":"tag-europe","12":"tag-european-union","13":"tag-fr","14":"tag-france","15":"tag-horizontal","16":"tag-news","17":"tag-republique-francaise","18":"tag-ue","19":"tag-union-europeenne"},"share_on_mastodon":{"url":"https:\/\/pubeurope.com\/@fr\/114627906385896662","error":""},"_links":{"self":[{"href":"https:\/\/www.europesays.com\/fr\/wp-json\/wp\/v2\/posts\/152672","targetHints":{"allow":["GET"]}}],"collection":[{"href":"https:\/\/www.europesays.com\/fr\/wp-json\/wp\/v2\/posts"}],"about":[{"href":"https:\/\/www.europesays.com\/fr\/wp-json\/wp\/v2\/types\/post"}],"author":[{"embeddable":true,"href":"https:\/\/www.europesays.com\/fr\/wp-json\/wp\/v2\/users\/2"}],"replies":[{"embeddable":true,"href":"https:\/\/www.europesays.com\/fr\/wp-json\/wp\/v2\/comments?post=152672"}],"version-history":[{"count":0,"href":"https:\/\/www.europesays.com\/fr\/wp-json\/wp\/v2\/posts\/152672\/revisions"}],"wp:featuredmedia":[{"embeddable":true,"href":"https:\/\/www.europesays.com\/fr\/wp-json\/wp\/v2\/media\/152673"}],"wp:attachment":[{"href":"https:\/\/www.europesays.com\/fr\/wp-json\/wp\/v2\/media?parent=152672"}],"wp:term":[{"taxonomy":"category","embeddable":true,"href":"https:\/\/www.europesays.com\/fr\/wp-json\/wp\/v2\/categories?post=152672"},{"taxonomy":"post_tag","embeddable":true,"href":"https:\/\/www.europesays.com\/fr\/wp-json\/wp\/v2\/tags?post=152672"}],"curies":[{"name":"wp","href":"https:\/\/api.w.org\/{rel}","templated":true}]}}