{"id":152678,"date":"2025-06-05T00:25:08","date_gmt":"2025-06-05T00:25:08","guid":{"rendered":"https:\/\/www.europesays.com\/fr\/152678\/"},"modified":"2025-06-05T00:25:08","modified_gmt":"2025-06-05T00:25:08","slug":"lcp-et-public-senat-rejoignent-france-tv","status":"publish","type":"post","link":"https:\/\/www.europesays.com\/fr\/152678\/","title":{"rendered":"LCP et Public S\u00e9nat rejoignent france.tv"},"content":{"rendered":"<p>Les cha\u00eenes parlementaires <a target=\"_blank\" rel=\"noopener\" href=\"https:\/\/fr.themedialeader.com\/francetv-publicite-devient-la-regie-publicitaire-de-lcp-assemblee-nationale-et-de-public-senat\/\">LCP-Assembl\u00e9e nationale<\/a> et <a target=\"_blank\" rel=\"noopener\" href=\"https:\/\/fr.themedialeader.com\/jean-emmanuel-casalta-est-le-pdg-de-public-senat\/\">Public S\u00e9nat<\/a> seront accessibles sur france.tv d\u00e8s aujourd\u2019hui.<\/p>\n<p>Alors qu\u2019elles s\u2019appr\u00eatent \u00e0 int\u00e9grer le canal 8 de la TNT, leur arriv\u00e9e sur la plateforme gratuite de <a target=\"_blank\" rel=\"noopener\" href=\"https:\/\/fr.themedialeader.com\/festival-de-cannes-2025-france-televisions-et-brut-ont-mobilise\/\">France T\u00e9l\u00e9visions<\/a> vise \u00e0 faciliter l\u2019acc\u00e8s des citoyens \u00e0 l\u2019information politique et parlementaire.<\/p>\n<p>Pr\u00e8s de 300 programmes, ainsi que les deux cha\u00eenes en direct 24h\/24, seront disponibles dans des espaces d\u00e9di\u00e9s sur la plateforme. Magazines, documentaires et \u00e9missions in\u00e9dites viendront compl\u00e9ter cette offre chaque semaine.<\/p>\n","protected":false},"excerpt":{"rendered":"Les cha\u00eenes parlementaires LCP-Assembl\u00e9e nationale et Public S\u00e9nat seront accessibles sur france.tv d\u00e8s aujourd\u2019hui. Alors qu\u2019elles s\u2019appr\u00eatent \u00e0&hellip;\n","protected":false},"author":2,"featured_media":152679,"comment_status":"","ping_status":"","sticky":false,"template":"","format":"standard","meta":{"footnotes":""},"categories":[4],"tags":[11,1011,27,12,25,128],"class_list":{"0":"post-152678","1":"post","2":"type-post","3":"status-publish","4":"format-standard","5":"has-post-thumbnail","7":"category-france","8":"tag-actualites","9":"tag-fr","10":"tag-france","11":"tag-news","12":"tag-republique-francaise","13":"tag-streaming"},"share_on_mastodon":{"url":"https:\/\/pubeurope.com\/@fr\/114627918046453021","error":""},"_links":{"self":[{"href":"https:\/\/www.europesays.com\/fr\/wp-json\/wp\/v2\/posts\/152678","targetHints":{"allow":["GET"]}}],"collection":[{"href":"https:\/\/www.europesays.com\/fr\/wp-json\/wp\/v2\/posts"}],"about":[{"href":"https:\/\/www.europesays.com\/fr\/wp-json\/wp\/v2\/types\/post"}],"author":[{"embeddable":true,"href":"https:\/\/www.europesays.com\/fr\/wp-json\/wp\/v2\/users\/2"}],"replies":[{"embeddable":true,"href":"https:\/\/www.europesays.com\/fr\/wp-json\/wp\/v2\/comments?post=152678"}],"version-history":[{"count":0,"href":"https:\/\/www.europesays.com\/fr\/wp-json\/wp\/v2\/posts\/152678\/revisions"}],"wp:featuredmedia":[{"embeddable":true,"href":"https:\/\/www.europesays.com\/fr\/wp-json\/wp\/v2\/media\/152679"}],"wp:attachment":[{"href":"https:\/\/www.europesays.com\/fr\/wp-json\/wp\/v2\/media?parent=152678"}],"wp:term":[{"taxonomy":"category","embeddable":true,"href":"https:\/\/www.europesays.com\/fr\/wp-json\/wp\/v2\/categories?post=152678"},{"taxonomy":"post_tag","embeddable":true,"href":"https:\/\/www.europesays.com\/fr\/wp-json\/wp\/v2\/tags?post=152678"}],"curies":[{"name":"wp","href":"https:\/\/api.w.org\/{rel}","templated":true}]}}