{"id":15268,"date":"2025-04-10T15:19:11","date_gmt":"2025-04-10T15:19:11","guid":{"rendered":"https:\/\/www.europesays.com\/fr\/15268\/"},"modified":"2025-04-10T15:19:11","modified_gmt":"2025-04-10T15:19:11","slug":"ce-quil-sest-vraiment-passe-a-lassemblee-entre-le-media-dextreme-droite-frontieres-et-des-deputes-de-gauche","status":"publish","type":"post","link":"https:\/\/www.europesays.com\/fr\/15268\/","title":{"rendered":"Ce qu&rsquo;il s&rsquo;est vraiment pass\u00e9 \u00e0 l&rsquo;Assembl\u00e9e entre le m\u00e9dia d&rsquo;extr\u00eame droite Fronti\u00e8res et des d\u00e9put\u00e9s de gauche"},"content":{"rendered":"<p>Le \u00ab\u00a0m\u00e9dia\u00a0\u00bb d\u2019extr\u00eame droite Fronti\u00e8res d\u00e9passe les bornes. Ses journalistes se sont livr\u00e9s \u00e0 un nouveau travestissement de la r\u00e9alit\u00e9, dans les jardins de l\u2019Assembl\u00e9e nationale. Des collaborateurs parlementaires, munis de drapeaux de la CGT, \u00e9taient r\u00e9unis pour demander qu\u2019ils perdent leur accr\u00e9ditation, criant \u00ab\u00a0Fronti\u00e8res, casse-toi, l\u2019Assembl\u00e9e n\u2019est pas \u00e0 toi\u00a0\u00bb. Les&#8230;<\/p>\n","protected":false},"excerpt":{"rendered":"Le \u00ab\u00a0m\u00e9dia\u00a0\u00bb d\u2019extr\u00eame droite Fronti\u00e8res d\u00e9passe les bornes. Ses journalistes se sont livr\u00e9s \u00e0 un nouveau travestissement de&hellip;\n","protected":false},"author":2,"featured_media":15269,"comment_status":"","ping_status":"","sticky":false,"template":"","format":"standard","meta":{"footnotes":""},"categories":[2],"tags":[11,6428,1271,6429,1011,27,6430,12,1078,25],"class_list":{"0":"post-15268","1":"post","2":"type-post","3":"status-publish","4":"format-standard","5":"has-post-thumbnail","7":"category-actualites","8":"tag-actualites","9":"tag-assemblu00e9e-nationale","10":"tag-cgt","11":"tag-extru00eame-droite","12":"tag-fr","13":"tag-france","14":"tag-frontieres","15":"tag-news","16":"tag-rassemblement-national","17":"tag-republique-francaise"},"share_on_mastodon":{"url":"https:\/\/pubeurope.com\/@fr\/114314344144363037","error":""},"_links":{"self":[{"href":"https:\/\/www.europesays.com\/fr\/wp-json\/wp\/v2\/posts\/15268","targetHints":{"allow":["GET"]}}],"collection":[{"href":"https:\/\/www.europesays.com\/fr\/wp-json\/wp\/v2\/posts"}],"about":[{"href":"https:\/\/www.europesays.com\/fr\/wp-json\/wp\/v2\/types\/post"}],"author":[{"embeddable":true,"href":"https:\/\/www.europesays.com\/fr\/wp-json\/wp\/v2\/users\/2"}],"replies":[{"embeddable":true,"href":"https:\/\/www.europesays.com\/fr\/wp-json\/wp\/v2\/comments?post=15268"}],"version-history":[{"count":0,"href":"https:\/\/www.europesays.com\/fr\/wp-json\/wp\/v2\/posts\/15268\/revisions"}],"wp:featuredmedia":[{"embeddable":true,"href":"https:\/\/www.europesays.com\/fr\/wp-json\/wp\/v2\/media\/15269"}],"wp:attachment":[{"href":"https:\/\/www.europesays.com\/fr\/wp-json\/wp\/v2\/media?parent=15268"}],"wp:term":[{"taxonomy":"category","embeddable":true,"href":"https:\/\/www.europesays.com\/fr\/wp-json\/wp\/v2\/categories?post=15268"},{"taxonomy":"post_tag","embeddable":true,"href":"https:\/\/www.europesays.com\/fr\/wp-json\/wp\/v2\/tags?post=15268"}],"curies":[{"name":"wp","href":"https:\/\/api.w.org\/{rel}","templated":true}]}}