{"id":152680,"date":"2025-06-05T00:27:21","date_gmt":"2025-06-05T00:27:21","guid":{"rendered":"https:\/\/www.europesays.com\/fr\/152680\/"},"modified":"2025-06-05T00:27:21","modified_gmt":"2025-06-05T00:27:21","slug":"equipe-de-france-noa-duflos-rossi-jeune-homme-presse-lanouvellerepublique-fr","status":"publish","type":"post","link":"https:\/\/www.europesays.com\/fr\/152680\/","title":{"rendered":"\u00c9quipe de France : Noa Duflos-Rossi, jeune homme press\u00e9 &#8211; lanouvellerepublique.fr"},"content":{"rendered":"<ol>\n<li><a href=\"https:\/\/news.google.com\/rss\/articles\/CBMiqAFBVV95cUxPUW5EQ25jelczNlJLTU16TlB5WEFYSWRnR3Iwa01NajFHcVNmTzZ4eWpVMEZqaVFGS29tQ3YyLUdqOF9fWlFEZ2tMLTNKLWZZUzRzR2x1SXNPcTkxbXRWazZibFZUWjktSDdxT2p6bUV3RW05X3BfdUdMUGw3Q21kUzdtTFRPd09VNGJiRjZ6Y2x0WTlOT3daVEV6WGIxT1pyVXJTaGxOUlU?oc=5\" target=\"_blank\" rel=\"noopener\">\u00c9quipe de France : Noa Duflos-Rossi, jeune homme press\u00e9<\/a>&nbsp;&nbsp;lanouvellerepublique.fr<\/li>\n<li><a href=\"https:\/\/news.google.com\/rss\/articles\/CBMiywFBVV95cUxPOUUxaHdab09iM2FZczJWenR2bi13bXkxMkQ3djRZblR1NTJCRFRlNGFuQll4SDhqWXFjY3cwVWdlbmMxNmtoNVZLYUE3ZFpVUG1zaTRaejVoTkc3aF9NU2FZQ3JESnJudDBRdGs0dUt2LUpLMWN6enJRX3c2aERHQ0lMb3RzR0tkV2FxLUR6ZDRQQi1aRkppLUhhUHVMcTNxejUtVXJGWDFWX3VJbFZTamdFdU4ySUF3Wl85TW1EYl8zRHduLTJTbmxNSQ?oc=5\" target=\"_blank\" rel=\"noopener\">Les Bleus, champions olympiques, r\u00e9ussissent leur retour contre la Tch\u00e9quie<\/a>&nbsp;&nbsp;L&rsquo;\u00c9quipe<\/li>\n<li><a href=\"https:\/\/news.google.com\/rss\/articles\/CBMimwJBVV95cUxPbW5uVjVIRkxPRVEtV3BHNEtxbWVQQi0yNXg2clNrVmxkbWVfd01kbXN4Zkd2Ynk5YWlxeWdHSUVEc1Q0OE5TcnJqS1NPck9sYklHRlNFVmFnaEtMODY1bFI3ck9tNHZyc3htbXJob2VmclpOZnJ4OVR4Y3U4alFmSHBLR25GZ3phZXpNeFBFSTFFSDY4d2RnaU5yV3ZWeUw5eGFQTkdybWN4bEtIaDdzVE11cjlpYWU3cTZYMGNJZ3Q0VU1haEp1SDZXWjJJYWxBTmpNcjlHd1NnZW1FZWJia3VUMS1iOWhKbHB5cDQtSklrZm1FM1NOeVRJeTJtRE5Nb2NQc2FxaTZWRnB2LThXa0VGcFVEUkFuOG4w?oc=5\" target=\"_blank\" rel=\"noopener\">France &#8211; Tch\u00e9quie. \u00c0 quelle heure et sur quelle cha\u00eene regarder le match amical de volley des Bleus<\/a>&nbsp;&nbsp;Ouest-France<\/li>\n<li><a href=\"https:\/\/news.google.com\/rss\/articles\/CBMi6gFBVV95cUxPYmM3S0F6b2J6UGkxQmtDRWNxNHhibWFiRmFVeDVGMnhMdWc3aFZtZHBWQngzSXpwWTNiallCZEI3NG5UbVZIV1JONEVxQ0dNQ18tSUJ5ZmVJRi10RTd0ekRKRE5oU1hPTmFMVzRuWnhyTGQtWW5lenRRV294aWxCWmpxZVE3dlktZnJjaFhlUDRvVFJTQWhidXBwX3VENjh4amtHcEt2dW9YTXBpMEFvUFhqYk5RSFdubzFYNzVNQnE1SHBKbzBiSGl6NkdWbWRick9lelFBZUJBWVJPQWpqU1NXOGtxazdwb1E?oc=5\" target=\"_blank\" rel=\"noopener\">Indre-et-Loire. Cette \u00e9quipe de France masculine se pr\u00e9pare \u00e0 Tours pour sa Ligue des Nations<\/a>&nbsp;&nbsp;Actu.fr<\/li>\n<li><a href=\"https:\/\/news.google.com\/rss\/articles\/CBMitAFBVV95cUxQOUR1MVMyU1VST0RvaVpuUjhjRC16NnNNMlZOQ1VSYnBDcC1FclFOTllUc2NOMFNiUDhrc2pVVnJJYXJQdVZFeEFjZjJKc29qV003RzF6bXkyWnZ2cGFqaGdYMFhTM19lVVlERTdoWjZ4M210R2MzSlNZMTdhZ2FFV0g4c3N2NWNKVXh0d1R4aXprWHVkZzByVVJVcTdoemZIZy1KOHJzWHViS2tnNENyZ1luM18?oc=5\" target=\"_blank\" rel=\"noopener\">Volley-ball. Nathan F\u00e9ral marque des points pour le retour de l\u2019\u00e9quipe de France<\/a>&nbsp;&nbsp;L&rsquo;Est R\u00e9publicain<\/li>\n<\/ol>\n","protected":false},"excerpt":{"rendered":"\u00c9quipe de France : Noa Duflos-Rossi, jeune homme press\u00e9&nbsp;&nbsp;lanouvellerepublique.fr Les Bleus, champions olympiques, r\u00e9ussissent leur retour contre la&hellip;\n","protected":false},"author":2,"featured_media":152681,"comment_status":"","ping_status":"","sticky":false,"template":"","format":"standard","meta":{"footnotes":""},"categories":[1417],"tags":[24849,1011,27,1387,60,1390,1470,1469],"class_list":{"0":"post-152680","1":"post","2":"type-post","3":"status-publish","4":"format-standard","5":"has-post-thumbnail","7":"category-volley","8":"tag-equipe-de-france-volley","9":"tag-fr","10":"tag-france","11":"tag-indre-et-loire","12":"tag-sports","13":"tag-tours","14":"tag-volley","15":"tag-volleyball"},"share_on_mastodon":{"url":"https:\/\/pubeurope.com\/@fr\/114627926017387997","error":""},"_links":{"self":[{"href":"https:\/\/www.europesays.com\/fr\/wp-json\/wp\/v2\/posts\/152680","targetHints":{"allow":["GET"]}}],"collection":[{"href":"https:\/\/www.europesays.com\/fr\/wp-json\/wp\/v2\/posts"}],"about":[{"href":"https:\/\/www.europesays.com\/fr\/wp-json\/wp\/v2\/types\/post"}],"author":[{"embeddable":true,"href":"https:\/\/www.europesays.com\/fr\/wp-json\/wp\/v2\/users\/2"}],"replies":[{"embeddable":true,"href":"https:\/\/www.europesays.com\/fr\/wp-json\/wp\/v2\/comments?post=152680"}],"version-history":[{"count":0,"href":"https:\/\/www.europesays.com\/fr\/wp-json\/wp\/v2\/posts\/152680\/revisions"}],"wp:featuredmedia":[{"embeddable":true,"href":"https:\/\/www.europesays.com\/fr\/wp-json\/wp\/v2\/media\/152681"}],"wp:attachment":[{"href":"https:\/\/www.europesays.com\/fr\/wp-json\/wp\/v2\/media?parent=152680"}],"wp:term":[{"taxonomy":"category","embeddable":true,"href":"https:\/\/www.europesays.com\/fr\/wp-json\/wp\/v2\/categories?post=152680"},{"taxonomy":"post_tag","embeddable":true,"href":"https:\/\/www.europesays.com\/fr\/wp-json\/wp\/v2\/tags?post=152680"}],"curies":[{"name":"wp","href":"https:\/\/api.w.org\/{rel}","templated":true}]}}