{"id":152682,"date":"2025-06-05T00:28:20","date_gmt":"2025-06-05T00:28:20","guid":{"rendered":"https:\/\/www.europesays.com\/fr\/152682\/"},"modified":"2025-06-05T00:28:20","modified_gmt":"2025-06-05T00:28:20","slug":"a-tence-le-rugby-feminin-veut-perseverer-et-recrute","status":"publish","type":"post","link":"https:\/\/www.europesays.com\/fr\/152682\/","title":{"rendered":"A Tence, le rugby f\u00e9minin veut pers\u00e9v\u00e9rer et recrute"},"content":{"rendered":"<p>\t\t\t\t\t\t\t\t\t\t\t\t\t\t\t\t\t\t\t\t\t\t\t\t\t\t\t\t\t\t\t\t\t\t\t\t\t\t\t\t\t\t\t\t\t\t\t\t\t\t\t\t\t\t\t\t\t\t\t\t\t\t\t<a href=\"https:\/\/www.lacommere43.fr\/component\/banners\/click\/1773.html\" target=\"_blank\" title=\"Tence Carrefour Market minibus mai 2025\" rel=\"nofollow noopener\"><br \/>\n\t\t\t\t\t\t\t<img decoding=\"async\" src=\"https:\/\/www.europesays.com\/fr\/wp-content\/uploads\/2025\/05\/carre.jpg\" alt=\"Tence Carrefour Market minibus mai 2025\"\/><br \/>\n\t\t\t\t\t\t<\/a><\/p>\n<p>\t\t\t\t\t\t\t\t\t\t\t\t\t\t\t\t\t\t\t\t\t\t\t\t\t\t\t\t\t\t\t\t\t\t\t\t\t\t\t\t\t\t\t\t\t\t<img decoding=\"async\" src=\"https:\/\/www.europesays.com\/fr\/wp-content\/uploads\/2025\/05\/LA_COMMERE_-_PAVE_-_600X600.jpg\" alt=\"Yssingeaux foire mai-juin 2025\"\/><\/p>\n<p><strong>N\u00e9 en 2002, le dynamique RCHP, Rugby Club des Hauts Plateaux a vu na\u00eetre sa premi\u00e8re \u00e9quipe f\u00e9minine la saison derni\u00e8re.<\/strong><\/p>\n<p>\u00c2g\u00e9es de 17 \u00e0 55 ans, les joueuses du plateau se sont lanc\u00e9es dans la comp\u00e9tition en rugby \u00e0 10 et comptent bien continuer \u00e0 porter les valeurs et les joies du rugby tout en d\u00e9montant les pr\u00e9jug\u00e9s qui l accompagnent. \u00ab\u00a0On pense qu&rsquo;il faut forc\u00e9ment \u00eatre b\u00e2tie pour jouer au rugby, c&rsquo;est une fausse id\u00e9e. Il faut de tout, c&rsquo;est le sport le plus collectif qui soit. Tous les gabarits sont des atouts, il y a de la place pour tout le monde\u00a0\u00bb, assure une joueuse.<\/p>\n<p>Les rugbywomen du RCHP lancent donc un appel \u00e0 les rejoindre pour poursuivre leur aventure : \u00ab\u00a0Quel que soit ton \u00e2ge, ta corpulence et ton exp\u00e9rience tu es la bienvenue. Les entra\u00eenements reprendront en ao\u00fbt avec une reprise des bases et une priorit\u00e9 mise sur la condition physique, de quoi mettre en confiance les d\u00e9butantes et consolider les plus exp\u00e9riment\u00e9es. Plus on sera nombreuses plus ce sera int\u00e9ressant, dans une ambiance solidaire, bienveillante, s\u00e9rieuse et souvent festive.\u00a0\u00bb<\/p>\n<p>Et aux joueuses de rajouter : \u00ab\u00a0si tu as des enfants c&rsquo;est super, on a besoin de supporters\u00a0\u00bb.<\/p>\n<p>Les entra\u00eenements ont lieu les mercredi et vendredi de 19 h 30 \u00e0 21 heures.<\/p>\n<p>Contact : Johanna au 06 33 33 34 62.<\/p>\n","protected":false},"excerpt":{"rendered":"N\u00e9 en 2002, le dynamique RCHP, Rugby Club des Hauts Plateaux a vu na\u00eetre sa premi\u00e8re \u00e9quipe f\u00e9minine&hellip;\n","protected":false},"author":2,"featured_media":152683,"comment_status":"","ping_status":"","sticky":false,"template":"","format":"standard","meta":{"footnotes":""},"categories":[1416],"tags":[2281,2282,1011,27,2280,2284,2285,2283,479,1468,60],"class_list":{"0":"post-152682","1":"post","2":"type-post","3":"status-publish","4":"format-standard","5":"has-post-thumbnail","7":"category-rugby","8":"tag-actualite-43","9":"tag-faits-divers-auvergne","10":"tag-fr","11":"tag-france","12":"tag-information-haute-loire","13":"tag-infos-43","14":"tag-journal-haute-loire","15":"tag-la-commere-43","16":"tag-rugby","17":"tag-rugby-football","18":"tag-sports"},"share_on_mastodon":{"url":"https:\/\/pubeurope.com\/@fr\/114627929947080690","error":""},"_links":{"self":[{"href":"https:\/\/www.europesays.com\/fr\/wp-json\/wp\/v2\/posts\/152682","targetHints":{"allow":["GET"]}}],"collection":[{"href":"https:\/\/www.europesays.com\/fr\/wp-json\/wp\/v2\/posts"}],"about":[{"href":"https:\/\/www.europesays.com\/fr\/wp-json\/wp\/v2\/types\/post"}],"author":[{"embeddable":true,"href":"https:\/\/www.europesays.com\/fr\/wp-json\/wp\/v2\/users\/2"}],"replies":[{"embeddable":true,"href":"https:\/\/www.europesays.com\/fr\/wp-json\/wp\/v2\/comments?post=152682"}],"version-history":[{"count":0,"href":"https:\/\/www.europesays.com\/fr\/wp-json\/wp\/v2\/posts\/152682\/revisions"}],"wp:featuredmedia":[{"embeddable":true,"href":"https:\/\/www.europesays.com\/fr\/wp-json\/wp\/v2\/media\/152683"}],"wp:attachment":[{"href":"https:\/\/www.europesays.com\/fr\/wp-json\/wp\/v2\/media?parent=152682"}],"wp:term":[{"taxonomy":"category","embeddable":true,"href":"https:\/\/www.europesays.com\/fr\/wp-json\/wp\/v2\/categories?post=152682"},{"taxonomy":"post_tag","embeddable":true,"href":"https:\/\/www.europesays.com\/fr\/wp-json\/wp\/v2\/tags?post=152682"}],"curies":[{"name":"wp","href":"https:\/\/api.w.org\/{rel}","templated":true}]}}