{"id":152686,"date":"2025-06-05T00:30:23","date_gmt":"2025-06-05T00:30:23","guid":{"rendered":"https:\/\/www.europesays.com\/fr\/152686\/"},"modified":"2025-06-05T00:30:23","modified_gmt":"2025-06-05T00:30:23","slug":"les-resultats-du-challenge-benjamines-2025","status":"publish","type":"post","link":"https:\/\/www.europesays.com\/fr\/152686\/","title":{"rendered":"Les r\u00e9sultats du Challenge Benjamin(e)s 2025"},"content":{"rendered":"<p>Ils \u00e9taient 19 076 sur la ligne de d\u00e9part ! A l\u2019issue des phases de s\u00e9lections d\u00e9partementales puis r\u00e9gionales, le Challenge Benjamin(e)s a rendu son verdict. Dans les installations du P\u00f4le France BasketBall Yvan Mainini \u00e0 l\u2019INSEP (Paris), 62 jeunes gar\u00e7ons et filles, \u00e2g\u00e9s de 11 et 12 ans, de M\u00e9tropole et d\u2019Outre-Mer ont particip\u00e9 vendredi aux finales nationales du Challenge Benjamin(e)s en effectuant les quatre \u00e9preuves individuelles.<\/p>\n<p>M\u00e9lange de tirs, de passes et de dribbles, les \u00e9preuves font appel \u00e0 la vitesse et l\u2019adresse :<br \/>&#8211; Epreuve Marine Johann\u00e8s (dext\u00e9rit\u00e9 \u2013 tir)<br \/>&#8211; Epreuve Victor Wembanyama (dribble \u2013 passe \u2013 tir)<br \/>&#8211; Epreuve Iliana Rupert (adresse \u00e0 3-points, deux-points et un point)<br \/>&#8211; Epreuve Bilal Coulibaly (lancer-francs)\u00a0<\/p>\n<p>Soline Renou (Le Mans Saint Pavin \/ Ligue Pays-de-la-Loire) et Evan Lacroix (Stade Montois Basket \/ Ligue Nouvelle-Aquitaine) ont remport\u00e9 les finales de la 18e \u00e9dition du Challenge Benjamin(e)s, organis\u00e9es par la FFBB en partenariat avec le programme Junior NBA\/Junior WNBA.\u00a0<\/p>\n<p>Les deux vainqueurs s\u2019envoleront pour les Etats-Unis pour assister \u00e0 un match NBA. Ils ont re\u00e7u leurs troph\u00e9es ce samedi sur le parquet de l\u2019Accor Arena, \u00e0 l\u2019occasion des Finales de la Coupe de France.<\/p>\n<blockquote class=\"twitter-tweet\">\n<p lang=\"fr\" dir=\"ltr\">\u2708\ufe0f Direction les \ud83c\uddfa\ud83c\uddf8 pour les Vainqueurs 2025  du Challenge Benjamin(e)s avec la <a href=\"https:\/\/twitter.com\/hashtag\/FFBB?src=hash&amp;ref_src=twsrc%5Etfw&amp;ref=basketeurope.com\" target=\"_blank\" rel=\"noopener\">#FFBB<\/a> et la <a href=\"https:\/\/twitter.com\/jrnba?ref_src=twsrc%5Etfw&amp;ref=basketeurope.com\" target=\"_blank\" rel=\"noopener\">@jrnba<\/a> <\/p>\n<p>\ud83d\udc67- Soline RENOU (Le Mans Saint Pavin \/ Ligue Pays-de-la-Loire) <br \/>\ud83d\udc66- Evan LACROIX (Stade Montois Basket \/ Ligue Nouvelle-Aquitaine) <\/p>\n<p>Ils ont re\u00e7u leur \ud83c\udfc6 ce samedi \u00e0\u2026 <a href=\"https:\/\/t.co\/x0Cgk1Pacx?ref=basketeurope.com\">pic.twitter.com\/x0Cgk1Pacx<\/a><\/p>\n<p>\u2014 F\u00e9d\u00e9ration Fran\u00e7aise de BasketBall (@ffbasketball) <a href=\"https:\/\/twitter.com\/ffbasketball\/status\/1916142214243090559?ref_src=twsrc%5Etfw&amp;ref=basketeurope.com\" target=\"_blank\" rel=\"noopener\">April 26, 2025<\/a><\/p><\/blockquote>\n<p>R\u00e9sultats des filles<\/p>\n<p>1\/ Soline RENOU (Le Mans Saint Pavin \/ Ligue Pays-de-la-Loire)<br \/>2\/ Mihiana FERLAT (AS Central Sports \/ Ligue de Polyn\u00e9sie)<br \/>3\/ Violette MAS (Entente Vallespir Basket \/ Ligue Occitanie)<\/p>\n<p><a href=\"https:\/\/api.ffbb.com\/assets\/13b64887-c3c0-4ae6-9c73-2ed152322dbb?ref=basketeurope.com\" target=\"_blank\" rel=\"noopener\"><strong>Classement complet des filles<\/strong><\/a><\/p>\n<p>R\u00e9sultats des gar\u00e7ons<\/p>\n<p>1\/ Evan LACROIX (Stade Montois Basket \/ Ligue Nouvelle-Aquitaine)<br \/>2\/ Victor COGUEN (Vertou Basket \/ Ligue Pays-de-la-Loire)<br \/>3\/ Terence DEREMBURE (Amiens Sporting Club \/ Ligue Hauts-de-France)<\/p>\n<p><a href=\"https:\/\/api.ffbb.com\/assets\/0cbcf07b-9007-4488-9b23-25b023bd461a?ref=basketeurope.com\" target=\"_blank\" rel=\"noopener\"><strong>Classement complet des gar\u00e7ons<\/strong><\/a><\/p>\n<p>Le Paris Basketball soul\u00e8ve sa premi\u00e8re Coupe de France !<\/p>\n<p>Jour historique pour le Paris Basketball, vainqueur ce samedi 26 avril 2025 \u00e0 l\u2019Accor Arena de sa premi\u00e8re Coupe de France au d\u00e9pens du Mans, qui ne r\u00e9alisera pas le doubl\u00e9 apr\u00e8s la Leaders Cup (91-80).<\/p>\n<p><a class=\"kg-bookmark-container\" href=\"https:\/\/www.basketeurope.com\/le-paris-basketball-souleve-sa-premiere-coupe-de-france\/\" target=\"_blank\" rel=\"noopener\"><\/p>\n<p>Le Paris Basketball soul\u00e8ve sa premi\u00e8re Coupe de France !<\/p>\n<p>Jour historique pour le Paris Basketball, vainqueur ce samedi 26 avril 2025 \u00e0 l\u2019Accor Arena de sa premi\u00e8re Coupe de France au d\u00e9pens du Mans, qui ne r\u00e9alisera pas le doubl\u00e9 apr\u00e8s la Leaders Cup (91-80).<\/p>\n<p><img decoding=\"async\" src=\"https:\/\/www.europesays.com\/fr\/wp-content\/uploads\/2025\/06\/Yakuba-Ouattara-2---Loic-Wacziak-FFBB-1.jpg\" alt=\"\" onerror=\"this.style.display = 'none'\"\/><\/a>Nadir Hifi, MVP de la finale de la Coupe de France : \u00ab T.J. Shorts m\u2019en a pris beaucoup, j\u2019en m\u00e9rite au moins un ! \u00bb<\/p>\n<p>Le Mans n&rsquo;a jamais inqui\u00e9t\u00e9 Paris samedi \u00e0 l&rsquo;Accor Arena. Le club de la capitale a remport\u00e9 sa premi\u00e8re Coupe de France (91-80) sans avoir eu besoin d&rsquo;un grand T.J. Shorts (7 points, 7 passes d\u00e9cisives). Nadir Hifi (20 points) a \u00e9t\u00e9 nomm\u00e9 MVP de la finale. R\u00e9actions des gagnants et des perdants.<\/p>\n<p><a class=\"kg-bookmark-container\" href=\"https:\/\/www.basketeurope.com\/nadir-hifi-mvp-de-la-finale-de-la-coupe-de-france-t-j-shorts-men-a-pris-beaucoup-jen-merite-au-moins-un\/\" target=\"_blank\" rel=\"noopener\"><\/p>\n<p>Nadir Hifi, MVP de la finale de la Coupe de France : \u00ab T.J. Shorts m\u2019en a pris beaucoup, j\u2019en m\u00e9rite au moins un ! \u00bb<\/p>\n<p>Le Mans n\u2019a jamais inqui\u00e9t\u00e9 Paris samedi \u00e0 l\u2019Accor Arena. Le club de la capitale a remport\u00e9 sa premi\u00e8re Coupe de France (91-80) sans avoir eu besoin d\u2019un grand T.J. Shorts (7 points, 7 passes d\u00e9cisives). Nadir Hifi (20 points) a \u00e9t\u00e9 nomm\u00e9 MVP de la finale. R\u00e9actions des gagnants et des perdants.<\/p>\n<p><img decoding=\"async\" src=\"https:\/\/www.europesays.com\/fr\/wp-content\/uploads\/2025\/06\/Paris-Basketball-Coupe-de-France-Loi-c-Wacziak-FFBB.jpeg\" alt=\"\" onerror=\"this.style.display = 'none'\"\/><\/a>Charleville-M\u00e9zi\u00e8res s&rsquo;offre enfin la Coupe de France !<\/p>\n<p>Apr\u00e8s s&rsquo;\u00eatre fait pi\u00e9ger en quart-de-finale des playoffs de Wonderligue, le Tango Bourges Basket s&rsquo;est inclin\u00e9 en finale de la Coupe de France face aux Flammes Carolo de Charleville (67-70). Qui brisent la mal\u00e9diction apr\u00e8s quatre revers en finale de 2017 \u00e0 2021.<\/p>\n<p><a class=\"kg-bookmark-container\" href=\"https:\/\/www.basketeurope.com\/charleville-soffre-enfin-la-coupe-de-france\/\" target=\"_blank\" rel=\"noopener\"><\/p>\n<p>Charleville-M\u00e9zi\u00e8res s\u2019offre enfin la Coupe de France !<\/p>\n<p>Apr\u00e8s s\u2019\u00eatre fait pi\u00e9ger en quart-de-finale des playoffs de Wonderligue, le Tango Bourges Basket s\u2019est inclin\u00e9 en finale de la Coupe de France face aux Flammes de Charleville (67-70). Qui brisent la mal\u00e9diction apr\u00e8s quatre revers en finale de 2017 \u00e0 2021.<\/p>\n<p><img decoding=\"async\" src=\"https:\/\/www.europesays.com\/fr\/wp-content\/uploads\/2025\/06\/Charleville-Me-zie-res---FFBB.jpeg\" alt=\"\" onerror=\"this.style.display = 'none'\"\/><\/a>Coupe de France U18 : Antibes braque Le Mans au bout du money time<\/p>\n<p>Enorme coup des jeunes Sharks ce samedi 26 avril \u00e0 Bercy en finale de la Coupe de France U18 masculine. Au bord de la rupture \u00e0 plusieurs reprises, Antibes a renvers\u00e9 Le Mans au terme d&rsquo;un money time \u00e9touffant conclu sur une claquette victorieuse de Lh\u00e9o Aboubacar (72-70).<\/p>\n<p><a class=\"kg-bookmark-container\" href=\"https:\/\/www.basketeurope.com\/coupe-de-france-u18-antibes-renverse-le-mans-au-bout-du-money-time\/\" target=\"_blank\" rel=\"noopener\"><\/p>\n<p>Coupe de France U18 : Antibes braque Le Mans au bout du money time<\/p>\n<p>Enorme coup des jeunes Sharks ce samedi 26 avril \u00e0 Bercy en finale de la Coupe de France U18 masculine. Au bord de la rupture \u00e0 plusieurs reprises, Antibes a renvers\u00e9 Le Mans au terme d\u2019un money time \u00e9touffant conclu sur une claquette victorieuse de Lh\u00e9o Aboubacar (72-70).<\/p>\n<p><img decoding=\"async\" src=\"https:\/\/www.europesays.com\/fr\/wp-content\/uploads\/2025\/06\/Sharks-Antibes-U18---Loic-Wacziak_FFBB.jpg\" alt=\"\" onerror=\"this.style.display = 'none'\"\/><\/a>Port\u00e9e par Ainhoa Risacher, l&rsquo;ASVEL f\u00e9minin s&rsquo;adjuge la Coupe de France U18<\/p>\n<p>L&rsquo;ASVEL retrouvait Bourges pour la quatri\u00e8me fois de la saison, en finale de la Coupe de France U18, ce samedi matin. Jusque-l\u00e0 incapables de battre les Berruy\u00e8res cette ann\u00e9e, les co\u00e9quipi\u00e8res d&rsquo;Ainhoa Risacher (MVP de la finale) ont cette fois-ci pris le meilleur sur leurs adversaires (55-62).<\/p>\n<p><a class=\"kg-bookmark-container\" href=\"https:\/\/www.basketeurope.com\/portee-par-ainhoa-risacher-lasvel-feminin-sadjuge-la-coupe-de-france-u18\/\" target=\"_blank\" rel=\"noopener\"><\/p>\n<p>Port\u00e9e par Ainhoa Risacher, l\u2019ASVEL f\u00e9minin s\u2019adjuge la Coupe de France U18<\/p>\n<p>L\u2019ASVEL retrouvait Bourges pour la quatri\u00e8me fois de la saison, en finale de la Coupe de France U18, ce samedi matin. Jusque-l\u00e0 incapables de battre les Berruy\u00e8res cette ann\u00e9e, les co\u00e9quipi\u00e8res d\u2019Ainhoa Risacher (MVP de la finale) ont cette fois-ci pris le meilleur sur leurs adversaires (55-62).<\/p>\n<p><img decoding=\"async\" src=\"https:\/\/www.europesays.com\/fr\/wp-content\/uploads\/2025\/06\/Ai-nhoa-Risacher---Loic-Wacziak-FFBB.jpeg\" alt=\"\" onerror=\"this.style.display = 'none'\"\/><\/a>[Premium] Deux aventures humaines : Rouen Bihorel et Marmande au sommet de l&rsquo;ascension<\/p>\n<p>Rel\u00e9gu\u00e9s au cinqui\u00e8me \u00e9chelon fran\u00e7ais, Rouen Bihorel et le Beyssac Beaupuy Marmande ont su montrer des valeurs ind\u00e9niables pour remporter la finale des Troph\u00e9es Coupe de France f\u00e9minin et masculin \u00e0 l&rsquo;Accor Arena.<\/p>\n<p><a class=\"kg-bookmark-container\" href=\"https:\/\/www.basketeurope.com\/premium-deux-aventures-humaines-rouen-bihorel-et-marmande-au-sommet-de-lascension\/\" target=\"_blank\" rel=\"noopener\"><\/p>\n<p>[Premium] Deux aventures humaines : Rouen Bihorel et Marmande au sommet de l\u2019ascension<\/p>\n<p>Rel\u00e9gu\u00e9s au cinqui\u00e8me \u00e9chelon fran\u00e7ais, Rouen Bihorel et le Beyssac Beaupuy Marmande ont su montrer des valeurs ind\u00e9niables pour remporter la finale des Troph\u00e9es Coupe de France f\u00e9minin et masculin \u00e0 l\u2019Accor Arena.<\/p>\n<p><img decoding=\"async\" src=\"https:\/\/www.europesays.com\/fr\/wp-content\/uploads\/2025\/06\/Capture-d--cran-2025-04-26-004707.png\" alt=\"\" onerror=\"this.style.display = 'none'\"\/><\/a><br \/>\n    <script async src=\"https:\/\/platform.twitter.com\/widgets.js\" charset=\"utf-8\"><\/script><\/p>\n","protected":false},"excerpt":{"rendered":"Ils \u00e9taient 19 076 sur la ligne de d\u00e9part ! A l\u2019issue des phases de s\u00e9lections d\u00e9partementales puis&hellip;\n","protected":false},"author":2,"featured_media":152687,"comment_status":"","ping_status":"","sticky":false,"template":"","format":"standard","meta":{"footnotes":""},"categories":[1414],"tags":[1465,1464,1011,27,60],"class_list":{"0":"post-152686","1":"post","2":"type-post","3":"status-publish","4":"format-standard","5":"has-post-thumbnail","7":"category-basket","8":"tag-basket","9":"tag-basketball","10":"tag-fr","11":"tag-france","12":"tag-sports"},"share_on_mastodon":{"url":"https:\/\/pubeurope.com\/@fr\/114627937983852049","error":""},"_links":{"self":[{"href":"https:\/\/www.europesays.com\/fr\/wp-json\/wp\/v2\/posts\/152686","targetHints":{"allow":["GET"]}}],"collection":[{"href":"https:\/\/www.europesays.com\/fr\/wp-json\/wp\/v2\/posts"}],"about":[{"href":"https:\/\/www.europesays.com\/fr\/wp-json\/wp\/v2\/types\/post"}],"author":[{"embeddable":true,"href":"https:\/\/www.europesays.com\/fr\/wp-json\/wp\/v2\/users\/2"}],"replies":[{"embeddable":true,"href":"https:\/\/www.europesays.com\/fr\/wp-json\/wp\/v2\/comments?post=152686"}],"version-history":[{"count":0,"href":"https:\/\/www.europesays.com\/fr\/wp-json\/wp\/v2\/posts\/152686\/revisions"}],"wp:featuredmedia":[{"embeddable":true,"href":"https:\/\/www.europesays.com\/fr\/wp-json\/wp\/v2\/media\/152687"}],"wp:attachment":[{"href":"https:\/\/www.europesays.com\/fr\/wp-json\/wp\/v2\/media?parent=152686"}],"wp:term":[{"taxonomy":"category","embeddable":true,"href":"https:\/\/www.europesays.com\/fr\/wp-json\/wp\/v2\/categories?post=152686"},{"taxonomy":"post_tag","embeddable":true,"href":"https:\/\/www.europesays.com\/fr\/wp-json\/wp\/v2\/tags?post=152686"}],"curies":[{"name":"wp","href":"https:\/\/api.w.org\/{rel}","templated":true}]}}