{"id":152698,"date":"2025-06-05T00:37:15","date_gmt":"2025-06-05T00:37:15","guid":{"rendered":"https:\/\/www.europesays.com\/fr\/152698\/"},"modified":"2025-06-05T00:37:15","modified_gmt":"2025-06-05T00:37:15","slug":"mort-de-lecrivain-edmund-white-la-symphonie-de-ladieu-liberation","status":"publish","type":"post","link":"https:\/\/www.europesays.com\/fr\/152698\/","title":{"rendered":"Mort de l\u2019\u00e9crivain Edmund White, la symphonie de l\u2019adieu \u2013 Lib\u00e9ration"},"content":{"rendered":"<p class=\"sc-ksZaOG ehjQrN text-element\">Avant les mots, ce sont les images qui reviennent. Des photos en noir et blanc qu\u2019avec le recul on trouvera peut-\u00eatre un peu kitch, fa\u00e7on Abercrombie &amp; Fitch, mais ne jugeons pas trop s\u00e9v\u00e8rement nos premiers \u00e9mois. Un homme de dos sous la douche, le biceps gonfl\u00e9 : c\u2019\u00e9tait la Tendresse sous la peau. Deux gar\u00e7ons sur un ponton, chemises ouvertes, regardant vers le loin et se d\u00e9sirant sans doute \u00e0 bas bruit : c\u2019\u00e9tait Un jeune Am\u00e9ricain. Et surtout, oui, ce beau visage baiss\u00e9 exsudant les yeux ferm\u00e9s quelques volutes de fum\u00e9e, ce visage dont on croyait alors qu\u2019il \u00e9tait sans doute celui de l\u2019auteur (il ne l\u2019\u00e9tait pas, mais on l\u2019apprendrait plus tard), avec en dessous ce titre qui passait pour la beaut\u00e9 m\u00eame : la Symphonie des adieux. Les couvertures 10-18 des romans d\u2019Edmund White s\u2019alignent dans notre m\u00e9moire et n\u2019oublions pas, pour beaucoup, les portes secr\u00e8tes qu\u2019elles ont ouvertes une fois pass\u00e9e l\u2019\u00e9preuve de la caisse, quand les mod\u00e8les manquaient, quand acheter un livre \u00e9tait d\u00e9j\u00e0 un premier pas.<\/p>\n<p class=\"sc-ksZaOG ehjQrN text-element\">L\u2019\u00e9crivain am\u00e9ricain Edmund White \u2013 romancier, dramaturge, essayiste, critique litt\u00e9raire \u2013 est mort mardi \u00e0 New York a confirm\u00e9 aupr\u00e8s du Guardian son agent Bill Clegg. Il avait 85 ans, mais \u00e9tait rest\u00e9 particuli\u00e8rement jeune d\u2019esprit, s\u00e9millant, canaille. Il y a quelques mois, en d\u00e9cembre, plus culte que jamais, il r\u00e9pondait encore aux questions \u00absexy\u00bb du magazine Interview, pos\u00e9es par 18 personnalit\u00e9s gays parmi lesquelles <a href=\"https:\/\/www.liberation.fr\/culture\/livres\/mort-de-lecrivain-edmund-white-la-symphonie-de-ladieu-20250604_I6WUGVENIJCP3DINMGFJCZTSRY\/&lt;\/p&gt;&lt;\/div&gt;&lt;\/article&gt;&lt;\/div&gt;&lt;div data-fusion-lazy-id=\" f0f8vgvlad832fw=\"\" target=\"_blank\" rel=\"noopener\"><\/p>\n","protected":false},"excerpt":{"rendered":"Avant les mots, ce sont les images qui reviennent. Des photos en noir et blanc qu\u2019avec le recul&hellip;\n","protected":false},"author":2,"featured_media":152699,"comment_status":"","ping_status":"","sticky":false,"template":"","format":"standard","meta":{"footnotes":""},"categories":[1357],"tags":[1379,10488,58,59,73,1011,27,1380],"class_list":{"0":"post-152698","1":"post","2":"type-post","3":"status-publish","4":"format-standard","5":"has-post-thumbnail","7":"category-livres","8":"tag-books","9":"tag-cahier-livres","10":"tag-divertissement","11":"tag-entertainment","12":"tag-etats-unis","13":"tag-fr","14":"tag-france","15":"tag-livres"},"share_on_mastodon":{"url":"https:\/\/pubeurope.com\/@fr\/114627965304744846","error":""},"_links":{"self":[{"href":"https:\/\/www.europesays.com\/fr\/wp-json\/wp\/v2\/posts\/152698","targetHints":{"allow":["GET"]}}],"collection":[{"href":"https:\/\/www.europesays.com\/fr\/wp-json\/wp\/v2\/posts"}],"about":[{"href":"https:\/\/www.europesays.com\/fr\/wp-json\/wp\/v2\/types\/post"}],"author":[{"embeddable":true,"href":"https:\/\/www.europesays.com\/fr\/wp-json\/wp\/v2\/users\/2"}],"replies":[{"embeddable":true,"href":"https:\/\/www.europesays.com\/fr\/wp-json\/wp\/v2\/comments?post=152698"}],"version-history":[{"count":0,"href":"https:\/\/www.europesays.com\/fr\/wp-json\/wp\/v2\/posts\/152698\/revisions"}],"wp:featuredmedia":[{"embeddable":true,"href":"https:\/\/www.europesays.com\/fr\/wp-json\/wp\/v2\/media\/152699"}],"wp:attachment":[{"href":"https:\/\/www.europesays.com\/fr\/wp-json\/wp\/v2\/media?parent=152698"}],"wp:term":[{"taxonomy":"category","embeddable":true,"href":"https:\/\/www.europesays.com\/fr\/wp-json\/wp\/v2\/categories?post=152698"},{"taxonomy":"post_tag","embeddable":true,"href":"https:\/\/www.europesays.com\/fr\/wp-json\/wp\/v2\/tags?post=152698"}],"curies":[{"name":"wp","href":"https:\/\/api.w.org\/{rel}","templated":true}]}}