{"id":15270,"date":"2025-04-10T15:20:12","date_gmt":"2025-04-10T15:20:12","guid":{"rendered":"https:\/\/www.europesays.com\/fr\/15270\/"},"modified":"2025-04-10T15:20:12","modified_gmt":"2025-04-10T15:20:12","slug":"pour-avoir-menace-de-mort-une-juge-du-proces-rn-un-internaute-condamne-a-huit-mois-avec-sursis-liberation","status":"publish","type":"post","link":"https:\/\/www.europesays.com\/fr\/15270\/","title":{"rendered":"pour avoir menac\u00e9 de mort une juge du proc\u00e8s RN, un internaute\u00a0condamn\u00e9 \u00e0 huit mois avec sursis \u2013 Lib\u00e9ration"},"content":{"rendered":"<p class=\"sc-cPiKLX AiZTS text-element\">Il a soutenu et r\u00e9p\u00e9t\u00e9 ne \u00abjamais [avoir] pens\u00e9 ou \u00e9crit de menaces de mort \u00e0 l\u2019encontre de qui que ce soit\u00bb. G\u00e9rard B., 76\u00a0ans, vient pourtant d\u2019\u00eatre condamn\u00e9 ce mercredi 9\u00a0avril \u00e0 huit mois de prison avec sursis et 3\u00a0000\u00a0euros d\u2019amende, \u00e0 Bobigny (Seine-Saint-Denis), <a href=\"https:\/\/www.liberation.fr\/societe\/police-justice\/condamnation-de-marine-le-pen-un-homme-en-garde-a-vue-apres-avoir-menace-de-mort-la-presidente-du-tribunal-20250408_VH4A4DVXYRGDXKTSXLGTVVSYU4\/\" target=\"_blank\" rel=\"nofollow noopener\">pour outrage et provocation au meurtre de la pr\u00e9sidente du tribunal<\/a> qui a prononc\u00e9, le 31\u00a0mars, <a href=\"https:\/\/www.liberation.fr\/politique\/assistants-fictifs-du-rn-marine-le-pen-jugee-coupable-et-condamnee-a-5-ans-dinegibilite-sa-candidature-a-la-presidentielle-2027-hors-jeu-20250331_VEW7NAJTSVHBLKNNNNLM7EJDOE\/\" target=\"_blank\" rel=\"nofollow noopener\">la peine d\u2019in\u00e9ligibilit\u00e9 de Marine Le Pen<\/a> au proc\u00e8s du Rassemblement national.<\/p>\n<p class=\"sc-cPiKLX AiZTS text-element\">Particuli\u00e8rement actif sur le r\u00e9seau social X sous l\u2019identifiant \u00abFrancelibre2027\u00bb \u2013 a priori une r\u00e9f\u00e9rence sous-jacente au contenu d\u2019extr\u00eame droite qu\u2019il y relaie \u2013 cet ancien dirigeant d\u2019une soci\u00e9t\u00e9 informatique \u00e0 la retraite s\u2019est pr\u00e9sent\u00e9 devant la 17e chambre du tribunal judiciaire, dans le box, en chemisette \u00e0 carreaux couverte d\u2019une doudoune sans manches, arborant une couronne de cheveux grisonnante et le visage d\u00e9rang\u00e9 par des tics nerveux.<\/p>\n<p class=\"sc-cPiKLX AiZTS text-element\">Il <a href=\"https:\/\/www.liberation.fr\/societe\/police-justice\/condamnation-de-marine-le-pen-un-homme-en-garde-a-vue-apres-avoir-menace-de-mort-la-presidente-du-tribunal-20250408_VH4A4DVXYRGDXKTSXLGTVVSYU4\/\" rel=\"nofollow noopener\" target=\"_blank\">avait \u00e9t\u00e9 arr\u00eat\u00e9 la veille \u00e0 La Garenne-Colombes<\/a> (Hauts-de-Seine) apr\u00e8s avoir post\u00e9, le 1er\u00a0avril sur le r\u00e9seau social dirig\u00e9 par Elon Musk, une photo de guillotine accompagn\u00e9e de la l\u00e9gende \u00abce que m\u00e9rite cette salope\u00bb, en r\u00e9ponse \u00e0 un tweet \u00e9voquant le prononc\u00e9 du jugement de B\u00e9n\u00e9dicte de Perthuis dans le proc\u00e8s des assistants parlementaires du RN. Depuis le prononc\u00e9 de la d\u00e9cision, la pr\u00e9sidente de la 11e chambre correctionnelle du tribunal de Paris est la cible de menaces tr\u00e8s virulentes.<\/p>\n<p class=\"sc-cPiKLX AiZTS text-element\">\u00abIl y a trois personnes qui ont rendu cette d\u00e9cision, on a utilis\u00e9 des possibilit\u00e9s qui existent dans le droit. Les magistrats rendent la justice au nom du peuple fran\u00e7ais, donc ce qu\u2019on vous reproche est quand m\u00eame assez grave\u00bb, lui rappelle d\u2019embl\u00e9e la pr\u00e9sidente ce mercredi.<\/p>\n<p class=\"sc-cPiKLX AiZTS text-element\">Devant le tribunal, le septuag\u00e9naire prend soin de s\u2019expliquer, maladroitement, sur le choix de cette photo de guillotine\u00a0: \u00abPour moi c\u2019\u00e9tait un symbole de la justice. Je voulais dire que certains magistrats, peut-\u00eatre, m\u00e9riteraient d\u2019\u00eatre jug\u00e9s [\u2026] j\u2019aurais pu prendre une balance si j\u2019en avais une sous la main.\u00bb Selon lui, la photo peut-\u00eatre \u00abinterpr\u00e9t\u00e9e\u00bb de diff\u00e9rentes mani\u00e8res. Son discours \u00e0 l\u2019audience tranche par ailleurs avec le flot d\u2019insultes qu\u2019il est possible de trouver sur son compte\u00a0X.<\/p>\n<p class=\"sc-cPiKLX AiZTS text-element\">G\u00e9rard B. raconte que la condamnation de Marine Le\u00a0Pen l\u2019a mis \u00aben col\u00e8re\u00bb. Il dit regretter d\u2019avoir insult\u00e9 la magistrate, \u00abbien \u00e9videmment\u00bb\u00a0: \u00abJe ne pensais pas que \u00e7a avait cette importance-l\u00e0, sinon je l\u2019aurais effac\u00e9 [son message, ndlr]\u00bb. D\u2019apr\u00e8s lui, on peut insulter sans probl\u00e8me en ligne mais pas dans la vie courante.<\/p>\n<p class=\"sc-cPiKLX AiZTS text-element\">Pour le procureur, le retrait\u00e9 a bien agi \u00ab\u00e0 dessein\u00bb\u00a0: \u00abEn France, il y a des gens qui se sont fait trancher la t\u00eate, qui se sont fait d\u00e9capiter. Derri\u00e8re son t\u00e9l\u00e9phone on ne prend pas de risque, mais c\u2019est une perche tendue \u00e0 des gens violents ou qui auraient des probl\u00e8mes mentaux.\u00bb Le minist\u00e8re public souligne encore\u00a0: \u00abon a le droit de tenir des propos qui heurtent et qui choquent \u00e0 partir du moment o\u00f9 on discute de quelque chose qui est utile au d\u00e9bat d\u00e9mocratique\u00bb, enjoignant le septuag\u00e9naire \u00e0 \u00aballer se renseigner\u00bb sur le fonctionnement de la justice pour ne pas \u00abparticiper \u00e0 des proc\u00e8s populaires\u00bb.<\/p>\n<p class=\"sc-cPiKLX AiZTS text-element\">Du c\u00f4t\u00e9 de la d\u00e9fense, l\u2019avocate de G\u00e9rard B., Me Yosra Radhoini essaye\u00a0: \u00abOn n\u2019est pas face \u00e0 un compte suivi par des milliers de followers, donc la port\u00e9e de ses propos est quasiment nulle.\u00bb Elle d\u00e9veloppe\u00a0: \u00abC\u2019est un acte isol\u00e9. Il n\u2019a pas insult\u00e9 de mani\u00e8re r\u00e9p\u00e9t\u00e9e madame de Perthuis.\u00bb Pourtant, plusieurs messages harpaillant la magistrate sont encore en ligne sur son compte X au moment du proc\u00e8s.<\/p>\n<p class=\"sc-cPiKLX AiZTS text-element\"><b>Mise \u00e0 jour\u00a0:<\/b> le 9\u00a0avril \u00e0 19h12.<\/p>\n","protected":false},"excerpt":{"rendered":"Il a soutenu et r\u00e9p\u00e9t\u00e9 ne \u00abjamais [avoir] pens\u00e9 ou \u00e9crit de menaces de mort \u00e0 l\u2019encontre de&hellip;\n","protected":false},"author":2,"featured_media":15271,"comment_status":"","ping_status":"","sticky":false,"template":"","format":"standard","meta":{"footnotes":""},"categories":[2],"tags":[11,1011,27,430,12,25,2848],"class_list":{"0":"post-15270","1":"post","2":"type-post","3":"status-publish","4":"format-standard","5":"has-post-thumbnail","7":"category-actualites","8":"tag-actualites","9":"tag-fr","10":"tag-france","11":"tag-marine-le-pen","12":"tag-news","13":"tag-republique-francaise","14":"tag-rn"},"share_on_mastodon":{"url":"https:\/\/pubeurope.com\/@fr\/114314348255171753","error":""},"_links":{"self":[{"href":"https:\/\/www.europesays.com\/fr\/wp-json\/wp\/v2\/posts\/15270","targetHints":{"allow":["GET"]}}],"collection":[{"href":"https:\/\/www.europesays.com\/fr\/wp-json\/wp\/v2\/posts"}],"about":[{"href":"https:\/\/www.europesays.com\/fr\/wp-json\/wp\/v2\/types\/post"}],"author":[{"embeddable":true,"href":"https:\/\/www.europesays.com\/fr\/wp-json\/wp\/v2\/users\/2"}],"replies":[{"embeddable":true,"href":"https:\/\/www.europesays.com\/fr\/wp-json\/wp\/v2\/comments?post=15270"}],"version-history":[{"count":0,"href":"https:\/\/www.europesays.com\/fr\/wp-json\/wp\/v2\/posts\/15270\/revisions"}],"wp:featuredmedia":[{"embeddable":true,"href":"https:\/\/www.europesays.com\/fr\/wp-json\/wp\/v2\/media\/15271"}],"wp:attachment":[{"href":"https:\/\/www.europesays.com\/fr\/wp-json\/wp\/v2\/media?parent=15270"}],"wp:term":[{"taxonomy":"category","embeddable":true,"href":"https:\/\/www.europesays.com\/fr\/wp-json\/wp\/v2\/categories?post=15270"},{"taxonomy":"post_tag","embeddable":true,"href":"https:\/\/www.europesays.com\/fr\/wp-json\/wp\/v2\/tags?post=15270"}],"curies":[{"name":"wp","href":"https:\/\/api.w.org\/{rel}","templated":true}]}}