{"id":152706,"date":"2025-06-05T00:41:13","date_gmt":"2025-06-05T00:41:13","guid":{"rendered":"https:\/\/www.europesays.com\/fr\/152706\/"},"modified":"2025-06-05T00:41:13","modified_gmt":"2025-06-05T00:41:13","slug":"voici-lerreur-que-8-personnes-sur-10-font-chaque-ete-sans-sen-rendre-compte","status":"publish","type":"post","link":"https:\/\/www.europesays.com\/fr\/152706\/","title":{"rendered":"voici l\u2019erreur que 8 personnes sur 10 font chaque \u00e9t\u00e9 sans s\u2019en rendre compte"},"content":{"rendered":"<p>Entre bronzage recherch\u00e9 et coups de soleil oubli\u00e9s, la peau encaisse chaque \u00e9t\u00e9 bien plus qu\u2019on ne le croit. Ce que r\u00e9v\u00e8lent les chiffres sur les cancers cutan\u00e9s li\u00e9s aux UV donne un coup de chaud \u00e0 nos habitudes estivales.<\/p>\n<p>Le sable chaud, le clapotis des vagues, le teint dor\u00e9 qu\u2019on admire dans le miroir\u2026 Et si tout cela masquait un risque bien plus sournois ? Derri\u00e8re le plaisir du soleil se cache un danger silencieux : <strong>80 % des cancers de la peau sont directement li\u00e9s \u00e0 une exposition excessive aux rayons UV<\/strong>, souvent d\u00e8s l\u2019enfance. Ce chiffre, rapport\u00e9 par la <a href=\"https:\/\/www.ligue-cancer.net\/nos-missions\/la-prevention-des-cancers\/soleil-uv-et-cancers#:~:text=80%20%25%20des%20cancers%20de%20la%20peau%20sont%20ainsi%20directement%20li%C3%A9s,ont%20%C3%A9t%C3%A9%20recens%C3%A9s%20en%202018.\" target=\"_blank\" rel=\"nofollow noopener\">Ligue contre le cancer<\/a>, tranche avec la l\u00e9g\u00e8ret\u00e9 des vacances au soleil.<\/p>\n<p>En France, le nombre de cancers cutan\u00e9s a explos\u00e9 au fil des d\u00e9cennies, dop\u00e9 par de nouveaux comportements : vacances prolong\u00e9es, sports outdoor, culte du bronzage&#8230; Les rayonnements ultraviolets (UVA et UVB), invisibles \u00e0 l\u2019\u0153il nu mais redoutablement efficaces pour p\u00e9n\u00e9trer la peau, s\u2019attaquent directement \u00e0 l\u2019ADN des cellules. Et les l\u00e9sions qu\u2019ils provoquent ne sont pas sans cons\u00e9quences.<\/p>\n<p>    Pourquoi les UV sont si dangereux pour la peau ?  <\/p>\n<p>Longtemps, on a cru qu\u2019un bon coup de soleil \u00e9tait le passage oblig\u00e9 de l\u2019\u00e9t\u00e9. Grave erreur. Les rayons <strong>UVB<\/strong>, les plus courts, causent les br\u00fblures visibles mais aussi des mutations cellulaires profondes. Quant aux <strong>UVA<\/strong>, plus insidieux, ils p\u00e9n\u00e8trent plus loin dans la peau, <strong>acc\u00e9l\u00e9rant le vieillissement cutan\u00e9<\/strong> et favorisant la canc\u00e9risation \u00e0 long terme.<\/p>\n<p>La Ligue contre le cancer alerte : <strong>les surexpositions pr\u00e9coces, notamment pendant l\u2019enfance, sont les plus dangereuses.<\/strong> Une peau immature retient plus facilement les agressions, et les l\u00e9sions peuvent se manifester plusieurs d\u00e9cennies plus tard. En clair, les coups de soleil de l\u2019enfance peuvent signer les cancers de demain.<\/p>\n<p>Les zones les plus touch\u00e9es ? Le visage, le cuir chevelu, le d\u00e9collet\u00e9, les bras et les jambes. Des endroits que l\u2019on pense \u00e0 prot\u00e9ger trop tard \u2013 voire jamais. Le r\u00e9sultat : une explosion des <strong>carcinomes cutan\u00e9s<\/strong>, <strong>les cancers de la peau les plus fr\u00e9quents mais aussi les plus gu\u00e9rissables s\u2019ils sont d\u00e9tect\u00e9s t\u00f4t<\/strong>.<\/p>\n<p>  Quels sont les gestes pour r\u00e9duire les risques d\u00e8s cet \u00e9t\u00e9 ?  <\/p>\n<p>On ne na\u00eet pas \u00ab\u00a0peau \u00e0 cancer\u00a0\u00bb, on le devient souvent par habitude. Pour limiter au maximum les risques de d\u00e9velopper un cancer cutan\u00e9, la pr\u00e9vention reste la meilleure arme :<\/p>\n<ul>\n<li><strong>\u00c9viter l\u2019exposition entre 12h et 16h<\/strong>, m\u00eame par temps nuageux.<\/li>\n<li><strong>Appliquer une cr\u00e8me solaire SPF 50+ toutes les deux heures<\/strong> et apr\u00e8s chaque baignade.<\/li>\n<li><strong>Porter des v\u00eatements couvrants, un chapeau et des lunettes de soleil<\/strong> \u00e0 verres filtrants.<\/li>\n<li><strong>Consulter r\u00e9guli\u00e8rement un dermatologue<\/strong>, surtout en cas de peau claire, ant\u00e9c\u00e9dents familiaux ou t\u00e2ches suspectes.<\/li>\n<\/ul>\n<p>Enfin, il est crucial de surveiller les indices UV quotidiens (souvent mentionn\u00e9s dans les applis m\u00e9t\u00e9o), car un indice sup\u00e9rieur \u00e0 6 justifie une protection maximale.<\/p>\n<p>  Quelles cr\u00e8mes solaires choisir ?  <\/p>\n<p><strong><a href=\"https:\/\/www.sephora.fr\/p\/glow-stick---ecran-solaire-spf-50-pa-----P10049097.html#product-info\" target=\"_blank\" rel=\"nofollow noopener\">Glow Stick &#8211; \u00c9cran Solaire SPF 50 Supergoop<\/a><\/strong> : Un soin SPF qui offre hydratation et \u00e9clat avec une protection translucide \u00e0 large spectre laissant la peau fra\u00eeche &#8211; 29\u20ac<\/p>\n<p class=\"_title_ia3jm_43\"><strong><a href=\"https:\/\/www.larosee-cosmetiques.com\/products\/huile-solaire-spf-50\" target=\"_blank\" rel=\"nofollow noopener\">Huile solaire SPF 50 La Ros\u00e9e<\/a><\/strong> : Huile s\u00e8che, fini invisible et non gras, on adore son l\u00e9ger parfum ensoleill\u00e9 de coco-vanille &#8211; 23,90\u20ac<\/p>\n<p class=\"product-title\"><strong><a href=\"https:\/\/www.laboratoires-biarritz.com\/fr\/solaire\/212-creme-solaire-visage-teintee-spf50-certifiee-bio.html\" target=\"_blank\" rel=\"nofollow noopener\">Cr\u00e8me solaire teint\u00e9e SPF50 Laboratoires Biarritz<\/a><\/strong> : elle unifie le teint et pr\u00e9vient l&rsquo;apparition de taches au quotidien gr\u00e2ce \u00e0 une protection naturelle et certifi\u00e9e bio &#8211; 23,90\u20ac<\/p>\n<p><strong><a href=\"https:\/\/www.ohmycream.com\/products\/oh-my-cream-skincare-eau-solaire-spf50?variant=51064604950874\" target=\"_blank\" rel=\"nofollow noopener\">Sun Water SPF50+ Oh My Cream Skincare<\/a><\/strong> : une eau solaire bi-phas\u00e9e mi-eau mi-huile \u00e0 la texture fra\u00eeche et l\u00e9g\u00e8re. \u00c0 vaporiser sur le visage, le corps et les cheveux &#8211; 28\u20ac<\/p>\n<p class=\"product-meta__title heading h3\"><strong><a href=\"https:\/\/kreme-paris.com\/products\/spray-solaire-invisible-spf-50\" target=\"_blank\" rel=\"nofollow noopener\">Spray Solaire Invisible SPF 50+ Kr\u00e8me<\/a><\/strong> : enrichi en squalane et en probiotiques, ce spray effet brume apporte hydratation et confort tout au long de l\u2019exposition &#8211; 18,90\u20ac<\/p>\n<p class=\"product__title heading-size-6\"><strong><a href=\"https:\/\/www.seventyone-percent.com\/products\/sunkissed-spf50\" target=\"_blank\" rel=\"nofollow noopener\">SunKissed SPF50 &#8211; UVA 8H Seventy-One<\/a><\/strong> : la protection solaire en Stick Sun Kissed SPF50 est un soin hybride protecteur et hydratant nouvelle g\u00e9n\u00e9ration, son format stick est ultra pratique pour un usage au quotidien &#8211; 17,90\u20ac<\/p>\n<p><strong><a href=\"https:\/\/alphanova.fr\/product\/huile-solaire-rose-scintillante-haute-protection-spf-50\/\" target=\"_blank\" rel=\"nofollow noopener\">Huile Solaire Rose Scintillante Haute Protection SPF 50 Alphanova<\/a><\/strong> : c&rsquo;est LA premi\u00e8re huile protectrice nacr\u00e9e rose qui allie haute protection solaire et effet illuminateur &#8211; 23,95\u20ac<\/p>\n<p><strong><a href=\"https:\/\/lovea.fr\/products\/stick-solaire-fps-50-haute-protection\" target=\"_blank\" rel=\"nofollow noopener\">Stick solaire visage et corps Lovea<\/a><\/strong> : il prot\u00e8ge efficacement et imm\u00e9diatement ta peau des rayons UVA\/ UVB, enrichi en Huile de Mono\u00ef de Tahiti pour une peau prot\u00e9g\u00e9e et parfum\u00e9e\u00a0 &#8211; 11,99\u20ac<\/p>\n","protected":false},"excerpt":{"rendered":"Entre bronzage recherch\u00e9 et coups de soleil oubli\u00e9s, la peau encaisse chaque \u00e9t\u00e9 bien plus qu\u2019on ne le&hellip;\n","protected":false},"author":2,"featured_media":152707,"comment_status":"","ping_status":"","sticky":false,"template":"","format":"standard","meta":{"footnotes":""},"categories":[10],"tags":[10281,1011,27,72,71],"class_list":{"0":"post-152706","1":"post","2":"type-post","3":"status-publish","4":"format-standard","5":"has-post-thumbnail","7":"category-sante","8":"tag-buzz-nonli","9":"tag-fr","10":"tag-france","11":"tag-health","12":"tag-sante"},"share_on_mastodon":{"url":"https:\/\/pubeurope.com\/@fr\/114627981102130629","error":""},"_links":{"self":[{"href":"https:\/\/www.europesays.com\/fr\/wp-json\/wp\/v2\/posts\/152706","targetHints":{"allow":["GET"]}}],"collection":[{"href":"https:\/\/www.europesays.com\/fr\/wp-json\/wp\/v2\/posts"}],"about":[{"href":"https:\/\/www.europesays.com\/fr\/wp-json\/wp\/v2\/types\/post"}],"author":[{"embeddable":true,"href":"https:\/\/www.europesays.com\/fr\/wp-json\/wp\/v2\/users\/2"}],"replies":[{"embeddable":true,"href":"https:\/\/www.europesays.com\/fr\/wp-json\/wp\/v2\/comments?post=152706"}],"version-history":[{"count":0,"href":"https:\/\/www.europesays.com\/fr\/wp-json\/wp\/v2\/posts\/152706\/revisions"}],"wp:featuredmedia":[{"embeddable":true,"href":"https:\/\/www.europesays.com\/fr\/wp-json\/wp\/v2\/media\/152707"}],"wp:attachment":[{"href":"https:\/\/www.europesays.com\/fr\/wp-json\/wp\/v2\/media?parent=152706"}],"wp:term":[{"taxonomy":"category","embeddable":true,"href":"https:\/\/www.europesays.com\/fr\/wp-json\/wp\/v2\/categories?post=152706"},{"taxonomy":"post_tag","embeddable":true,"href":"https:\/\/www.europesays.com\/fr\/wp-json\/wp\/v2\/tags?post=152706"}],"curies":[{"name":"wp","href":"https:\/\/api.w.org\/{rel}","templated":true}]}}