{"id":152714,"date":"2025-06-05T00:45:10","date_gmt":"2025-06-05T00:45:10","guid":{"rendered":"https:\/\/www.europesays.com\/fr\/152714\/"},"modified":"2025-06-05T00:45:10","modified_gmt":"2025-06-05T00:45:10","slug":"la-cour-des-comptes-pointe-des-strategies-nationales-irrealistes","status":"publish","type":"post","link":"https:\/\/www.europesays.com\/fr\/152714\/","title":{"rendered":"la Cour des comptes pointe \u00abdes strat\u00e9gies nationales irr\u00e9alistes\u00bb"},"content":{"rendered":"<p><strong>D\u00c9CRYPTAGE &#8211;<\/strong> L\u2019instance s\u2019inqui\u00e8te du manque de coh\u00e9rence de d\u00e9cisions politiques face aux enjeux climatiques et au risque de d\u00e9rapage des co\u00fbts pour les finances publiques.<\/p>\n<p class=\"fig-paragraph\">Les chiffres \u00e9gren\u00e9s par la\u00a0Cour des comptes\u00a0dans son dernier rapport traitant du soutien au d\u00e9veloppement de l\u2019<a href=\"http:\/\/www.lefigaro.fr\/societes\/totalenergies-decarbone-deux-raffineries-a-l-hydrogene-vert-20250218\" data-fig-type=\"Article\" data-gtm-custom-categorie=\"navigation\" data-gtm-custom-action=\"crossclick\" data-gtm-custom-label=\"Contextuel\" data-gtm-event=\"customEventSPE\" data-fig-domain=\"LEFIGARO\" target=\"_blank\" rel=\"noopener\">hydrog\u00e8ne d\u00e9carbon\u00e9<\/a>\u00a0donnent le tournis. En 2018,\u00a0<a href=\"https:\/\/www.lefigaro.fr\/sciences\/2018\/07\/04\/01008-20180704ARTFIG00321-la-biodiversite-en-haut-de-l-agenda-politique.php\" data-fig-type=\"Article\" data-gtm-custom-categorie=\"navigation\" data-gtm-custom-action=\"crossclick\" data-gtm-custom-label=\"Contextuel\" data-gtm-event=\"customEventSPE\" data-fig-domain=\"LEFIGARO\" target=\"_blank\" rel=\"noopener\">le plan Hulot<\/a>\u00a0pr\u00e9voyait une enveloppe de 100\u00a0millions d\u2019euros pour soutenir le d\u00e9veloppement de l\u2019hydrog\u00e8ne d\u00e9carbon\u00e9. En 2020, la premi\u00e8re strat\u00e9gie nationale de l\u2019hydrog\u00e8ne (SNH1) incluait 7\u00a0milliards de soutiens publics. Somme qui passe \u00e0 9\u00a0milliards en 2023, avec la deuxi\u00e8me SNH. Parall\u00e8lement, les ambitions sont r\u00e9duites. Il y a deux ans, l\u2019objectif \u00e9tait d\u2019atteindre 6,5\u00a0gigawatts (GW) de capacit\u00e9 de production d\u2019hydrog\u00e8ne par \u00e9lectrolyse en 2030.\u00a0Cette ann\u00e9e, il a \u00e9t\u00e9 revu \u00e0 la baisse \u00e0 4,5 GW.\u00a0Un redoutable effet ciseau qui fait planer l\u2019ombre du doute sur les capacit\u00e9s de la France \u00e0 faire face \u00e0 ses ambitions dans l\u2019hydrog\u00e8ne, mais aussi\u00a0<a href=\"http:\/\/www.lefigaro.fr\/sciences\/l-ue-en-passe-de-reussir-ses-objectifs-de-decarbonation-pour-2030-20250528\" data-fig-type=\"Article\" data-gtm-custom-categorie=\"navigation\" data-gtm-custom-action=\"crossclick\" data-gtm-custom-label=\"Contextuel\" data-gtm-event=\"customEventSPE\" data-fig-domain=\"LEFIGARO\" target=\"_blank\" rel=\"noopener\">la d\u00e9carbonation.<\/a> <\/p>\n<p class=\"fig-body-link\">\n            \u00c0 lire aussi<br \/>\n        <a class=\"fig-body-link__link fig-premium-mark\" href=\"http:\/\/www.lefigaro.fr\/conjoncture\/mobilite-industrie-le-miracle-de-l-hydrogene-se-fait-attendre-20250331\" data-fig-type=\"Article\" data-gtm-custom-categorie=\"navigation\" data-gtm-custom-action=\"crossclick\" data-gtm-custom-label=\"Contextuel\" data-gtm-event=\"customEventSPE\" data-fig-domain=\"LEFIGARO\" target=\"_blank\" rel=\"noopener\">Mobilit\u00e9, industrie\u2026 Le miracle de l\u2019hydrog\u00e8ne se fait attendre<br \/>\n    <\/a>\n<\/p>\n<p class=\"fig-paragraph\">Le rapport souligne en effet des \u00ab\u00a0objectifs irr\u00e9alistes\u00a0\u00bb, tant en raison de la structure de l\u2019offre que de celle de la demande. Les dispositifs de soutien publics\u2026<\/p>\n<p class=\"fig-premium-paywall__infos\">\n        Cet article est r\u00e9serv\u00e9 aux abonn\u00e9s.        Il vous reste 81% \u00e0 d\u00e9couvrir.\n    <\/p>\n<p>                <img  data- alt=\"Le Figaro\" class=\"fig-img--complete fig-img\"\/><\/p>\n<p class=\"fig-premium-paywall__title\">Vente Flash<\/p>\n<p class=\"fig-premium-paywall__subtitle\">4,99\u20ac par mois pendant 12 mois. Sans engagement.<\/p>\n<p class=\"fig-premium-paywall__connect\">\n                D\u00e9j\u00e0 abonn\u00e9\u00a0?                <a class=\"fig-premium-paywall__connect-link\" href=\"https:\/\/connect.lefigaro.fr\/login?client=horizon_web&amp;type=main&amp;redirect_uri=https%3A%2F%2Fwww.lefigaro.fr%2Fsocietes%2Fhydrogene-la-cour-des-comptes-pointe-des-strategies-nationales-irrealistes-20250604\" data-js-gtm=\"{&quot;customCategorie&quot;: &quot;conversion&quot;, &quot;customAction&quot;: &quot;before_Landing_Connexion_paywall_auto&quot;, &quot;customLabel&quot;: &quot;bGVmaWdhcm8uZnJfXzFmMDQxMzFiLTE5ZDgtNjg4Yy1hNzc4LTIzOGRiZmExNGQ3MV9fQXJ0aWNsZQ==_Hydrog\u00e8ne: la Cour des comptes pointe \u00abdes strat\u00e9gies nationales irr\u00e9alistes\u00bb_167&quot;, &quot;customIDSPE&quot;: &quot;bGVmaWdhcm8uZnJfXzFmMDQxMzFiLTE5ZDgtNjg4Yy1hNzc4LTIzOGRiZmExNGQ3MV9fQXJ0aWNsZQ==&quot;, &quot;event&quot;: &quot;customEventSPE&quot;}\" target=\"_blank\" rel=\"noopener\"><br \/>\n                    Connectez-vous<br \/>\n                <\/a>\n            <\/p>\n","protected":false},"excerpt":{"rendered":"D\u00c9CRYPTAGE &#8211; L\u2019instance s\u2019inqui\u00e8te du manque de coh\u00e9rence de d\u00e9cisions politiques face aux enjeux climatiques et au risque&hellip;\n","protected":false},"author":2,"featured_media":152715,"comment_status":"","ping_status":"","sticky":false,"template":"","format":"standard","meta":{"footnotes":""},"categories":[6],"tags":[631,627,630,340,398,35,343,634,405,629,636,33,34,632,638,1011,27,7133,637,399,639,635,401,628,633,407],"class_list":{"0":"post-152714","1":"post","2":"type-post","3":"status-publish","4":"format-standard","5":"has-post-thumbnail","7":"category-economie","8":"tag-action","9":"tag-actions-francaise","10":"tag-actualite-bourse","11":"tag-bourse","12":"tag-bourse-de-paris","13":"tag-business","14":"tag-cac-40","15":"tag-cotation","16":"tag-cotations","17":"tag-cours-des-societes-francaises","18":"tag-devises","19":"tag-economie","20":"tag-economy","21":"tag-fcp","22":"tag-figaro","23":"tag-fr","24":"tag-france","25":"tag-hydrogene","26":"tag-indices","27":"tag-investissement","28":"tag-le-figaro","29":"tag-marches","30":"tag-sicav","31":"tag-societes-etrangeres","32":"tag-warrant","33":"tag-warrants"},"share_on_mastodon":{"url":"https:\/\/pubeurope.com\/@fr\/114627996760224846","error":""},"_links":{"self":[{"href":"https:\/\/www.europesays.com\/fr\/wp-json\/wp\/v2\/posts\/152714","targetHints":{"allow":["GET"]}}],"collection":[{"href":"https:\/\/www.europesays.com\/fr\/wp-json\/wp\/v2\/posts"}],"about":[{"href":"https:\/\/www.europesays.com\/fr\/wp-json\/wp\/v2\/types\/post"}],"author":[{"embeddable":true,"href":"https:\/\/www.europesays.com\/fr\/wp-json\/wp\/v2\/users\/2"}],"replies":[{"embeddable":true,"href":"https:\/\/www.europesays.com\/fr\/wp-json\/wp\/v2\/comments?post=152714"}],"version-history":[{"count":0,"href":"https:\/\/www.europesays.com\/fr\/wp-json\/wp\/v2\/posts\/152714\/revisions"}],"wp:featuredmedia":[{"embeddable":true,"href":"https:\/\/www.europesays.com\/fr\/wp-json\/wp\/v2\/media\/152715"}],"wp:attachment":[{"href":"https:\/\/www.europesays.com\/fr\/wp-json\/wp\/v2\/media?parent=152714"}],"wp:term":[{"taxonomy":"category","embeddable":true,"href":"https:\/\/www.europesays.com\/fr\/wp-json\/wp\/v2\/categories?post=152714"},{"taxonomy":"post_tag","embeddable":true,"href":"https:\/\/www.europesays.com\/fr\/wp-json\/wp\/v2\/tags?post=152714"}],"curies":[{"name":"wp","href":"https:\/\/api.w.org\/{rel}","templated":true}]}}