{"id":152716,"date":"2025-06-05T00:46:09","date_gmt":"2025-06-05T00:46:09","guid":{"rendered":"https:\/\/www.europesays.com\/fr\/152716\/"},"modified":"2025-06-05T00:46:09","modified_gmt":"2025-06-05T00:46:09","slug":"donald-trump-interdit-lentree-sur-le-sol-americain-aux-ressortissants-de-12-pays","status":"publish","type":"post","link":"https:\/\/www.europesays.com\/fr\/152716\/","title":{"rendered":"Donald Trump interdit l\u2019entr\u00e9e sur le sol am\u00e9ricain aux ressortissants de 12 pays"},"content":{"rendered":"<p>Selon le pr\u00e9sident des \u00c9tats-Unis, cette d\u00e9cision serait motiv\u00e9e par l\u2019attaque de dimanche dans le Colorado, au cours de laquelle un homme, \u00abentr\u00e9 ill\u00e9galement dans le pays\u00bb, a bless\u00e9 huit personnes \u00e0 l\u2019aide de bombes incendiaires.<\/p>\n<p class=\"fig-paragraph\"><a href=\"https:\/\/www.lefigaro.fr\/tag\/donald-trump\" target=\"_blank\" rel=\"noopener nofollow\" data-gtm-custom-categorie=\"navigation\" data-gtm-custom-action=\"crossclick\" data-gtm-custom-label=\"Contextuel\" data-gtm-event=\"customEventSPE\">Donald Trump<\/a>\u00a0a interdit aux ressortissants de 12 pays l&rsquo;entr\u00e9e aux \u00c9tats-Unis pour \u00abprot\u00e9ger\u00bb le pays de \u00abterroristes \u00e9trangers\u00bb, selon un document publi\u00e9 mercredi 4 juin par la Maison-Blanche. Cette interdiction, effective le 9 juin, s&rsquo;applique \u00e0 l&rsquo;encontre de l&rsquo;Afghanistan, la Birmanie, le Tchad, la R\u00e9publique d\u00e9mocratique du Congo, la Guin\u00e9e \u00e9quatoriale, l&rsquo;\u00c9rythr\u00e9e, Ha\u00efti, l&rsquo;Iran, la Libye, la Somalie, le Soudan et le Y\u00e9men. Sept autres pays sont vis\u00e9s par des restrictions. Selon le pr\u00e9sident am\u00e9ricain, cette d\u00e9cision aurait \u00e9t\u00e9 motiv\u00e9e par\u00a0<a href=\"http:\/\/www.lefigaro.fr\/international\/le-fbi-fait-etat-d-une-attaque-terroriste-ciblee-dans-le-colorado-20250601\" target=\"_blank\" data-fig-type=\"NewsFlash\" rel=\"noopener nofollow\" data-gtm-custom-categorie=\"navigation\" data-gtm-custom-action=\"crossclick\" data-gtm-custom-label=\"Contextuel\" data-gtm-event=\"customEventSPE\" data-fig-domain=\"LEFIGARO\">l\u2019attaque de dimanche dans le Colorado<\/a>, au cours de laquelle un homme, \u00abentr\u00e9 ill\u00e9galement dans le pays\u00bb, a bless\u00e9 huit personnes \u00e0 l\u2019aide de bombes incendiaires.<\/p>\n","protected":false},"excerpt":{"rendered":"Selon le pr\u00e9sident des \u00c9tats-Unis, cette d\u00e9cision serait motiv\u00e9e par l\u2019attaque de dimanche dans le Colorado, au cours&hellip;\n","protected":false},"author":2,"featured_media":152717,"comment_status":"","ping_status":"","sticky":false,"template":"","format":"standard","meta":{"footnotes":""},"categories":[5],"tags":[259,11,260,73,1011,27,14,261,12,262,28],"class_list":{"0":"post-152716","1":"post","2":"type-post","3":"status-publish","4":"format-standard","5":"has-post-thumbnail","7":"category-international","8":"tag-actualite-internationale","9":"tag-actualites","10":"tag-affaires-etrangeres","11":"tag-etats-unis","12":"tag-fr","13":"tag-france","14":"tag-international","15":"tag-ministere-des-affaires-etrangeres","16":"tag-news","17":"tag-politique-etrangere","18":"tag-world"},"share_on_mastodon":{"url":"https:\/\/pubeurope.com\/@fr\/114628000735962900","error":""},"_links":{"self":[{"href":"https:\/\/www.europesays.com\/fr\/wp-json\/wp\/v2\/posts\/152716","targetHints":{"allow":["GET"]}}],"collection":[{"href":"https:\/\/www.europesays.com\/fr\/wp-json\/wp\/v2\/posts"}],"about":[{"href":"https:\/\/www.europesays.com\/fr\/wp-json\/wp\/v2\/types\/post"}],"author":[{"embeddable":true,"href":"https:\/\/www.europesays.com\/fr\/wp-json\/wp\/v2\/users\/2"}],"replies":[{"embeddable":true,"href":"https:\/\/www.europesays.com\/fr\/wp-json\/wp\/v2\/comments?post=152716"}],"version-history":[{"count":0,"href":"https:\/\/www.europesays.com\/fr\/wp-json\/wp\/v2\/posts\/152716\/revisions"}],"wp:featuredmedia":[{"embeddable":true,"href":"https:\/\/www.europesays.com\/fr\/wp-json\/wp\/v2\/media\/152717"}],"wp:attachment":[{"href":"https:\/\/www.europesays.com\/fr\/wp-json\/wp\/v2\/media?parent=152716"}],"wp:term":[{"taxonomy":"category","embeddable":true,"href":"https:\/\/www.europesays.com\/fr\/wp-json\/wp\/v2\/categories?post=152716"},{"taxonomy":"post_tag","embeddable":true,"href":"https:\/\/www.europesays.com\/fr\/wp-json\/wp\/v2\/tags?post=152716"}],"curies":[{"name":"wp","href":"https:\/\/api.w.org\/{rel}","templated":true}]}}