{"id":152719,"date":"2025-06-05T00:48:11","date_gmt":"2025-06-05T00:48:11","guid":{"rendered":"https:\/\/www.europesays.com\/fr\/152719\/"},"modified":"2025-06-05T00:48:11","modified_gmt":"2025-06-05T00:48:11","slug":"quand-van-basten-compare-dembele-a-une-legende-du-football","status":"publish","type":"post","link":"https:\/\/www.europesays.com\/fr\/152719\/","title":{"rendered":"Quand Van Basten compare Demb\u00e9l\u00e9 \u00e0 une l\u00e9gende du football"},"content":{"rendered":"<p><img width=\"700\" height=\"350\" src=\"https:\/\/www.europesays.com\/fr\/wp-content\/uploads\/2025\/04\/Dembele-2.jpg\" class=\"attachment-jannah-image-post size-jannah-image-post wp-post-image\" alt=\"Demb\u00e9l\u00e9\" is_main_img=\"1\" decoding=\"async\" fetchpriority=\"high\"  \/><br \/>\n Image :<br \/>\npsg.fr<\/p>\n<p>Ousmane Demb\u00e9l\u00e9 a r\u00e9alis\u00e9 la meilleure saison de sa<br \/>\ncarri\u00e8re. Marco van Basten a compar\u00e9 le joueur du PSG \u00e0 une l\u00e9gende<br \/>\ndu football mondial, Johan Cruijff.<\/p>\n<p>Replac\u00e9 au poste de faux num\u00e9ro 9 par <strong>Luis<br \/>\nEnriqu<\/strong>e en cours de saison, <strong>Ousmane<br \/>\nDemb\u00e9l\u00e9<\/strong> a explos\u00e9 en encha\u00eenant les buts au d\u00e9but de<br \/>\nl\u2019ann\u00e9e 2025. Avant la <strong><a href=\"https:\/\/canal-supporters.com\/le-camp-de-base-du-psg-pour-la-coupe-du-monde-des-clubs-officialise\/\" title=\"\" target=\"_blank\" rel=\"noopener\">Coupe du monde des clubs<\/a><\/strong>, le num\u00e9ro 10 du<br \/>\n<strong>PSG<\/strong> a marqu\u00e9 33 buts et d\u00e9livr\u00e9 15 passes<br \/>\nd\u00e9cisives en 49 matches toutes comp\u00e9titions confondues. Meilleur<br \/>\njoueur et buteur de <strong>Ligue 1<\/strong> (21 buts), il a<br \/>\n\u00e9galement \u00e9t\u00e9 d\u00e9sign\u00e9 meilleur joueur de la saison en <strong>Ligue<br \/>\ndes champions<\/strong> avec huit buts et six passes d\u00e9cisives, dont<br \/>\ndeux en finale. <strong>Marco van Basten<\/strong> a compar\u00e9<br \/>\nl\u2019international fran\u00e7ais \u00e0 une l\u00e9gende du football.\u00a0<\/p>\n<p>A voir aussi : <a href=\"https:\/\/canal-supporters.com\/konate-ousmane-dembele-merite-le-ballon-dor\/\" title=\"\" target=\"_blank\" rel=\"noopener\">Konat\u00e9 : \u00ab\u00a0Ousmane Demb\u00e9l\u00e9 m\u00e9rite le Ballon<br \/>\nd\u2019or\u00a0\u00bb<\/a><\/p>\n<p><a href=\"https:\/\/x.com\/CanalSupporters\" target=\"_blank\" rel=\"noopener\" title=\"\">canalsupporters.com<\/a><\/p>\n<p>\u00ab\u00a0Il joue<br \/>\nun peu comme Johan Cruijff le faisait souvent en faux<br \/>\nattaquant\u00a0\u00bb<\/p>\n<p>\u00ab\u00a0Cela a commenc\u00e9 un peu en milieu de saison, car ils<br \/>\nont eu beaucoup de difficult\u00e9s au d\u00e9but. Et \u00e0 partir de ce<br \/>\nmoment-l\u00e0, <strong><a href=\"https:\/\/canal-supporters.com\/dembele-montrer-quil-faut-courir-pour-le-maillot\/\" title=\"\" target=\"_blank\" rel=\"noopener\">Demb\u00e9l\u00e9<\/a><\/strong> a commenc\u00e9 \u00e0 jouer au centre. La<br \/>\nlibert\u00e9 avec laquelle il a fait \u00e7a, tout comme les ailiers\u2026 C\u2019est<br \/>\npour \u00e7a que \u00e7a a vraiment form\u00e9 un bon ensemble. Il joue un peu<br \/>\ncomme <strong>Johan Cruijff<\/strong> le faisait souvent en faux<br \/>\nattaquant\u00a0\u00bb, lance la l\u00e9gende du football n\u00e9erlandais<br \/>\ndans l\u2019\u00e9mission\u00a0Rondo\u00a0sur\u00a0Ziggo<br \/>\nSport, dans des propos relay\u00e9s par <a href=\"https:\/\/www.footmercato.net\/a4278474485665544816-un-ballon-dor-compare-ousmane-dembele-a-johan-cruyff\" target=\"_blank\" rel=\"noopener\" title=\"\">Foot Mercato<\/a>.<\/p><\/p>\n","protected":false},"excerpt":{"rendered":"Image : psg.fr Ousmane Demb\u00e9l\u00e9 a r\u00e9alis\u00e9 la meilleure saison de sa carri\u00e8re. Marco van Basten a compar\u00e9&hellip;\n","protected":false},"author":2,"featured_media":41879,"comment_status":"","ping_status":"","sticky":false,"template":"","format":"standard","meta":{"footnotes":""},"categories":[2],"tags":[11,81,787,12732,1011,27,28234,28235,12,2782,626,91,92,93,96,28236],"class_list":{"0":"post-152719","1":"post","2":"type-post","3":"status-publish","4":"format-standard","5":"has-post-thumbnail","7":"category-actualites","8":"tag-actualites","9":"tag-canal-supporters","10":"tag-cs","11":"tag-dembele","12":"tag-fr","13":"tag-france","14":"tag-johan-cruijff","15":"tag-marco-van-basten","16":"tag-news","17":"tag-ousmane-dembele","18":"tag-paris","19":"tag-paris-saint-germain","20":"tag-paris-sg","21":"tag-psg","22":"tag-une","23":"tag-van-basten"},"share_on_mastodon":{"url":"https:\/\/pubeurope.com\/@fr\/114628008616899037","error":""},"_links":{"self":[{"href":"https:\/\/www.europesays.com\/fr\/wp-json\/wp\/v2\/posts\/152719","targetHints":{"allow":["GET"]}}],"collection":[{"href":"https:\/\/www.europesays.com\/fr\/wp-json\/wp\/v2\/posts"}],"about":[{"href":"https:\/\/www.europesays.com\/fr\/wp-json\/wp\/v2\/types\/post"}],"author":[{"embeddable":true,"href":"https:\/\/www.europesays.com\/fr\/wp-json\/wp\/v2\/users\/2"}],"replies":[{"embeddable":true,"href":"https:\/\/www.europesays.com\/fr\/wp-json\/wp\/v2\/comments?post=152719"}],"version-history":[{"count":0,"href":"https:\/\/www.europesays.com\/fr\/wp-json\/wp\/v2\/posts\/152719\/revisions"}],"wp:featuredmedia":[{"embeddable":true,"href":"https:\/\/www.europesays.com\/fr\/wp-json\/wp\/v2\/media\/41879"}],"wp:attachment":[{"href":"https:\/\/www.europesays.com\/fr\/wp-json\/wp\/v2\/media?parent=152719"}],"wp:term":[{"taxonomy":"category","embeddable":true,"href":"https:\/\/www.europesays.com\/fr\/wp-json\/wp\/v2\/categories?post=152719"},{"taxonomy":"post_tag","embeddable":true,"href":"https:\/\/www.europesays.com\/fr\/wp-json\/wp\/v2\/tags?post=152719"}],"curies":[{"name":"wp","href":"https:\/\/api.w.org\/{rel}","templated":true}]}}