{"id":152720,"date":"2025-06-05T00:49:15","date_gmt":"2025-06-05T00:49:15","guid":{"rendered":"https:\/\/www.europesays.com\/fr\/152720\/"},"modified":"2025-06-05T00:49:15","modified_gmt":"2025-06-05T00:49:15","slug":"des-vehicules-voles-retrouves-dans-un-box","status":"publish","type":"post","link":"https:\/\/www.europesays.com\/fr\/152720\/","title":{"rendered":"des v\u00e9hicules vol\u00e9s retrouv\u00e9s dans un box"},"content":{"rendered":"<p><img decoding=\"async\" class=\"\" style=\"width:100%\" src=\"https:\/\/www.europesays.com\/fr\/wp-content\/uploads\/2025\/06\/493278358_1021804663466610_3288087606628863942_n1749047378477.jpg\" alt=\"Les v\u00e9hicules vol\u00e9s.\"\/><\/p>\n<p>Les v\u00e9hicules vol\u00e9s.<\/p>\n<p>Cr\u00e9dit : Police de la Loire.<\/p>\n<p>Ce lundi 2 juin, vers 19 heures 30, la BST de la police nationale est intervenue dans le quartier de Montreynaud, \u00e0 Saint-Etienne. Elle a proc\u00e9d\u00e9 \u00e0 l&rsquo;interpellation de 2 individus au comportement suspect, qui \u00e9taient devant un box. \u00c2g\u00e9s de 18 et 16 ans, ils ont \u00e9t\u00e9 entendus, puis lib\u00e9r\u00e9s.<\/p>\n<p>Mais \u00e0 l&rsquo;int\u00e9rieur du box, les policiers ont retrouv\u00e9 3 motos cross et un quad. Les deux-roues avaient \u00e9t\u00e9 vol\u00e9s depuis plus d&rsquo;un mois, hors des fronti\u00e8res lig\u00e9riennes. Et le quad est \u00ab\u00a0d&rsquo;origine douteuse\u00a0\u00bb, d&rsquo;apr\u00e8s les fonctionnaires.<\/p>\n<p>Les investigations se poursuivent.<\/p>\n","protected":false},"excerpt":{"rendered":"Les v\u00e9hicules vol\u00e9s. Cr\u00e9dit : Police de la Loire. Ce lundi 2 juin, vers 19 heures 30, la&hellip;\n","protected":false},"author":2,"featured_media":152721,"comment_status":"","ping_status":"","sticky":false,"template":"","format":"standard","meta":{"footnotes":""},"categories":[9653],"tags":[1111,11,2430,1777,674,1011,27,3367,10086,1457,12,1072,28237,25,4001,1175],"class_list":{"0":"post-152720","1":"post","2":"type-post","3":"status-publish","4":"format-standard","5":"has-post-thumbnail","7":"category-saint-etienne","8":"tag-actu","9":"tag-actualites","10":"tag-auvergne-rhone-alpes","11":"tag-eu","12":"tag-europe","13":"tag-fr","14":"tag-france","15":"tag-loire","16":"tag-montreynaud","17":"tag-moto","18":"tag-news","19":"tag-police","20":"tag-quad","21":"tag-republique-francaise","22":"tag-saint-etienne","23":"tag-vol"},"share_on_mastodon":{"url":"https:\/\/pubeurope.com\/@fr\/114628012542680416","error":""},"_links":{"self":[{"href":"https:\/\/www.europesays.com\/fr\/wp-json\/wp\/v2\/posts\/152720","targetHints":{"allow":["GET"]}}],"collection":[{"href":"https:\/\/www.europesays.com\/fr\/wp-json\/wp\/v2\/posts"}],"about":[{"href":"https:\/\/www.europesays.com\/fr\/wp-json\/wp\/v2\/types\/post"}],"author":[{"embeddable":true,"href":"https:\/\/www.europesays.com\/fr\/wp-json\/wp\/v2\/users\/2"}],"replies":[{"embeddable":true,"href":"https:\/\/www.europesays.com\/fr\/wp-json\/wp\/v2\/comments?post=152720"}],"version-history":[{"count":0,"href":"https:\/\/www.europesays.com\/fr\/wp-json\/wp\/v2\/posts\/152720\/revisions"}],"wp:featuredmedia":[{"embeddable":true,"href":"https:\/\/www.europesays.com\/fr\/wp-json\/wp\/v2\/media\/152721"}],"wp:attachment":[{"href":"https:\/\/www.europesays.com\/fr\/wp-json\/wp\/v2\/media?parent=152720"}],"wp:term":[{"taxonomy":"category","embeddable":true,"href":"https:\/\/www.europesays.com\/fr\/wp-json\/wp\/v2\/categories?post=152720"},{"taxonomy":"post_tag","embeddable":true,"href":"https:\/\/www.europesays.com\/fr\/wp-json\/wp\/v2\/tags?post=152720"}],"curies":[{"name":"wp","href":"https:\/\/api.w.org\/{rel}","templated":true}]}}