{"id":152723,"date":"2025-06-05T00:51:30","date_gmt":"2025-06-05T00:51:30","guid":{"rendered":"https:\/\/www.europesays.com\/fr\/152723\/"},"modified":"2025-06-05T00:51:30","modified_gmt":"2025-06-05T00:51:30","slug":"un-conducteur-multiplie-les-infractions-a-nancy","status":"publish","type":"post","link":"https:\/\/www.europesays.com\/fr\/152723\/","title":{"rendered":"un conducteur multiplie les infractions \u00e0 Nancy"},"content":{"rendered":"<p>            Par<br \/>\n        <strong><br \/>\n            <a href=\"https:\/\/actu.fr\/auteur\/pierre-emile-bouchy-actu-fr\" title=\"Consulter tous les articles de Paul-Emile Bouchy\" target=\"_blank\" rel=\"noopener\">Paul-Emile Bouchy<\/a><br \/>\n        <\/strong><\/p>\n<p>        Publi\u00e9 le<\/p>\n<p>            4 juin 2025 \u00e0 15h46        <\/p>\n<p>Vendredi 30\u00a0mai 2025, la police municipale de <a href=\"https:\/\/actu.fr\/grand-est\/nancy_54395\" target=\"_blank\" rel=\"noopener\">Nancy<\/a> a \u00e9t\u00e9 alert\u00e9e en raison d\u2019un v\u00e9hicule effectuant un <a href=\"https:\/\/actu.fr\/tag\/rodeos-urbains\" target=\"_blank\" rel=\"noopener\">rod\u00e9o urbain<\/a> sur la voie du <a href=\"https:\/\/actu.fr\/tag\/trolleybus\" target=\"_blank\" rel=\"noopener\">trolleybus<\/a>.<\/p>\n<p class=\" wall-content\">Le conducteur y roulait <strong>\u00ab\u2009\u00e0 vive allure et faisait des d\u00e9rapages\u2009\u00bb<\/strong>, pr\u00e9cise les forces de l\u2019ordre.<\/p>\n<p>Le conducteur prend la fuite \u00e0 l\u2019arriv\u00e9e de la police<\/p>\n<p class=\" wall-content\">\u00c0 l\u2019arriv\u00e9e des policiers, \u00ab<strong>\u2009le v\u00e9hicule a pris la fuite en percutant des v\u00e9hicules<\/strong> et en mettant les pi\u00e9tons en danger\u2009\u00bb.<\/p>\n<p class=\" wall-content\">Malgr\u00e9 ce <a href=\"https:\/\/actu.fr\/tag\/refus-d-obtemperer\" target=\"_blank\" rel=\"noopener\">refus d\u2019obtemp\u00e9rer<\/a>, les agents r\u00e9ussissent \u00e0 stopper la voiture et \u00e0 arr\u00eater le conducteur avant qu\u2019il y ait des bless\u00e9s.<\/p>\n<p class=\" wall-content\">Jug\u00e9 en comparution imm\u00e9diate, il a \u00e9t\u00e9 <strong>condamn\u00e9 \u00e0 18\u00a0mois de prison ferme.<\/strong><\/p>\n<p>Vid\u00e9os : en ce moment sur Actu<\/p>\n<p class=\" wall-content\">Suivez toute l\u2019actualit\u00e9 de vos villes et m\u00e9dias favoris en vous inscrivant \u00e0 <a href=\"https:\/\/moncompte.actu.fr\" title=\"D\u00e9couvez Mon Actu\" rel=\"nofollow noopener\" data-trk=\"{&quot;cta&quot;:{&quot;action&quot;:&quot;https:\\\/\\\/moncompte.actu.fr&quot;,&quot;category&quot;:&quot;mon compte&quot;,&quot;from&quot;:&quot;article footer&quot;,&quot;name&quot;:&quot;Mon actu&quot;,&quot;type&quot;:&quot;cta&quot;}}\" target=\"_blank\">Mon Actu<\/a>.<\/p>\n","protected":false},"excerpt":{"rendered":"Par Paul-Emile Bouchy Publi\u00e9 le 4 juin 2025 \u00e0 15h46 Vendredi 30\u00a0mai 2025, la police municipale de Nancy&hellip;\n","protected":false},"author":2,"featured_media":152724,"comment_status":"","ping_status":"","sticky":false,"template":"","format":"standard","meta":{"footnotes":""},"categories":[9635],"tags":[1111,11,1777,674,118,1011,27,775,1702,12,2852,25,5575,9850],"class_list":{"0":"post-152723","1":"post","2":"type-post","3":"status-publish","4":"format-standard","5":"has-post-thumbnail","7":"category-nancy","8":"tag-actu","9":"tag-actualites","10":"tag-eu","11":"tag-europe","12":"tag-faits-divers","13":"tag-fr","14":"tag-france","15":"tag-grand-est","16":"tag-nancy","17":"tag-news","18":"tag-refus-dobtemperer","19":"tag-republique-francaise","20":"tag-rodeos-urbains","21":"tag-trolleybus"},"share_on_mastodon":{"url":"https:\/\/pubeurope.com\/@fr\/114628020329278367","error":""},"_links":{"self":[{"href":"https:\/\/www.europesays.com\/fr\/wp-json\/wp\/v2\/posts\/152723","targetHints":{"allow":["GET"]}}],"collection":[{"href":"https:\/\/www.europesays.com\/fr\/wp-json\/wp\/v2\/posts"}],"about":[{"href":"https:\/\/www.europesays.com\/fr\/wp-json\/wp\/v2\/types\/post"}],"author":[{"embeddable":true,"href":"https:\/\/www.europesays.com\/fr\/wp-json\/wp\/v2\/users\/2"}],"replies":[{"embeddable":true,"href":"https:\/\/www.europesays.com\/fr\/wp-json\/wp\/v2\/comments?post=152723"}],"version-history":[{"count":0,"href":"https:\/\/www.europesays.com\/fr\/wp-json\/wp\/v2\/posts\/152723\/revisions"}],"wp:featuredmedia":[{"embeddable":true,"href":"https:\/\/www.europesays.com\/fr\/wp-json\/wp\/v2\/media\/152724"}],"wp:attachment":[{"href":"https:\/\/www.europesays.com\/fr\/wp-json\/wp\/v2\/media?parent=152723"}],"wp:term":[{"taxonomy":"category","embeddable":true,"href":"https:\/\/www.europesays.com\/fr\/wp-json\/wp\/v2\/categories?post=152723"},{"taxonomy":"post_tag","embeddable":true,"href":"https:\/\/www.europesays.com\/fr\/wp-json\/wp\/v2\/tags?post=152723"}],"curies":[{"name":"wp","href":"https:\/\/api.w.org\/{rel}","templated":true}]}}