{"id":152727,"date":"2025-06-05T00:53:11","date_gmt":"2025-06-05T00:53:11","guid":{"rendered":"https:\/\/www.europesays.com\/fr\/152727\/"},"modified":"2025-06-05T00:53:11","modified_gmt":"2025-06-05T00:53:11","slug":"la-ville-dollioules-compte-soffrir-un-monument-historique-pour-en-faire-un-espace-culturel-et-public","status":"publish","type":"post","link":"https:\/\/www.europesays.com\/fr\/152727\/","title":{"rendered":"La Ville d&rsquo;Ollioules compte s&rsquo;offrir un monument historique pour en faire un espace culturel et public"},"content":{"rendered":"<p>Au pied des ruines du ch\u00e2teau f\u00e9odal qui surplombe Ollioules se trouve une chapelle. Jusque-l\u00e0 propri\u00e9t\u00e9 de la famille Van Gaver, l\u2019\u00e9difice situ\u00e9 chemin de Sainte-Barbe et le terrain qui l\u2019entoure vont int\u00e9grer le patrimoine communal: lundi soir, le conseil municipal a vot\u00e9 \u00e0 l\u2019unanimit\u00e9 le principe de l\u2019acquisition imminente par la commune de ce lot remarquable avec une vue d\u00e9gag\u00e9e sur le village et l\u2019entr\u00e9e des gorges, d\u2019une surface totale de 7.694m2, pour un montant de 800.000 euros.<\/p>\n<p>\u00ab\u00a0La propri\u00e9t\u00e9 se compose comme suit, a d\u00e9taill\u00e9 la premi\u00e8re adjointe, Christine Del Nero: un b\u00e2timent remarquable (l\u2019ancienne chapelle) de 320m\u00b2 environ, qui doit dater du XIIe si\u00e8cle. L\u2019\u00e9difice semble avoir conserv\u00e9 en grande partie sa forme d\u2019origine. Ce dernier, \u00e0 nef unique, est long de 30m et arrondi \u00e0 la place du ch\u0153ur. Une extension lat\u00e9rale au nord est venue compl\u00e9ter la nef principale. L\u2019ancienne chapelle a conserv\u00e9 ses murs d\u2019origine, sa vo\u00fbte principale et ses fen\u00eatres romanes (\u2026) et a \u00e9t\u00e9 transform\u00e9e en habitation\u00a0\u00bb.<\/p>\n<p>Le couple form\u00e9 par Marthe et Marc Van Gaver y a v\u00e9cu pr\u00e8s de soixante ans. Apr\u00e8s la mort de Monsieur en 2006, Madame y est demeur\u00e9e jusqu\u2019\u00e0 sa mort, en 2022. Ensemble, ils ont eu huit enfants (d\u00e9sormais vendeurs) et une vaste descendance.<\/p>\n<p><strong>Des travaux \u00e0 pr\u00e9voir<\/strong><\/p>\n<p>Dans le grand jardin, \u00ab\u00a0d\u2019importantes terrasses agricoles (restanques) ont \u00e9t\u00e9 mises en place durant les XVIIe et XVIIIe si\u00e8cles tout autour du ch\u00e2teau\u00a0\u00bb, pr\u00e9cise la description. Et \u00ab\u00a0des murs de sout\u00e8nement en pierres s\u00e8ches sont pr\u00e9sents sur l\u2019ensemble de la propri\u00e9t\u00e9\u00a0\u00bb. Si celle-ci semble \u00ab\u00a0en bon \u00e9tat g\u00e9n\u00e9ral\u00a0\u00bb, \u00ab\u00a0de nombreuses traces d\u2019humidit\u00e9 sont pr\u00e9sentes dans le b\u00e2timent; une r\u00e9novation int\u00e9rieure et ext\u00e9rieure est \u00e0 pr\u00e9voir \u00ab\u00a0.<\/p>\n<p>Class\u00e9e en zone naturelle (Nh) et agricole (A) au plan local d\u2019urbanisme, la propri\u00e9t\u00e9 faisait en partie l\u2019objet d\u2019un emplacement r\u00e9serv\u00e9 (ER), \u00e0 des fins de \u00ab\u00a0valorisation de la chapelle du ch\u00e2teau f\u00e9odal\u00a0\u00bb. \u00ab\u00a0Cette acquisition, souligne encore la d\u00e9lib\u00e9ration, permettrait de mettre en \u0153uvre en partie l\u2019ER plac\u00e9 sur cette parcelle\u00a0\u00bb.<\/p>\n<p><strong>Vestige d\u2019un pass\u00e9 m\u00e9di\u00e9val \u00ab\u00a0peu valoris\u00e9\u00a0\u00bb<\/strong><\/p>\n<p>Interrog\u00e9 par l\u2019\u00e9lu d\u2019opposition Christian Bercovici, notamment sur l\u2019usage qui en sera fait, le maire a commenc\u00e9 par le rassurer: \u00ab\u00a0Il n\u2019y aura pas de construction. Mais un terrain aussi important, en haut du village, s\u2019il est bien am\u00e9nag\u00e9 avec une belle oliveraie, une orangeraie, ou les deux\u2026 Et si l\u2019ensemble est ouvert au public, \u00e0 la fa\u00e7on du jardin des Vintimille\u2026 Voil\u00e0 le type d\u2019usage qu\u2019on pourrait en faire.\u00a0\u00bb<\/p>\n<p>\u00ab\u00a0Quant \u00e0 la chapelle, a poursuivi Robert B\u00e9n\u00e9venti, elle n\u00e9cessitera un programme beaucoup plus \u00e9labor\u00e9. Il faudra sans doute faire appel \u00e0 un architecte du patrimoine. Et on verra, en fonction du diagnostic, vers quoi on pourra s\u2019orienter. Mais l\u2019orientation de pr\u00e9servation du patrimoine communal est une \u00e9vidence, avec une dimension culturelle, me para\u00eet \u00eatre int\u00e9ressante.\u00a0\u00bb Et puis, a-t-il encore souffl\u00e9, le pass\u00e9 m\u00e9di\u00e9val d\u2019Ollioules n\u2019\u00e9tant \u00ab\u00a0pas assez mis en valeur\u00a0\u00bb, cette acquisition pourrait repr\u00e9senter \u00ab\u00a0un point de circuit susceptible d\u2019int\u00e9resser les habitants et les visiteurs\u00a0\u00bb.<\/p>\n<p>L\u2019adjoint au patrimoine, Didier Martina-Fieschi, a compl\u00e9t\u00e9: \u00ab\u00a0L\u2019ensemble des parcelles qui composent la propri\u00e9t\u00e9 est ceintur\u00e9 par des remparts. C\u2019est un espace consid\u00e9r\u00e9 comme une r\u00e9serve arch\u00e9ologique importante, que nous mettons l\u00e0 \u00e0 l\u2019abri d\u2019\u00e9ventuels promoteurs, en prot\u00e9geant ces vestiges. \u00ab\u00a0<\/p>\n<p>              <img ci-src=\"https:\/\/www.varmatin.com\/vie-locale\/protec\/DATA_ART_15646655-KPAfTkVe.jpg?vh=1b6fa8&amp;ci_seal=7b4988676e\" alt=\"\"\/><\/p>\n<p>            Probl\u00e8mes au centre de loisirs : \u00ab C\u2019est r\u00e9gl\u00e9 \u00bb<\/p>\n<p>La s\u00e9ance du conseil s\u2019est passablement allong\u00e9e suite \u00e0 la question orale pos\u00e9e par l\u2019\u00e9lue d\u2019opposition Claudie Cartereau-Zunino. Avec son colistier, elle a expliqu\u00e9 avoir \u00e9t\u00e9 \u00ab alert\u00e9e par des parents d\u2019enfants qui fr\u00e9quentent le centre de loisirs Lei Platano, g\u00e9r\u00e9 en d\u00e9l\u00e9gation de service public (DSP) par la Fol 83 \u00bb au sujet de \u00ab dysfonctionnements tels qu\u2019un enfant oubli\u00e9 au parc de la Castellane, des enfants malmen\u00e9s, qui pleurent, qui n\u2019auraient pu participer aux activit\u00e9s\u2026 Ils nous ont aussi rapport\u00e9, \u00e0 la suite d\u2019un probl\u00e8me, une intervention de la brigade des m\u0153urs, en novembre 2024 \u00bb, indiquant toutefois que \u00ab la personne incrimin\u00e9e n\u2019y travaille plus \u00bb. \u00ab Que r\u00e9pondez-vous, M. le maire, aux parents qui n\u2019ont plus confiance ? \u00bb, a interrog\u00e9 l\u2019\u00e9lue.<\/p>\n<p><strong>Le maire temp\u00e8re et rassure<\/strong><\/p>\n<p>\u00ab Je n\u2019ignore rien de tout cela, a r\u00e9agi Robert B\u00e9n\u00e9venti, mais je ne voudrais pas, sur la base de quelques incidents qui ont \u00e9t\u00e9 rapidement r\u00e9gl\u00e9s, qu\u2019on jette l\u2019opprobre sur un centre qui fonctionne tr\u00e8s bien, et qui est tr\u00e8s appr\u00e9ci\u00e9. \u00bb Il a \u00e9galement indiqu\u00e9 avoir re\u00e7u des parents, avec des cadres de la Fol, \u00e0 la suite de ces divers incidents.<br \/>&#13;<br \/>\nAu sujet du plus inqui\u00e9tant fait rapport\u00e9, il a indiqu\u00e9 que \u00ab la personne qui avait eu un comportement inadmissible, sur une seule journ\u00e9e, a en effet \u00e9t\u00e9 non seulement licenci\u00e9e, mais aussi poursuivie \u00bb, apr\u00e8s qu\u2019une plainte a \u00e9t\u00e9 d\u00e9pos\u00e9e.<br \/>&#13;<br \/>\nLe maire a assur\u00e9 que des contr\u00f4les inopin\u00e9s sont r\u00e9guli\u00e8rement r\u00e9alis\u00e9s, en substance qu\u2019\u00e0 ce jour, tout est rentr\u00e9 dans l\u2019ordre et que les termes de la convention entre la Ville et la Fol sont respect\u00e9s. Mais il a aussi indiqu\u00e9 que la d\u00e9l\u00e9gation de service public arrivant \u00e0 son terme \u00e0 la fin de l\u2019ann\u00e9e, un nouvel appel \u00e0 candidatures allait \u00eatre lanc\u00e9, avec un cahier des charges de la Ville plus exigeant, en termes d\u2019encadrement notamment, sans doute.<\/p>\n","protected":false},"excerpt":{"rendered":"Au pied des ruines du ch\u00e2teau f\u00e9odal qui surplombe Ollioules se trouve une chapelle. Jusque-l\u00e0 propri\u00e9t\u00e9 de la&hellip;\n","protected":false},"author":2,"featured_media":152728,"comment_status":"","ping_status":"","sticky":false,"template":"","format":"standard","meta":{"footnotes":""},"categories":[9619],"tags":[1111,11,1777,674,1011,27,12,316,882,4020,25,2310,3366],"class_list":{"0":"post-152727","1":"post","2":"type-post","3":"status-publish","4":"format-standard","5":"has-post-thumbnail","7":"category-toulon","8":"tag-actu","9":"tag-actualites","10":"tag-eu","11":"tag-europe","12":"tag-fr","13":"tag-france","14":"tag-news","15":"tag-politique","16":"tag-provence-alpes-cote-dazur","17":"tag-religion","18":"tag-republique-francaise","19":"tag-toulon","20":"tag-vie-locale"},"share_on_mastodon":{"url":"https:\/\/pubeurope.com\/@fr\/114628028251246245","error":""},"_links":{"self":[{"href":"https:\/\/www.europesays.com\/fr\/wp-json\/wp\/v2\/posts\/152727","targetHints":{"allow":["GET"]}}],"collection":[{"href":"https:\/\/www.europesays.com\/fr\/wp-json\/wp\/v2\/posts"}],"about":[{"href":"https:\/\/www.europesays.com\/fr\/wp-json\/wp\/v2\/types\/post"}],"author":[{"embeddable":true,"href":"https:\/\/www.europesays.com\/fr\/wp-json\/wp\/v2\/users\/2"}],"replies":[{"embeddable":true,"href":"https:\/\/www.europesays.com\/fr\/wp-json\/wp\/v2\/comments?post=152727"}],"version-history":[{"count":0,"href":"https:\/\/www.europesays.com\/fr\/wp-json\/wp\/v2\/posts\/152727\/revisions"}],"wp:featuredmedia":[{"embeddable":true,"href":"https:\/\/www.europesays.com\/fr\/wp-json\/wp\/v2\/media\/152728"}],"wp:attachment":[{"href":"https:\/\/www.europesays.com\/fr\/wp-json\/wp\/v2\/media?parent=152727"}],"wp:term":[{"taxonomy":"category","embeddable":true,"href":"https:\/\/www.europesays.com\/fr\/wp-json\/wp\/v2\/categories?post=152727"},{"taxonomy":"post_tag","embeddable":true,"href":"https:\/\/www.europesays.com\/fr\/wp-json\/wp\/v2\/tags?post=152727"}],"curies":[{"name":"wp","href":"https:\/\/api.w.org\/{rel}","templated":true}]}}