{"id":152739,"date":"2025-06-05T01:02:44","date_gmt":"2025-06-05T01:02:44","guid":{"rendered":"https:\/\/www.europesays.com\/fr\/152739\/"},"modified":"2025-06-05T01:02:44","modified_gmt":"2025-06-05T01:02:44","slug":"confondu-par-une-video-un-policier-condamne-pour-des-violences-en-manifestation-2","status":"publish","type":"post","link":"https:\/\/www.europesays.com\/fr\/152739\/","title":{"rendered":"Confondu par une vid\u00e9o, un policier condamn\u00e9 pour des violences en manifestation"},"content":{"rendered":"<p>Les images ont parl\u00e9. Tourn\u00e9es en mars\u00a02023 en marge d\u2019une manifestation contre la <a href=\"https:\/\/www.20minutes.fr\/dossier\/reforme_des_retraites\" class=\"color-ultramarine c-link\" rel=\"nofollow noopener\" target=\"_blank\">r\u00e9forme des retraites<\/a>, elles montrent les violences commises par un policier sur deux manifestants. La sc\u00e8ne se passe aux abords de l\u2019ancien cin\u00e9ma L\u2019Arvor, que des opposants \u00e0 la r\u00e9forme <a href=\"https:\/\/www.20minutes.fr\/societe\/4027482-20230312-reforme-retraites-rennes-ancien-cinema-occupe-opposants\" class=\"color-ultramarine c-link\" rel=\"nofollow noopener\" target=\"_blank\">avaient occup\u00e9 en marge de leur mouvement de protestation<\/a>. Confondu sur la vid\u00e9o, le policier a \u00e9t\u00e9 condamn\u00e9 \u00e0 cinq mois de prison avec sursis par le tribunal correctionnel de Rennes mardi. Le parquet avait requis six mois de prison avec sursis.<\/p>\n<p>L\u2019intervention s\u2019\u00e9tait d\u00e9roul\u00e9e en marge de l\u2019occupation de l\u2019ancien cin\u00e9ma d\u00e9saffect\u00e9, o\u00f9 une cinquantaine de personnes s\u2019\u00e9taient enferm\u00e9es. Une mission de maintien de l\u2019ordre compliqu\u00e9e, <a href=\"https:\/\/www.20minutes.fr\/societe\/reforme_des_retraites\/4029368-20230323-greve-23-mars-rennes-maire-appelle-emmanuel-macron-sortir-spirale\" class=\"color-ultramarine c-link\" rel=\"nofollow noopener\" target=\"_blank\">dans une situation tendue<\/a>. A plusieurs reprises, <a href=\"https:\/\/www.20minutes.fr\/societe\/reforme_des_retraites\/4028337-20230317-reforme-retraites-desolant-stupeur-rennes-apres-saccage-ville-casseurs\" class=\"color-ultramarine c-link\" rel=\"nofollow noopener\" target=\"_blank\">des commerces avaient \u00e9t\u00e9 saccag\u00e9s et pill\u00e9s<\/a> et de nombreux b\u00e2timents d\u00e9grad\u00e9s par des manifestants. Vers 19h30, deux hommes \u00e2g\u00e9s aujourd\u2019hui de 35 ans et membres des syndicats \u00c9ducation et Sud Collectivit\u00e9s territoriales, avaient subi des violences par un policier.<\/p>\n<\/p>\n<p>L\u2019un des deux hommes a eu un bras cass\u00e9 \u00e0 la suite d\u2019un coup de tonfa (une matraque \u00e0 poign\u00e9e) avec une ITT de 45 jours tandis que le second a subi diverses contusions valant deux jours d\u2019ITT. Mes clients \u00ab\u00a0n\u2019ont eu aucun geste violent ni aucune agressivit\u00e9 envers les policiers. La multiplicit\u00e9 des coups et leur violence, et m\u00eame leur localisation, a \u00e9t\u00e9 consid\u00e9r\u00e9e par le tribunal comme \u00e9tant tout \u00e0 fait excessives\u00a0\u00bb, a rappel\u00e9 Me Olivier Pacheu, avocat des plaignants.<\/p>\n<p><img decoding=\"async\" alt=\"L'ancien cin\u00e9ma Arvor avait \u00e9t\u00e9 occup\u00e9 par des opposants \u00e0 la r\u00e9forme des retraites en 2023 \u00e0 Rennes.\" class=\"c-img\" loading=\"lazy\" fetchpriority=\"auto\" width=\"718\"  src=\"https:\/\/www.europesays.com\/fr\/wp-content\/uploads\/2025\/06\/1749085364_96_718x0.jpeg; charset=utf-8\" \/>L&rsquo;ancien cin\u00e9ma Arvor avait \u00e9t\u00e9 occup\u00e9 par des opposants \u00e0 la r\u00e9forme des retraites en 2023 \u00e0 Rennes.\u2002-\u00a0C. Allain\/20 Minutes<\/p>\n<p>Interrog\u00e9 \u00e0 la sortie d\u2019audience, l\u2019avocat du policier, Me Thierry Fillion, n\u2019a pas souhait\u00e9 commenter la d\u00e9cision du tribunal, pr\u00e9cisant seulement qu\u2019il \u00ab\u00a0envisageait la possibilit\u00e9 de faire appel\u00a0\u00bb.<\/p>\n","protected":false},"excerpt":{"rendered":"Les images ont parl\u00e9. Tourn\u00e9es en mars\u00a02023 en marge d\u2019une manifestation contre la r\u00e9forme des retraites, elles montrent&hellip;\n","protected":false},"author":2,"featured_media":152740,"comment_status":"","ping_status":"","sticky":false,"template":"","format":"standard","meta":{"footnotes":""},"categories":[2821],"tags":[1111,47,11,16995,829,3733,1777,674,1011,27,848,303,1272,12,10910,2694,1268,584,25,3693,809,7374],"class_list":{"0":"post-152739","1":"post","2":"type-post","3":"status-publish","4":"format-standard","5":"has-post-thumbnail","7":"category-rennes","8":"tag-actu","9":"tag-actualite","10":"tag-actualites","11":"tag-black-blocs","12":"tag-bretagne","13":"tag-casseurs","14":"tag-eu","15":"tag-europe","16":"tag-fr","17":"tag-france","18":"tag-ille-et-vilaine","19":"tag-justice","20":"tag-manifestations","21":"tag-news","22":"tag-policier","23":"tag-proces","24":"tag-reforme-des-retraites-2023","25":"tag-rennes","26":"tag-republique-francaise","27":"tag-tribunal","28":"tag-violence","29":"tag-violences-policieres"},"share_on_mastodon":{"url":"https:\/\/pubeurope.com\/@fr\/114628063651815909","error":""},"_links":{"self":[{"href":"https:\/\/www.europesays.com\/fr\/wp-json\/wp\/v2\/posts\/152739","targetHints":{"allow":["GET"]}}],"collection":[{"href":"https:\/\/www.europesays.com\/fr\/wp-json\/wp\/v2\/posts"}],"about":[{"href":"https:\/\/www.europesays.com\/fr\/wp-json\/wp\/v2\/types\/post"}],"author":[{"embeddable":true,"href":"https:\/\/www.europesays.com\/fr\/wp-json\/wp\/v2\/users\/2"}],"replies":[{"embeddable":true,"href":"https:\/\/www.europesays.com\/fr\/wp-json\/wp\/v2\/comments?post=152739"}],"version-history":[{"count":0,"href":"https:\/\/www.europesays.com\/fr\/wp-json\/wp\/v2\/posts\/152739\/revisions"}],"wp:featuredmedia":[{"embeddable":true,"href":"https:\/\/www.europesays.com\/fr\/wp-json\/wp\/v2\/media\/152740"}],"wp:attachment":[{"href":"https:\/\/www.europesays.com\/fr\/wp-json\/wp\/v2\/media?parent=152739"}],"wp:term":[{"taxonomy":"category","embeddable":true,"href":"https:\/\/www.europesays.com\/fr\/wp-json\/wp\/v2\/categories?post=152739"},{"taxonomy":"post_tag","embeddable":true,"href":"https:\/\/www.europesays.com\/fr\/wp-json\/wp\/v2\/tags?post=152739"}],"curies":[{"name":"wp","href":"https:\/\/api.w.org\/{rel}","templated":true}]}}