{"id":152742,"date":"2025-06-05T01:04:28","date_gmt":"2025-06-05T01:04:28","guid":{"rendered":"https:\/\/www.europesays.com\/fr\/152742\/"},"modified":"2025-06-05T01:04:28","modified_gmt":"2025-06-05T01:04:28","slug":"brice-et-maxence-a-ladidas-eurocamp","status":"publish","type":"post","link":"https:\/\/www.europesays.com\/fr\/152742\/","title":{"rendered":"Brice et Maxence \u00e0 l&rsquo;Adidas Eurocamp"},"content":{"rendered":"<p class=\"chapo\">Apr\u00e8s une saison riche du c\u00f4t\u00e9 de la SIG Strasbourg, nos deux SIGmen, Brice Dessert et Maxence Lemoine ont particip\u00e9 \u00e0 l\u2019EuroCamp de Tr\u00e9vise.<\/p>\n<p>Comme chaque ann\u00e9e, l\u2019Adidas EuroCamp rassemble de nombreux jeunes prospects \u00e0 Tr\u00e9vise, offrant \u00e0 de potentiels talents internationaux l\u2019occasion de se mettre en valeur devant des scouts, des agents, et m\u00eame des joueurs NBA. \u00c2g\u00e9s de 16 \u00e0 22 ans, 84 joueurs ont \u00e9t\u00e9 convi\u00e9s pour l\u2019\u00e9dition 2025, qui s\u2019est tenue du 31 mai au 2 juin.<br \/>\nLors de cette comp\u00e9tition, Brice Dessert faisait partie de l\u2019effectif \u00ab EUROCAMP 2 \u00bb tandis que Maxence LEMOINE jouait avec l\u2019\u00e9quipe des \u00ab NEXT GEN \u00bb. Les deux \u00e9quipes ont jou\u00e9 3 matchs lors de ce camp : deux matchs samedi 31, et un lundi pour notre int\u00e9rieur, et un par jour pour notre p\u00e9pite.<br \/>\nMaxence LEMOINE a pu se montrer sur ce week-end, avec pr\u00e8s de 10 points et 6,7 passes d\u00e9cisives pour 9,7 d\u2019\u00e9valuation de moyenne. Il aura d\u2019ailleurs eu l\u2019occasion de d\u00e9livrer 11 caviars lors de la victoire de son \u00e9quipe contre \u00ab TEAM WORLD \u00bb.<br \/>\nDe son c\u00f4t\u00e9, Brice DESSERT a remport\u00e9 deux de ses trois matchs. Avec, en moyenne, 8 points et 7 rebonds pour 9,3 d\u2019\u00e9valuation, notre SIGman a m\u00eame \u00e9t\u00e9 meilleur marqueur de son \u00e9quipe lors de leur victoire contre \u00ab TEAM WORLD \u00bb en inscrivant 16 points pour 19 d\u2019\u00e9valuation.<br \/>\nLa SIG Strasbourg se r\u00e9jouit de la r\u00e9ussite de nos jeunes joueurs. Depuis de nombreuses ann\u00e9es, notre club a pour ambition de propulser les futurs grands noms de notre sport le plus haut possible. La participation de nos deux SIGmen, Brice et Maxence, t\u00e9moigne de cette r\u00e9ussite.<\/p>\n<p class=\"text-align-justify\">\u00a0<\/p>\n<p class=\"text-align-justify\">\u00a0<\/p>\n","protected":false},"excerpt":{"rendered":"Apr\u00e8s une saison riche du c\u00f4t\u00e9 de la SIG Strasbourg, nos deux SIGmen, Brice Dessert et Maxence Lemoine&hellip;\n","protected":false},"author":2,"featured_media":152743,"comment_status":"","ping_status":"","sticky":false,"template":"","format":"standard","meta":{"footnotes":""},"categories":[2820],"tags":[1111,11,3146,1777,674,1011,27,775,3145,12,25,3144,640],"class_list":{"0":"post-152742","1":"post","2":"type-post","3":"status-publish","4":"format-standard","5":"has-post-thumbnail","7":"category-strasbourg","8":"tag-actu","9":"tag-actualites","10":"tag-betclic-elite","11":"tag-eu","12":"tag-europe","13":"tag-fr","14":"tag-france","15":"tag-grand-est","16":"tag-lnb","17":"tag-news","18":"tag-republique-francaise","19":"tag-sig","20":"tag-strasbourg"},"share_on_mastodon":{"url":"https:\/\/pubeurope.com\/@fr\/114628071682071179","error":""},"_links":{"self":[{"href":"https:\/\/www.europesays.com\/fr\/wp-json\/wp\/v2\/posts\/152742","targetHints":{"allow":["GET"]}}],"collection":[{"href":"https:\/\/www.europesays.com\/fr\/wp-json\/wp\/v2\/posts"}],"about":[{"href":"https:\/\/www.europesays.com\/fr\/wp-json\/wp\/v2\/types\/post"}],"author":[{"embeddable":true,"href":"https:\/\/www.europesays.com\/fr\/wp-json\/wp\/v2\/users\/2"}],"replies":[{"embeddable":true,"href":"https:\/\/www.europesays.com\/fr\/wp-json\/wp\/v2\/comments?post=152742"}],"version-history":[{"count":0,"href":"https:\/\/www.europesays.com\/fr\/wp-json\/wp\/v2\/posts\/152742\/revisions"}],"wp:featuredmedia":[{"embeddable":true,"href":"https:\/\/www.europesays.com\/fr\/wp-json\/wp\/v2\/media\/152743"}],"wp:attachment":[{"href":"https:\/\/www.europesays.com\/fr\/wp-json\/wp\/v2\/media?parent=152742"}],"wp:term":[{"taxonomy":"category","embeddable":true,"href":"https:\/\/www.europesays.com\/fr\/wp-json\/wp\/v2\/categories?post=152742"},{"taxonomy":"post_tag","embeddable":true,"href":"https:\/\/www.europesays.com\/fr\/wp-json\/wp\/v2\/tags?post=152742"}],"curies":[{"name":"wp","href":"https:\/\/api.w.org\/{rel}","templated":true}]}}